{"id":1338,"date":"2020-11-04T18:21:54","date_gmt":"2020-11-04T15:21:54","guid":{"rendered":"http:\/\/mersinekonomipolitikagazetesi.com\/?p=1338"},"modified":"2020-11-04T18:21:54","modified_gmt":"2020-11-04T15:21:54","slug":"18-ulkeden-35-ormanci-mersinde-yangin-tatbikati-yapti","status":"publish","type":"post","link":"https:\/\/akdenizolaygazetesi.com\/?p=1338","title":{"rendered":"18 \u00fclkeden 35 ormanc\u0131 Mersin&#8217;de yang\u0131n tatbikat\u0131 yapt\u0131"},"content":{"rendered":"<p>Mersin Orman B\u00f6lge M\u00fcd\u00fcrl\u00fc\u011f\u00fc 2017 y\u0131l\u0131 yang\u0131nla m\u00fccadele sezonunun ilk tatbikat\u0131n\u0131 Erdemli il\u00e7esinde 18 \u00fclkeden 35 orman m\u00fchendisinin kat\u0131l\u0131m\u0131yla ger\u00e7ekle\u015ftirdi. Kat\u0131l\u0131mc\u0131lar genellikle tatbikatlar\u0131n di\u011fer \u00fclkelerde kendilerine foto\u011fraflarla anlat\u0131ld\u0131\u011f\u0131n\u0131 belirterek, konuyu canl\u0131 olarak izleten T\u00fcrk ormanc\u0131lara te\u015fekk\u00fcr etti.<\/p>\n<p>Orman ve Su \u0130\u015fleri Bakanl\u0131\u011f\u0131 ile T\u00fcrk \u0130\u015f Birli\u011fi ve Koordinasyon Ajans\u0131 Ba\u015fkanl\u0131\u011f\u0131 (T\u0130KA) taraf\u0131ndan ortakla\u015fa y\u00fcr\u00fct\u00fclen Birle\u015fmi\u015f Milletler \u00c7\u00f6lle\u015fme ile M\u00fccadelesi S\u00f6zle\u015fmesi (UNCCD) Sekreteryas\u0131 taraf\u0131ndan da desteklenen proje kapsam\u0131nda, 18 \u00fclkeden 35 ormanc\u0131 Mersin&#8217;deki ormanc\u0131l\u0131k faaliyetlerini yerinde inceledi. \u0130nceleme sonunda da Erdemli Orman \u0130\u015fletme M\u00fcd\u00fcrl\u00fc\u011f\u00fc taraf\u0131ndan yang\u0131n tatbikat\u0131 ger\u00e7ekle\u015ftirildi. Senaryo gere\u011fi Alata Ormanlar\u0131&#8217;nda \u00e7\u0131kan yang\u0131na araz\u00f6zler ile m\u00fcdahale edildi.<br \/>\nKat\u0131l\u0131mc\u0131lardan baz\u0131lara ilk kez e\u011fitime geldikleri bir \u00fclkede canl\u0131 olarak kendileri i\u00e7in bir tatbikat ger\u00e7ekle\u015ftirildi\u011fini belirtti.<br \/>\nTatbikat sonunda bir a\u00e7\u0131klama yapan Orman ve Su \u0130\u015fleri Bakanl\u0131\u011f\u0131 \u00c7\u00f6lle\u015fme Erezyonla M\u00fccadele Genel M\u00fcd\u00fcr\u00fc Hanifi Avc\u0131, &#8220;\u00c7\u00f6lle\u015fme ile m\u00fccadele konusunda Konya ve Mersin uluslararas\u0131 manada T\u00fcrkiye&#8217;nin e\u011fitim merkezi olarak kabul edildi. \u015euan bizimle birlikte e\u011fitime kat\u0131lan 18 \u00fclke var. \u00d6n\u00fcm\u00fczdeki temmuz-a\u011fustos aylar\u0131nda yine bir e\u011fitim faaliyeti var. O da Afrika \u00fclkelerine y\u00f6nelik. O zaman 44 \u00fclke gelecek&#8221; dedi.<br \/>\nAvc\u0131, &#8220;T\u00fcrkiye \u015fuanda bilindi\u011fi gibi \u00c7\u00f6lle\u015fmeyle M\u00fccadele S\u00f6zle\u015fmesi&#8217;nin d\u00f6nem ba\u015fkanl\u0131\u011f\u0131n\u0131 y\u00fcr\u00fct\u00fcyor. Bunda bir sorumlulu\u011fumuz var. Bunlar g\u00f6n\u00fcl co\u011frafyam\u0131zda olan \u00fclkelerdir, bizim. Bunlar\u0131nda bizden beklentileri var. Hem tarihi sorumluluk, hem sosyal sorumluluk, hemde tarihi misyonumuz dolay\u0131s\u0131yla bu \u00fclkelere bir \u015feyler g\u00f6stermemiz gerekiyor. Sadece T\u00fcrkiye de\u011fil, &#8216;\u00e7\u00f6lle\u015fmeyle m\u00fccadelede hatt\u0131 m\u00fcdafaa yoktur sath\u0131 m\u00fcdafaa vard\u0131r, bu sat\u0131h b\u00fct\u00fcn d\u00fcnyad\u0131r&#8217; prensibi ile \u00e7al\u0131\u015f\u0131yoruz&#8221; dedi.<br \/>\nMersin Orman B\u00f6lge M\u00fcd\u00fcr vekili Yal\u00e7\u0131n Ak\u0131n ise &#8220;Yang\u0131nla m\u00fccadelede ilk tatbikat\u0131m\u0131z\u0131 Erdemli&#8217;de ger\u00e7ekle\u015ftirdik. Ekiplerimizle, personelimizle, ara\u00e7 gere\u00e7lerimizle yang\u0131nlara m\u00fcdahaleye haz\u0131r\u0131z. Yang\u0131ns\u0131z bir sezon diliyoruz, kazas\u0131z belas\u0131z. Halk\u0131m\u0131z\u0131n yang\u0131nlara kar\u015f\u0131 duyarl\u0131 olmas\u0131n\u0131 istiyoruz. Bir yerde bir duman g\u00f6rd\u00fcklerinde mutlaka orman yang\u0131n hatt\u0131n\u0131 aramalar\u0131n\u0131 ve yang\u0131n\u0131 ihbar etmelerini istiyoruz. Mersin Orman B\u00f6lge M\u00fcd\u00fcrl\u00fc\u011f\u00fc olarak bin 500 personelimiz ve yer ekiplerimizle yang\u0131nla m\u00fccadeleye haz\u0131r\u0131z&#8221; diye konu\u015ftu.<br \/>\nE\u011fitime Arnavutluktan kat\u0131lan orman m\u00fchendisi Shpresa Harasani, &#8220;B\u00f6yle bir tatbikat\u0131 canl\u0131 olarak izlemek \u00e7ok zevkliydi. Bu uluslararas\u0131 e\u011fitimden umdu\u011fumun en iyisini alarak ayr\u0131l\u0131yorum. Burada \u00f6\u011frendiklerimizi \u00fclkemizde uygulayaca\u011f\u0131z&#8221; dedi.<br \/>\nE\u011fitime Kosovadan kat\u0131lan Ferim Gash\u0131 da, Avrupa orman yang\u0131nlar\u0131 bilgi sistemi \u00fcyesi oldu\u011funu belirterek, &#8220;Sizin \u00fclkenizde bu birli\u011fe \u00fcye. B\u00fcr\u00fcksel&#8217;deki ekipler sizin yang\u0131n s\u00f6nd\u00fcrmede uygulad\u0131klar\u0131n\u0131z\u0131 \u00f6rnek olarak g\u00f6steriyor. Bunu \u00f6\u011frendim ama bunu canl\u0131 olarak burada g\u00f6rmek daha \u00f6nemliydi&#8221; diye konu\u015ftu.<br \/>\nE\u011fitime Pakistan&#8217;dan kat\u0131lan Ather Mahmood S. Khagga ise , &#8220;Organizasyonu ve disiplini g\u00f6rd\u00fc\u011f\u00fcmde orman m\u00fcd\u00fcrl\u00fc\u011f\u00fc ad\u0131na \u00e7ok sevindim. tatbikat\u0131 resimlerle de\u011fil kendi g\u00f6zlerimizle g\u00f6rd\u00fck. T\u00fcrkiye i\u00e7in \u00e7ok iyi, b\u00fct\u00fcn \u00e7al\u0131\u015fanlar \u00e7ok g\u00fc\u00e7l\u00fc bir ekip&#8221; \u015feklinde konu\u015ftu.<br \/>\nYang\u0131n tatbikat\u0131n\u0131 Orman ve Su \u0130\u015fleri Bakanl\u0131\u011f\u0131 \u00c7\u00f6lle\u015fme Erezyonla M\u00fccadele Genel M\u00fcd\u00fcr\u00fc Hanifi Avc\u0131, Genel M\u00fcd\u00fcr Yard\u0131mc\u0131s\u0131 Mustafa G\u00f6z\u00fckara, Mersin Orman B\u00f6lge M\u00fcd\u00fcr vekili Yal\u00e7\u0131n Ak\u0131n, Erdemli Orman \u0130letme M\u00fcd\u00fcr\u00fc \u0130smail \u00c7elik ve 18 \u00fclkeden 35 ormanc\u0131 takip etti.<\/p>\n","protected":false},"excerpt":{"rendered":"<p>Mersin Orman B\u00f6lge M\u00fcd\u00fcrl\u00fc\u011f\u00fc 2017 y\u0131l\u0131 yang\u0131nla m\u00fccadele sezonunun ilk tatbikat\u0131n\u0131 Erdemli il\u00e7esinde 18 \u00fclkeden 35 orman m\u00fchendisinin kat\u0131l\u0131m\u0131yla ger\u00e7ekle\u015ftirdi. Kat\u0131l\u0131mc\u0131lar genellikle tatbikatlar\u0131n di\u011fer \u00fclkelerde kendilerine foto\u011fraflarla anlat\u0131ld\u0131\u011f\u0131n\u0131 belirterek, konuyu &hellip; <a href=\"https:\/\/akdenizolaygazetesi.com\/?p=1338\" class=\"more-link\">Devam\u0131n\u0131 Oku&#8230;<\/a><\/p>\n","protected":false},"author":1,"featured_media":0,"comment_status":"open","ping_status":"open","sticky":false,"template":"","format":"standard","meta":[],"categories":[],"tags":[],"_links":{"self":[{"href":"https:\/\/akdenizolaygazetesi.com\/index.php?rest_route=\/wp\/v2\/posts\/1338"}],"collection":[{"href":"https:\/\/akdenizolaygazetesi.com\/index.php?rest_route=\/wp\/v2\/posts"}],"about":[{"href":"https:\/\/akdenizolaygazetesi.com\/index.php?rest_route=\/wp\/v2\/types\/post"}],"author":[{"embeddable":true,"href":"https:\/\/akdenizolaygazetesi.com\/index.php?rest_route=\/wp\/v2\/users\/1"}],"replies":[{"embeddable":true,"href":"https:\/\/akdenizolaygazetesi.com\/index.php?rest_route=%2Fwp%2Fv2%2Fcomments&post=1338"}],"version-history":[{"count":0,"href":"https:\/\/akdenizolaygazetesi.com\/index.php?rest_route=\/wp\/v2\/posts\/1338\/revisions"}],"wp:attachment":[{"href":"https:\/\/akdenizolaygazetesi.com\/index.php?rest_route=%2Fwp%2Fv2%2Fmedia&parent=1338"}],"wp:term":[{"taxonomy":"category","embeddable":true,"href":"https:\/\/akdenizolaygazetesi.com\/index.php?rest_route=%2Fwp%2Fv2%2Fcategories&post=1338"},{"taxonomy":"post_tag","embeddable":true,"href":"https:\/\/akdenizolaygazetesi.com\/index.php?rest_route=%2Fwp%2Fv2%2Ftags&post=1338"}],"curies":[{"name":"wp","href":"https:\/\/api.w.org\/{rel}","templated":true}]}}