{"id":13382,"date":"2021-07-19T16:56:40","date_gmt":"2021-07-19T13:56:40","guid":{"rendered":"http:\/\/akdenizolaygazetesi.com\/?p=13382"},"modified":"2021-07-19T16:56:40","modified_gmt":"2021-07-19T13:56:40","slug":"secer-bayram-boyunca-sahada-olacagim-bolgeleri-yaylalari-gezecegim","status":"publish","type":"post","link":"https:\/\/akdenizolaygazetesi.com\/?p=13382","title":{"rendered":"SE\u00c7ER: \u201cBAYRAM BOYUNCA SAHADA OLACA\u011eIM; B\u00d6LGELER\u0130, YAYLALARI GEZECE\u011e\u0130M\u201d"},"content":{"rendered":"<p>Mersin B\u00fcy\u00fck\u015fehir Belediye Ba\u015fkan\u0131 Vahap Se\u00e7er, Kurban Bayram\u0131 \u00f6ncesinde Silifke\u2019de vatanda\u015flarla bir araya geldi. Silifke il\u00e7esinin G\u00f6kbelen, Pelitp\u0131nar\u0131, Nuru, Senir, \u0130mambekirli, Karg\u0131cak ve De\u011firmendere Mahallelerini gezen Se\u00e7er, vatanda\u015flar\u0131n sorun ve taleplerini dinleyerek \u201c\u0130yi bayramlar\u201d diledi.<\/p>\n<p>\u201cHerkes dikkat ederse, bizim de ald\u0131\u011f\u0131m\u0131z \u00f6nlemlerle beraber g\u00fczel bir tatil s\u00fcreci ya\u015far\u0131z\u201d<\/p>\n<p>B\u00fcrokratlar\u0131 ile birlikte 7 k\u0131rsal mahallede vatanda\u015flarla bir araya gelen Se\u00e7er, talep ve sorunlar\u0131 tek tek dinleyip, \u00e7\u00f6z\u00fcm noktas\u0131nda bilgiler sundu. Gitti\u011fi t\u00fcm mahallelerde \u00e7ok say\u0131da vatanda\u015f taraf\u0131ndan ilgiyle kar\u015f\u0131lanan Ba\u015fkan Se\u00e7er, ziyaretlerine G\u00f6kbelen Mahallesi\u2019nden ba\u015flad\u0131. Ba\u015fkan Se\u00e7er, iyi ve do\u011fru i\u015fler yapmak i\u00e7in vatanda\u015flar\u0131n taleplerini dinlemek gerekti\u011fini ve bunun i\u00e7in sahada olman\u0131n bir zorunluluk oldu\u011funu ifade etti. Yaz aylar\u0131nda yaylal\u0131k b\u00f6lgelerin n\u00fcfus yo\u011funlu\u011funun artt\u0131\u011f\u0131n\u0131 ifade eden Se\u00e7er, bu b\u00f6lgelerin d\u00f6nemsel \u015fikayetlerini de dinlemek istediklerini belirterek, \u015funlar\u0131 s\u00f6yledi:<\/p>\n<p>\u201cBayramda Mersin\u2019in, yo\u011fun bir n\u00fcfusun ak\u0131n edece\u011fi bir kent h\u00fcviyetinde oldu\u011funu d\u00fc\u015f\u00fcn\u00fcrsek, bizim a\u00e7\u0131m\u0131zdan, belediyecilik a\u00e7\u0131s\u0131ndan da sorunlar\u0131n ya\u015fanabilece\u011fi bir s\u00fcre\u00e7 olacak. Bunun tedbirlerini ald\u0131k belediye olarak. Ba\u015fta su sorunu. Zaten kurakl\u0131k var, su kaynaklar\u0131nda sorun ya\u015f\u0131yoruz. Suyu da kontrols\u00fcz kullanmak bizi daha \u00e7ok s\u0131k\u0131nt\u0131ya sokuyor. Ka\u00e7ak kullan\u0131m \u00e7ok. Ka\u00e7ak kullan\u0131mla beraber bah\u00e7e sulamas\u0131 da yap\u0131l\u0131yor. Kald\u0131 ki MESK\u0130\u2019nin g\u00f6revi sulama suyu temin etmek de\u011fil, kullan\u0131m suyunu, i\u00e7me suyunu vatanda\u015flar\u0131m\u0131za ula\u015ft\u0131rmak. Zaten bu sular\u0131 sulama suyu olarak kullanmak da yasal olarak uygun de\u011fil. Bir m\u00fceyyidesi var. Dolay\u0131s\u0131yla bayram s\u00fcresince buna \u00e7ok dikkat edece\u011fiz. M\u00fcsamaha g\u00f6stermeyece\u011fiz. Buradan da vatanda\u015flar\u0131mla payla\u015fmak istiyorum; ka\u00e7ak ekiplerimiz dola\u015facak. \u00c7\u00fcnk\u00fc suyu ka\u00e7ak kullan\u0131yor, hortumu bah\u00e7eye ba\u011fl\u0131yor. Di\u011fer taraftan kom\u015fusu i\u00e7me suyu bulam\u0131yor. Hakl\u0131 olarak \u015fikayet ediyor. Vatanda\u015flar\u0131m\u0131z\u0131n bunu bilmesi laz\u0131m. Yani suyumuzu \u00e7alanlara engel olmalar\u0131 gerekiyor. Tasarruflu su kullanmalar\u0131 gerekiyor. Suyu bo\u015f yere israf etmemeleri gerekiyor. Herkes dikkat ederse, bizim de ald\u0131\u011f\u0131m\u0131z \u00f6nlemlerle beraber g\u00fczel bir tatil s\u00fcreci ya\u015far\u0131z. Bayram\u0131 g\u00fczel kutlar\u0131z. Bayram tatili zehir olmaz. Buna dikkat etmemiz gerekiyor.\u201d<\/p>\n<p>\u201cBayram boyunca sahada olaca\u011f\u0131m; b\u00f6lgeleri gezece\u011fim, yaylalar\u0131 gezece\u011fim\u201d<\/p>\n<p>\u00c7evre temizli\u011fi konusuna da de\u011finen Ba\u015fkan Se\u00e7er, \u201cMaalesef vatanda\u015flar\u0131m\u0131z da bu konuda gerekli \u00f6zeni g\u00f6stermiyor. Belediye mutlaka temizlik yaps\u0131n, rutin i\u015flerini yerine getirsin, tart\u0131\u015fmas\u0131z kabul\u00fcm\u00fczd\u00fcr. Ba\u015fta evsel at\u0131klar\u0131 toplama sorumlulu\u011fu olan il\u00e7e belediyelerini de buradan bayram s\u00fcresince daha duyarl\u0131 olmaya \u00e7a\u011f\u0131r\u0131yorum. \u00c7\u00fcnk\u00fc bana da ula\u015f\u0131yor. Sahil kirli, \u00e7\u00f6pler toplanm\u0131yor, \u00e7\u00f6pler dolu, belediye ara\u00e7lar\u0131 gelip alm\u0131yor. Bu g\u00f6rev il\u00e7e belediyesine ait, B\u00fcy\u00fck\u015fehir\u2019e ait de\u011fil. Ama biz demiyoruz ki; \u2018bu g\u00f6rev il\u00e7e belediyesine ait, bizi ilgilendirmez, bize ne karde\u015fim, git \u015fikayetini oraya yap.\u2019 \u2018Peki\u2019 diyoruz, \u2018tabii ki biz de yard\u0131mc\u0131 oluruz, belediyemizi uyar\u0131r\u0131z\u2019 Ama \u015fimdi herkes tatil, belediye tatil olmaz. Belediye 24 saat a\u00e7\u0131k olur. O d\u00fcsturla \u00e7al\u0131\u015f\u0131yoruz. Bak\u0131n ben bayram boyunca sahada olaca\u011f\u0131m; b\u00f6lgeleri gezece\u011fim, yaylalar\u0131 gezece\u011fim Tarsus\u2019tan Mersin merkeze kadar. Bug\u00fcn Silifke\u2019deyim. Her b\u00f6lgeye gidece\u011fim. Neden? Vatanda\u015flar\u0131m\u0131z bu s\u00fcreci huzurlu atlats\u0131n diye\u201d dedi.<\/p>\n<p>\u201cEtraf\u0131n kirli olmas\u0131, su birikintileri sineklerin de \u00fcremesini art\u0131r\u0131yor\u201d<\/p>\n<p>\u201cVatanda\u015flar\u0131m\u0131z\u0131 temizlik konusunda daha \u00f6zenli olmaya davet ediyorum\u201d c\u00fcmleleriyle \u00e7a\u011fr\u0131da bulunan Se\u00e7er, devam\u0131nda \u015fu ifadeleri kulland\u0131:<\/p>\n<p>\u201cBen D-400 karayolundan geldim. \u00d6zellikle yo\u011fun yerle\u015fim yerlerinde, trafik \u0131\u015f\u0131klar\u0131n\u0131n oldu\u011fu yerde ref\u00fcjlere bakt\u0131m; bira kutular\u0131, kola kutular\u0131 var, pet \u015fi\u015feler var. Arabas\u0131ndaki b\u00fct\u00fcn sigara izmaritleri dahil po\u015fet i\u00e7erisine doldurmu\u015f, oraya atm\u0131\u015f. Yani el insaf. Bunu derelere at\u0131yorlar, bunlar denize ula\u015f\u0131yor. Orada par\u00e7alan\u0131yor. Mikro plastik \u015fekline ula\u015f\u0131yor, denizler kirleniyor. Ondan sonra m\u00fcsilaj olu\u015fuyor. \u015eimdi kimi \u015fikayet ediyoruz? Vatanda\u015f olarak bunu biz yarat\u0131yoruz. Hani \u015funu hep \u00f6rnek veriyorum; annem bize k\u0131zard\u0131, ben sizin arkan\u0131z\u0131 toplamaktan b\u0131kt\u0131m, siz kirletmekten b\u0131kmad\u0131n\u0131z misali. Elbette arkas\u0131n\u0131 toplayaca\u011f\u0131z vatanda\u015f\u0131m\u0131z\u0131n ama l\u00fctfen daha duyarl\u0131 bir toplum olal\u0131m temizlik konusunda, su konusunda. Bu bayram\u0131 daha g\u00fczel, nezih, temiz bir ortamda, susuz kalmadan ge\u00e7irmek istiyorsak bu kurallara riayet etmek zorunday\u0131z. Belediye olarak da biz teyakkuz halindeyiz. Hem \u0130tfaiye hem Zab\u0131ta hem \u00c7evre Koruma Dairemiz. Biliyorsunuz sinekle m\u00fccadelenin de yo\u011fun oldu\u011fu bir d\u00f6nem. Etraf\u0131n kirli olmas\u0131, su birikintileri sineklerin de \u00fcremesini art\u0131r\u0131yor. MESK\u0130 24 saat yine teyakkuzda. Zaten Teksin arac\u0131l\u0131\u011f\u0131yla, Alo 185 arac\u0131l\u0131\u011f\u0131yla vatanda\u015flar\u0131m\u0131z dileklerini, \u015fikayetlerini, ar\u0131zalar\u0131n\u0131, isteklerini bize bildirebilirler. 24 saat hizmet veriyor Teksininimiz.\u201d<\/p>\n<p>\u201c\u2018Plajlar\u0131n istila edilmesini beraber \u00f6nleyelim\u2019 diyoruz\u201d<\/p>\n<p>Plajlar\u0131n temizli\u011fi konusuna da ayr\u0131ca dikkat \u00e7eken Ba\u015fkan Se\u00e7er, \u201cBiliyorsunuz, k\u0131y\u0131 halk\u0131n. Plajlar halk\u0131n. Baz\u0131 b\u00f6lgeler var Milli Emlak\u2019tan kiralam\u0131\u015f\u0131z. Bizim de var, Susano\u011flu Plaj\u0131, Yaprakl\u0131koy, Kocahasanl\u0131, Kumkuyu var. Baz\u0131 b\u00f6lgelerde plaj i\u015fletmecili\u011fi de yap\u0131yoruz. Oralar\u0131n temizli\u011fi bizden sorulur. \u00c7\u00fcnk\u00fc bedelini \u00f6d\u00fcyoruz, kiralam\u0131\u015f\u0131z, halk\u0131n hizmetine sunuyoruz ya da \u00f6zel baz\u0131 i\u015fletmeciler bunu yap\u0131yor. Ama genelde halk plajlar\u0131 halk\u0131n kullan\u0131m\u0131na a\u00e7\u0131k. Oras\u0131 halk\u0131n. Gelir \u015fezlongunu koyar g\u00fcn\u00fc birlik, havlusunu serer. Ak\u015fam olunca toplar gider. O \u015fezlong i\u015fgalcilerine de f\u0131rsat vermemek laz\u0131m. Biz kaymakaml\u0131\u011fa; \u2018i\u015f birli\u011fi yapal\u0131m\u2019 diyoruz. Kolluk g\u00fc\u00e7leriyle zab\u0131talar\u0131m\u0131z, belediye g\u00f6revlilerimiz ile \u2018Halk\u0131n bu alanlar\u0131n\u0131n istila edilmesini beraber \u00f6nleyelim\u2019 diyoruz\u201d dedi.<\/p>\n<p>Kentin daha temiz olmas\u0131 i\u00e7in durmadan \u00e7al\u0131\u015ft\u0131klar\u0131n\u0131 s\u00f6zlerine ekleyen Ba\u015fkan Se\u00e7er, vatanda\u015flar\u0131 da bu konuda daha bilin\u00e7li olmaya davet etti. Se\u00e7er,  \u201cVatanda\u015flar\u0131m\u0131z\u0131 itinal\u0131 olamaya davet ediyorum. Bak\u0131n 20 noktada 44 seyyar tuvalet. Bu T\u00fcrkiye\u2019de uygulanan bir ilk, belediye olarak. Bu tuvaletlerin fosepti\u011fi yok, onlar\u0131n haznesi var. G\u00f6revli geliyor, temizli\u011fini yap\u0131yor, ak\u015fam oldu mu her \u015feyini hallediyor. Bak\u0131n, sabunu var. Tek kullan\u0131ml\u0131k klozet ka\u011f\u0131d\u0131 var, havlusu var. Bunu belediye sa\u011fl\u0131yor. Ama demiyor ki \u2018karde\u015fim git o klozeti k\u0131r. Git o sabunu at. Git o havluyu al, oradan evine g\u00f6t\u00fcr.\u2019 \u015eimdi bunlara dikkat etmek laz\u0131m. Her yere bir bek\u00e7i koyamay\u0131z. Ceza yazmakla bunlar\u0131n \u00f6n\u00fcne ge\u00e7emeyiz. Biz bunlar\u0131 anlataca\u011f\u0131z vatanda\u015flar\u0131m\u0131za. Bu e\u011fitim evde ba\u015flayacak. Okulda devam edecek. Toplumun her noktas\u0131nda bunlar\u0131 vatanda\u015flar birbirleriyle konu\u015facak. Kimse yere sigara izmariti, yiyecek art\u0131\u011f\u0131 atmayacak. B\u00f6yle olursa Mersin p\u0131r\u0131l p\u0131r\u0131l bir kent olur\u201d ifadelerini kulland\u0131.<\/p>\n<p>\u201cSokaklarda, kald\u0131r\u0131m kenarlar\u0131nda kesim olmaz. Bu uygar bir davran\u0131\u015f de\u011fil\u201d<\/p>\n<p>Kurban Bayram\u0131 dolay\u0131s\u0131yla kurulan mobil kesim noktalar\u0131 ve al\u0131nan \u00f6nlemleri de anlatan Ba\u015fkan Se\u00e7er, \u201cBizim 23 noktada mobil kesimimiz var. 250 kasap hizmet verecek. 110 da yard\u0131mc\u0131s\u0131 var. Ge\u00e7ici olarak i\u015fe ald\u0131k bunlar\u0131 bayram boyunca. T\u00fcm mezbahalar\u0131m\u0131z zaten \u00fccretsiz kesim yapacak. Bayram\u0131n 1. g\u00fcn\u00fc dahil mobil kesimhanelerimiz zaten hizmetlerini devam ettirecekler. \u0130stenmeyen g\u00f6r\u00fcnt\u00fclerin olu\u015fmas\u0131n\u0131 istemiyoruz. Sokaklarda, kald\u0131r\u0131m kenarlar\u0131nda kesim olmaz. Bu hijyenik de\u011fil. Bu do\u011fru de\u011fil, bu uygar bir davran\u0131\u015f de\u011fil. Zaten bir \u00fccret \u00f6demiyorlar, belediye kendilerine bu hizmeti sunuyor. Gelsinler, mobil kesim merkezlerimize ve 8 noktadaki yerle\u015fik mezbahanelerimize bu i\u015flemi bize yapt\u0131rs\u0131nlar\u201d diye konu\u015ftu.<\/p>\n<p>\u201cA\u015f\u0131 olmak zorunday\u0131z\u201d<\/p>\n<p>Bu bayram\u0131n pandemiden sonra y\u00fcz y\u00fcze kutlanabilece\u011fi ilk bayram oldu\u011funu ancak tedbirlere azami \u00f6nem g\u00f6sterilerek a\u015f\u0131 olunmas\u0131 gerekti\u011fini dile getiren Ba\u015fkan Se\u00e7er, \u201cArzu ediyorum toplumun b\u00fcy\u00fck bir kesimi a\u015f\u0131lan\u0131r. A\u015f\u0131 olmayanlara da buradan duyurmak istiyorum, ben a\u015f\u0131m\u0131 oldum. A\u015f\u0131 olmak zorunday\u0131z. Sadece kendi sa\u011fl\u0131\u011f\u0131m\u0131z de\u011fil, toplum sa\u011fl\u0131\u011f\u0131 a\u00e7\u0131s\u0131ndan bu b\u00f6yle. A\u015f\u0131 olmazsak pandemi illetinden kurtulamay\u0131z.  M\u00fcmk\u00fcn oldu\u011funca kurallara \u00f6zen g\u00f6sterelim\u201d dedi.<\/p>\n<p>\u201cBen t\u00fcm Mersinliler\u2019in Belediye Ba\u015fkan\u0131y\u0131m\u201d<\/p>\n<p>Ba\u015fkan Se\u00e7er, ger\u00e7ekle\u015ftirdi\u011fi mahalle ziyaretlerinde i\u00e7me suyunun tasarruflu kullan\u0131lmas\u0131 konusunda vatanda\u015flara \u00f6zel \u00e7a\u011fr\u0131da bulundu. Vatanda\u015flar ise mahallerini ziyaret eden Ba\u015fkan Se\u00e7er\u2019e yol, tar\u0131msal destekler, futbol sahas\u0131 gibi konulardaki taleplerini bizzat iletti.<\/p>\n<p>Mahallelerde yapt\u0131\u011f\u0131 konu\u015fmalarda Ba\u015fkan Se\u00e7er, ger\u00e7ekle\u015ftirdikleri ve hayata ge\u00e7irecekleri t\u00fcm hizmetleri Mersin\u2019i ve gelece\u011fini d\u00fc\u015f\u00fcnerek programlad\u0131klar\u0131n\u0131 s\u00f6yledi. Se\u00e7er, ayr\u0131m\u0131 reddeden bir y\u00f6netim anlay\u0131\u015f\u0131na sahip olduklar\u0131n\u0131 da vurgulayarak, \u201cBen t\u00fcm Mersinliler&#8217;in Belediye Ba\u015fkan\u0131y\u0131m\u201d dedi.<\/p>\n<p>\u201cTEKS\u0130N demek, Vahap Se\u00e7er demek\u201d<\/p>\n<p>Se\u00e7er vatanda\u015flara sorun, talep ve te\u015fekk\u00fcrlerini bildirmeleri i\u00e7in Teksin uygulamas\u0131n\u0131 telefonlar\u0131na indirmeleri \u00e7a\u011fr\u0131s\u0131 yapt\u0131. Se\u00e7er, \u201cTEKS\u0130N demek, Vahap Se\u00e7er demek\u201d diyerek uygulaman\u0131n \u00f6nemine de\u011findi.<\/p>\n","protected":false},"excerpt":{"rendered":"<p>Mersin B\u00fcy\u00fck\u015fehir Belediye Ba\u015fkan\u0131 Vahap Se\u00e7er, Kurban Bayram\u0131 \u00f6ncesinde Silifke\u2019de vatanda\u015flarla bir araya geldi. Silifke il\u00e7esinin G\u00f6kbelen, Pelitp\u0131nar\u0131, Nuru, Senir, \u0130mambekirli, Karg\u0131cak ve De\u011firmendere Mahallelerini gezen Se\u00e7er, vatanda\u015flar\u0131n sorun ve &hellip; <a href=\"https:\/\/akdenizolaygazetesi.com\/?p=13382\" class=\"more-link\">Devam\u0131n\u0131 Oku&#8230;<\/a><\/p>\n","protected":false},"author":2,"featured_media":13384,"comment_status":"open","ping_status":"open","sticky":false,"template":"","format":"standard","meta":[],"categories":[2,3,5],"tags":[],"_links":{"self":[{"href":"https:\/\/akdenizolaygazetesi.com\/index.php?rest_route=\/wp\/v2\/posts\/13382"}],"collection":[{"href":"https:\/\/akdenizolaygazetesi.com\/index.php?rest_route=\/wp\/v2\/posts"}],"about":[{"href":"https:\/\/akdenizolaygazetesi.com\/index.php?rest_route=\/wp\/v2\/types\/post"}],"author":[{"embeddable":true,"href":"https:\/\/akdenizolaygazetesi.com\/index.php?rest_route=\/wp\/v2\/users\/2"}],"replies":[{"embeddable":true,"href":"https:\/\/akdenizolaygazetesi.com\/index.php?rest_route=%2Fwp%2Fv2%2Fcomments&post=13382"}],"version-history":[{"count":1,"href":"https:\/\/akdenizolaygazetesi.com\/index.php?rest_route=\/wp\/v2\/posts\/13382\/revisions"}],"predecessor-version":[{"id":13385,"href":"https:\/\/akdenizolaygazetesi.com\/index.php?rest_route=\/wp\/v2\/posts\/13382\/revisions\/13385"}],"wp:featuredmedia":[{"embeddable":true,"href":"https:\/\/akdenizolaygazetesi.com\/index.php?rest_route=\/wp\/v2\/media\/13384"}],"wp:attachment":[{"href":"https:\/\/akdenizolaygazetesi.com\/index.php?rest_route=%2Fwp%2Fv2%2Fmedia&parent=13382"}],"wp:term":[{"taxonomy":"category","embeddable":true,"href":"https:\/\/akdenizolaygazetesi.com\/index.php?rest_route=%2Fwp%2Fv2%2Fcategories&post=13382"},{"taxonomy":"post_tag","embeddable":true,"href":"https:\/\/akdenizolaygazetesi.com\/index.php?rest_route=%2Fwp%2Fv2%2Ftags&post=13382"}],"curies":[{"name":"wp","href":"https:\/\/api.w.org\/{rel}","templated":true}]}}