{"id":1339,"date":"2020-11-04T18:21:54","date_gmt":"2020-11-04T15:21:54","guid":{"rendered":"http:\/\/mersinekonomipolitikagazetesi.com\/?p=1339"},"modified":"2020-11-04T18:21:54","modified_gmt":"2020-11-04T15:21:54","slug":"mezitli-soli-gunes-festivaline-hazir","status":"publish","type":"post","link":"https:\/\/akdenizolaygazetesi.com\/?p=1339","title":{"rendered":"Mezitli, Soli G\u00fcne\u015f Festivali\u2019ne haz\u0131r"},"content":{"rendered":"<p>Mersin\u2019in merkez il\u00e7e Mezitli Belediyesi, bu y\u0131l 8\u2019incisini d\u00fczenleyece\u011fi Soli G\u00fcne\u015f Festivali\u2019nin haz\u0131rl\u0131klar\u0131n\u0131 tamamlad\u0131. Mezitli Belediye Ba\u015fkan\u0131 Ne\u015fet Tarhan, 3-4 Haziran 2017 tarihlerinde ger\u00e7ekle\u015ftirecekleri festivalde bu y\u0131l da g\u00fcne\u015f enerjisinin \u00f6nemine dikkat \u00e7ekeceklerini, Nil\u00fcfer ve Beng\u00fc\u2019n\u00fcn de Mersinlilerle bulu\u015faca\u011f\u0131n\u0131 s\u00f6yledi.<\/p>\n<p>Soli G\u00fcne\u015f Festivali\u2019nin bu y\u0131lki tan\u0131t\u0131m toplant\u0131s\u0131 Soli Pompeiopolis S\u00fctunlar\u0131 aras\u0131nda ger\u00e7ekle\u015ftirildi. Ge\u00e7mi\u015fi binlerce y\u0131l \u00f6ncesine dayanan tarihi kentin kal\u0131nt\u0131lar\u0131 aras\u0131nda Belediye Ba\u015fkan\u0131 Tarhan\u2019\u0131n ev sahipli\u011finde d\u00fczenlenen toplant\u0131ya, Mersin Vali Yard\u0131mc\u0131s\u0131 Cemal Y\u0131ld\u0131zer, CHP Mersin Milletvekilleri H\u00fcseyin \u00c7amak ve Serdal Kuyucuo\u011flu ile \u00e7ok say\u0131da davetli kat\u0131ld\u0131.<br \/>\n\u201cG\u00fcne\u015f enerjisi, t\u00fckenmeyen bir enerji kayna\u011f\u0131d\u0131r\u201d<br \/>\nBa\u015fkan Tarhan toplant\u0131da yapt\u0131\u011f\u0131 konu\u015fmada, g\u00fcne\u015f, toprak ve suyun en rasyonel bi\u00e7imde kullanmas\u0131 gerekti\u011fini vurgulad\u0131. Bu kapsamda belediye olarak y\u0131l\u0131n 325 g\u00fcn\u00fc g\u00fcne\u015fli olan b\u00f6lgede g\u00fcne\u015fin \u00f6nemini vurgulamak \u00fczere her y\u0131l G\u00fcne\u015f Festivali d\u00fczenlediklerini belirten Tarhan, \u201cBu y\u0131lda 3-4 Haziran g\u00fcnleri festivalimizi ger\u00e7ekle\u015ftirece\u011fiz. 2 bin 500 y\u0131ll\u0131k tarihe sahip Mezitli&#8217;nin ge\u00e7mi\u015fteki ad\u0131n\u0131n Soli olmas\u0131 Mezitli&#8217;nin \u2018g\u00fcne\u015f kenti\u2019 oldu\u011funu vurgulamaktad\u0131r\u201d dedi.<br \/>\nG\u00fcne\u015f enerjisinin 1973 y\u0131l\u0131ndaki d\u00fcnya enerji krizi ile \u00f6nem kazanmaya ba\u015flad\u0131\u011f\u0131na i\u015faret eden Tarhan, petrol fiyatlar\u0131n\u0131n gittik\u00e7e artmas\u0131n\u0131n g\u00fcne\u015f enerjisi gibi yeni kaynaklar \u00fczerindeki \u00e7al\u0131\u015fmalar\u0131 artt\u0131rd\u0131\u011f\u0131n\u0131 s\u00f6yledi. G\u00fcne\u015f enerjisinin yenilenebilen, t\u00fckenmeyen bir enerji kayna\u011f\u0131 oldu\u011funu ifade eden Tarhan, \u201cG\u00fcne\u015f enerjisi, enerji a\u00e7\u0131s\u0131ndan d\u0131\u015fa ba\u011f\u0131ml\u0131l\u0131\u011f\u0131 ortadan kald\u0131r\u0131r. Ula\u015ft\u0131rma harcamas\u0131 yoktur. Her yerde yararlan\u0131l\u0131r. Karma\u015f\u0131k teknoloji gerektirmez. \u0130\u015fletme masraflar\u0131 azd\u0131r ve gaz duman\u0131, k\u00fck\u00fcrt veya radyasyon gibi zararl\u0131 at\u0131klar\u0131 yoktur. \u00dclkemizde b\u00f6ylesine \u00f6nemli bir potansiyel enerji kayna\u011f\u0131 varken n\u00fckleer santrali tercih etmek ku\u015fkusuz ki yanl\u0131\u015f bir tercihtir\u201d diye konu\u015ftu.<br \/>\n\u00d6n\u00fcm\u00fczdeki s\u00fcre\u00e7te bir yandan Soli Pompeiopolis Antik Liman Kenti ve \u00e7evresinin turizme a\u00e7\u0131lmas\u0131 y\u00f6n\u00fcnde \u00e7al\u0131\u015f\u0131rken, di\u011fer yandan g\u00fcne\u015f enerjisinin kullan\u0131m\u0131na y\u00f6nelik \u00e7abalar\u0131n\u0131n devam edece\u011fini dile getiren Tarhan, bu \u00e7er\u00e7evede Makine M\u00fchendisleri Odas\u0131 Mersin \u015eubesi ile birlikte 2. \u00c7evre Yolu- Mezitli Deresi kav\u015fa\u011f\u0131ndaki G\u00fcne\u015f Park\u0131 i\u00e7erisinde G\u00fcne\u015f Evi&#8217;ni hayata ge\u00e7irdiklerini s\u00f6yledi.<br \/>\nNil\u00fcfer ve Beng\u00fc festivalde Mersin\u2019de<br \/>\nFestivalin 3 Haziran 2017 Cumartesi g\u00fcn\u00fc \u00e7e\u015fitli etkinlikler ile ba\u015flayaca\u011f\u0131 bilgisini veren Tarhan, Proje Pazar\u0131, kermesin yan\u0131 s\u0131ra kurulacak stantlarda g\u00fcne\u015f enerjisi firmalar\u0131 ve yenilenebilir enerji sistemleri \u00fczerine projelerin sergilenece\u011fini belirtti. Tarhan, \u201c3 Haziran Cumartesi saat 21.00\u2019de Beng\u00fc, 4 Haziran Pazar ak\u015fam\u0131 da yine ayn\u0131 saatte Nil\u00fcfer&#8217;i festivalimiz kapsam\u0131nda sizlerle bulu\u015fturaca\u011f\u0131z. Ge\u00e7en y\u0131l oldu\u011fu gibi bu y\u0131l da festivalimizin Ramazan ay\u0131na denk gelmesi sebebiyle baz\u0131 etkinliklerimizi ger\u00e7ekle\u015ftiremiyoruz. Bu vesile ile \u0130slam Aleminin Ramazan\u0131n\u0131 kutluyorum\u201d ifadelerini kulland\u0131.<br \/>\nVali Yard\u0131mc\u0131s\u0131 Y\u0131ld\u0131zer de yenilenebilir enerji kaynaklar\u0131n\u0131n modern \u00e7a\u011f\u0131n gereklerine g\u00f6re d\u00fczenlenmesinin \u00f6nemli oldu\u011funu s\u00f6yleyerek, \u201cBu bilin\u00e7ten hareket ederek Mezitli Belediyemiz de b\u00f6yle bir festival d\u00fczenliyor. Festivalin, \u00fclkemizin enerji kaynaklar\u0131n\u0131n daha verimli elde edilmesi ve bu konuda fark\u0131ndal\u0131k olu\u015fturulmas\u0131na katk\u0131 sa\u011flayaca\u011f\u0131na inan\u0131yorum\u201d \u015feklinde konu\u015ftu.<br \/>\nKonu\u015fmalar\u0131n ard\u0131ndan Mersin Devlet Opera ve Balesi orkestras\u0131 ve korosu, Anadolu\u2019nun en g\u00fczel t\u00fcrk\u00fclerini G\u00fcne\u015f Festivali i\u00e7in seslendirdi.<\/p>\n","protected":false},"excerpt":{"rendered":"<p>Mersin\u2019in merkez il\u00e7e Mezitli Belediyesi, bu y\u0131l 8\u2019incisini d\u00fczenleyece\u011fi Soli G\u00fcne\u015f Festivali\u2019nin haz\u0131rl\u0131klar\u0131n\u0131 tamamlad\u0131. Mezitli Belediye Ba\u015fkan\u0131 Ne\u015fet Tarhan, 3-4 Haziran 2017 tarihlerinde ger\u00e7ekle\u015ftirecekleri festivalde bu y\u0131l da g\u00fcne\u015f enerjisinin &hellip; <a href=\"https:\/\/akdenizolaygazetesi.com\/?p=1339\" class=\"more-link\">Devam\u0131n\u0131 Oku&#8230;<\/a><\/p>\n","protected":false},"author":1,"featured_media":0,"comment_status":"open","ping_status":"open","sticky":false,"template":"","format":"standard","meta":[],"categories":[],"tags":[],"_links":{"self":[{"href":"https:\/\/akdenizolaygazetesi.com\/index.php?rest_route=\/wp\/v2\/posts\/1339"}],"collection":[{"href":"https:\/\/akdenizolaygazetesi.com\/index.php?rest_route=\/wp\/v2\/posts"}],"about":[{"href":"https:\/\/akdenizolaygazetesi.com\/index.php?rest_route=\/wp\/v2\/types\/post"}],"author":[{"embeddable":true,"href":"https:\/\/akdenizolaygazetesi.com\/index.php?rest_route=\/wp\/v2\/users\/1"}],"replies":[{"embeddable":true,"href":"https:\/\/akdenizolaygazetesi.com\/index.php?rest_route=%2Fwp%2Fv2%2Fcomments&post=1339"}],"version-history":[{"count":0,"href":"https:\/\/akdenizolaygazetesi.com\/index.php?rest_route=\/wp\/v2\/posts\/1339\/revisions"}],"wp:attachment":[{"href":"https:\/\/akdenizolaygazetesi.com\/index.php?rest_route=%2Fwp%2Fv2%2Fmedia&parent=1339"}],"wp:term":[{"taxonomy":"category","embeddable":true,"href":"https:\/\/akdenizolaygazetesi.com\/index.php?rest_route=%2Fwp%2Fv2%2Fcategories&post=1339"},{"taxonomy":"post_tag","embeddable":true,"href":"https:\/\/akdenizolaygazetesi.com\/index.php?rest_route=%2Fwp%2Fv2%2Ftags&post=1339"}],"curies":[{"name":"wp","href":"https:\/\/api.w.org\/{rel}","templated":true}]}}