{"id":13391,"date":"2021-07-19T17:07:13","date_gmt":"2021-07-19T14:07:13","guid":{"rendered":"http:\/\/akdenizolaygazetesi.com\/?p=13391"},"modified":"2021-07-19T17:07:13","modified_gmt":"2021-07-19T14:07:13","slug":"baskan-gultak-kahraman-gazilerimize-vefa-borcluyuz","status":"publish","type":"post","link":"https:\/\/akdenizolaygazetesi.com\/?p=13391","title":{"rendered":"Ba\u015fkan G\u00fcltak; &#8220;Kahraman Gazilerimize vefa bor\u00e7luyuz&#8221;"},"content":{"rendered":"<p>Akdeniz Belediye Ba\u015fkan\u0131 M. Mustafa G\u00fcltak, Kurban Bayram\u0131 dolay\u0131s\u0131yla \u015eehit \u00d6mer Koca&#8217;n\u0131n ailesi ile Gazi Ethem Co\u015fkun&#8217;u evlerinde ziyaret ederek bayramlar\u0131n\u0131 tebrik etti. Ba\u015fkan G\u00fcltak, &#8220;Bu vatan topraklar\u0131nda ya\u015fad\u0131\u011f\u0131m\u0131z her an \u015fehit ve gazilerimize minnet borcumuz vard\u0131r; Allah hepsinden raz\u0131 olsun&#8221; diye konu\u015ftu.<br \/>\nAkdeniz Belediye Ba\u015fkan\u0131 Mustafa G\u00fcltak, Kurban Bayram\u0131 dolay\u0131s\u0131yla 2016 y\u0131l\u0131nda \u015e\u0131rnak&#8217;ta \u015fehit olan merhum \u00d6mer Koca&#8217;n\u0131n ailesi ile 1997 y\u0131l\u0131nda Hakkari&#8217;de Gazi olan Ethem Co\u015fkun&#8217;u ve ailesini ziyaret ederek bayramlar\u0131n\u0131 tebrik etti. Ziyarete Akdeniz Kaymakam\u0131 Muhittin Pamuk&#8217;un yan\u0131 s\u0131ra Akdeniz \u0130l\u00e7e Jandarma Komutan\u0131 Jandarma K\u0131demli Ba\u015f\u00e7avu\u015f Halil Adakl\u0131, Akdeniz \u0130l\u00e7e Emniyet M\u00fcd\u00fcr Yard\u0131mc\u0131s\u0131 Hidayet Kara\u00e7oro\u011flu, Akdeniz \u0130l\u00e7e M\u00fcft\u00fcs\u00fc \u0130brahim Yavuz ile Akdeniz Belediye Meclis \u00dcyesi Ayd\u0131n E\u011fin de kat\u0131ld\u0131.<br \/>\nBa\u015fkan G\u00fcltak; &#8220;\u015eehitlerimize ne kadar dua etsek azd\u0131r&#8221;<br \/>\n\u015eehit \u00d6mer Koca&#8217;n\u0131n annesi Ay\u015fe Koca ile babas\u0131 H\u00fcseyin Koca ziyaretten duyduklar\u0131 memnuniyeti dile getirerek te\u015fekk\u00fcrlerini iletti. Anne Ay\u015fe Koca, &#8220;Bizleri hi\u00e7bir zaman yaln\u0131z b\u0131rakmad\u0131n\u0131z. Allah raz\u0131 olsun. Bayram ziyaretiniz bizleri \u00e7ok mutlu etti. Rabbim, devletimizi ba\u015f\u0131m\u0131zdan eksik etmesin. Hepinizin bayram\u0131 m\u00fcbarek olsun&#8221; diye konu\u015ftu.  Ba\u015fkan G\u00fcltak da \u015fehitlik mertebesinin \u00f6nemine vurgu yaparak, &#8220;Vatan\u0131m\u0131z u\u011fruna canlar\u0131n\u0131 feda eden, bizlerin bug\u00fcn daha huzurlu ya\u015famas\u0131na vesile olan \u015fehit ve gazilerimize ne kadar dua etsek azd\u0131r. Allah t\u00fcm \u015fehitlerimize gani gani rahmet eylesin. \u00d6mer karde\u015fimizin bizlere mukaddes miras\u0131 olan de\u011ferli ailesine de sab\u0131rlar diliyor; Kurban Bayramlar\u0131n\u0131n hay\u0131rlara vesile olmas\u0131n\u0131 temenni ediyorum&#8221; dedi.  Akdeniz Kaymakam\u0131 Muhittin Pamuk ise, &#8220;Vatan\u0131m\u0131z u\u011fruna can vermi\u015f k\u0131ymetli \u015fehidimizi rahmetle an\u0131yor; ailesine sab\u0131rlar diliyorum. T\u00fcm \u015fehit ailelerinin ve gazilerimizin ba\u015f\u0131m\u0131z\u0131n \u00fcst\u00fcnde yeri vard\u0131r. Her daim onlar\u0131n yanlar\u0131nda oldu\u011fumuzun bilinmesini isterim. Bu vesileyle ailemizin Kurban Bayram\u0131&#8217;n\u0131n m\u00fcbarek olmas\u0131n\u0131 diliyorum&#8221; ifadelerini kulland\u0131.<br \/>\nBa\u015fkan G\u00fcltak; &#8220;Kahraman Gazilerimize vefa bor\u00e7luyuz&#8221;<br \/>\nHeyet daha sonra, \u015eehit \u00d6mer Koca&#8217;n\u0131n ailesinin ard\u0131ndan Gazi Ethem Co\u015fkun ve e\u015fi Mehtap Co\u015fkun&#8217;a ziyarette bulundu. Gazi Ethem Co\u015fkun, kendilerini asla yaln\u0131z hissetmediklerini s\u00f6yleyerek, &#8220;Vatan\u0131m\u0131z i\u00e7in her ko\u015fulda can\u0131m\u0131z pahas\u0131na m\u00fccadele etmeye devam edece\u011fiz. Allah herkesten raz\u0131 olsun. Yan\u0131m\u0131zda oldu\u011funuz i\u00e7in de ayr\u0131 ayr\u0131 te\u015fekk\u00fcr ederiz. Hepimizin bayram\u0131 m\u00fcbarek olsun&#8221; diye konu\u015ftu. Ba\u015fkan Mustafa G\u00fcltak ise, &#8220;Kahraman gazilerimize vefa bor\u00e7luyuz. Bu \u015ferefli mertebeye eri\u015fen de\u011ferli Gazimiz Ethem Co\u015fkun ve k\u0131ymetli ailesi i\u00e7in de \u00fczerimize d\u00fc\u015fen ne varsa yapmaya haz\u0131r\u0131z. Bu vesile ile Kurban Bayram\u0131n\u0131z\u0131 tebrik ediyor, Allah&#8217;tan daha sa\u011fl\u0131kl\u0131 g\u00fcnlerde bayramla\u015fmay\u0131 diliyorum&#8221; \u015feklinde konu\u015ftu. Akdeniz Kaymakam\u0131 Muhittin Pamuk ise, &#8220;Tarih boyunca \u00e7etin m\u00fccadeleler vererek zaferler elde edilmesine katk\u0131 sunan t\u00fcm \u015fehit ve gazilerimize \u015f\u00fckran bor\u00e7luyuz. De\u011ferli Gazimiz Ethem Co\u015fkun ve ailesinin de bayramlar\u0131n\u0131 tebrik ediyorum&#8221; dedi.<br \/>\nGer\u00e7ekle\u015fen ziyaretlerde aileler ile \u015fehit ve gazilerimiz i\u00e7in dualar edilerek, Kurban Bayram\u0131&#8217;n\u0131n hay\u0131rlara vesile olmas\u0131 temennisinde bulunuldu. <\/p>\n","protected":false},"excerpt":{"rendered":"<p>Akdeniz Belediye Ba\u015fkan\u0131 M. Mustafa G\u00fcltak, Kurban Bayram\u0131 dolay\u0131s\u0131yla \u015eehit \u00d6mer Koca&#8217;n\u0131n ailesi ile Gazi Ethem Co\u015fkun&#8217;u evlerinde ziyaret ederek bayramlar\u0131n\u0131 tebrik etti. Ba\u015fkan G\u00fcltak, &#8220;Bu vatan topraklar\u0131nda ya\u015fad\u0131\u011f\u0131m\u0131z her &hellip; <a href=\"https:\/\/akdenizolaygazetesi.com\/?p=13391\" class=\"more-link\">Devam\u0131n\u0131 Oku&#8230;<\/a><\/p>\n","protected":false},"author":2,"featured_media":13392,"comment_status":"open","ping_status":"open","sticky":false,"template":"","format":"standard","meta":[],"categories":[1,3,5],"tags":[],"_links":{"self":[{"href":"https:\/\/akdenizolaygazetesi.com\/index.php?rest_route=\/wp\/v2\/posts\/13391"}],"collection":[{"href":"https:\/\/akdenizolaygazetesi.com\/index.php?rest_route=\/wp\/v2\/posts"}],"about":[{"href":"https:\/\/akdenizolaygazetesi.com\/index.php?rest_route=\/wp\/v2\/types\/post"}],"author":[{"embeddable":true,"href":"https:\/\/akdenizolaygazetesi.com\/index.php?rest_route=\/wp\/v2\/users\/2"}],"replies":[{"embeddable":true,"href":"https:\/\/akdenizolaygazetesi.com\/index.php?rest_route=%2Fwp%2Fv2%2Fcomments&post=13391"}],"version-history":[{"count":1,"href":"https:\/\/akdenizolaygazetesi.com\/index.php?rest_route=\/wp\/v2\/posts\/13391\/revisions"}],"predecessor-version":[{"id":13393,"href":"https:\/\/akdenizolaygazetesi.com\/index.php?rest_route=\/wp\/v2\/posts\/13391\/revisions\/13393"}],"wp:featuredmedia":[{"embeddable":true,"href":"https:\/\/akdenizolaygazetesi.com\/index.php?rest_route=\/wp\/v2\/media\/13392"}],"wp:attachment":[{"href":"https:\/\/akdenizolaygazetesi.com\/index.php?rest_route=%2Fwp%2Fv2%2Fmedia&parent=13391"}],"wp:term":[{"taxonomy":"category","embeddable":true,"href":"https:\/\/akdenizolaygazetesi.com\/index.php?rest_route=%2Fwp%2Fv2%2Fcategories&post=13391"},{"taxonomy":"post_tag","embeddable":true,"href":"https:\/\/akdenizolaygazetesi.com\/index.php?rest_route=%2Fwp%2Fv2%2Ftags&post=13391"}],"curies":[{"name":"wp","href":"https:\/\/api.w.org\/{rel}","templated":true}]}}