{"id":13394,"date":"2021-07-21T14:41:43","date_gmt":"2021-07-21T11:41:43","guid":{"rendered":"http:\/\/akdenizolaygazetesi.com\/?p=13394"},"modified":"2021-07-21T14:41:43","modified_gmt":"2021-07-21T11:41:43","slug":"akdenizde-30-noktada-kurban-kesim-yeri-kuruldu","status":"publish","type":"post","link":"https:\/\/akdenizolaygazetesi.com\/?p=13394","title":{"rendered":"Akdeniz\u2019de 30 noktada kurban kesim yeri kuruldu"},"content":{"rendered":"<p>Ba\u015fkan G\u00fcltak, Kurban Bayram\u0131\u2019n\u0131n birinci g\u00fcn\u00fcn\u00fc vatanda\u015flarla birlikte ge\u00e7irdi. Belediyenin, il\u00e7ede kurdu\u011fu kurban sat\u0131\u015f ve kesim noktalar\u0131n\u0131 ziyaret ederek halkla bayramla\u015fan Ba\u015fkan G\u00fcltak, bayram namaz\u0131ndan sonra, kurban kesmek i\u00e7in haz\u0131rlanan alanlara gelen vatanda\u015flara \u00e7orba ikram etti.<br \/>\nAkdeniz Belediye Ba\u015fkan\u0131 M. Mustafa G\u00fcltak, Kurban Bayram\u0131 vesilesiyle, sabah\u0131n erken saatlerinde G\u00fcndo\u011fdu Mahallesi\u2019ni ziyaret etti. Ziyarete, AK Parti Mersin \u0130l Ba\u015fkan\u0131 Cesim Ercik, AK Parti Kad\u0131n Kollar\u0131 Ba\u015fkan\u0131 Aysel Mavio\u011flu, AK Parti Gen\u00e7lik Kollar\u0131 Ba\u015fkan\u0131 Faruk Bilen, belediye meclis \u00fcyeleri ve birim m\u00fcd\u00fcrleri de kat\u0131ld\u0131.<br \/>\nMahallede, belediyenin kurdu\u011fu kurban sat\u0131\u015f ve 4 ayr\u0131 kesim yerinde incelemelerde bulunan Ba\u015fkan G\u00fcltak ve beraberindeki heyet; kurban sat\u0131c\u0131lar\u0131 ve vatanda\u015flarla bayramla\u015f\u0131p sohbet etti ve s\u0131cak \u00e7orba ikram etti. Burada bir a\u00e7\u0131klama yapan Ba\u015fkan Mustafa G\u00fcltak, sabah namaz\u0131 ve ard\u0131ndan k\u0131l\u0131nan bayram namaz\u0131ndan sonra sahaya indiklerini ve halkla bayramla\u015ft\u0131klar\u0131n\u0131 ifade etti.<br \/>\nAkdeniz\u2019de 30 noktada kurban kesim yeri kuruldu<br \/>\nG\u00f6reve geldikleri ilk y\u0131l il\u00e7ede 7 noktaya kurban sat\u0131\u015f ve kesim yeri kurduklar\u0131n\u0131 belirten Ba\u015fkan Mustafa G\u00fcltak; bu sene ise il\u00e7enin 30 ayr\u0131 noktas\u0131nda, temiz, sa\u011fl\u0131kl\u0131, hijyenik ko\u015fullarda ve dini vecibelere uygun \u00fccretsiz kurban kesim yeri kurduklar\u0131n\u0131 anlatt\u0131. Vatanda\u015flar\u0131 s\u0131caklardan korumak i\u00e7in \u00e7ad\u0131r kurduklar\u0131n\u0131 da belirten Ba\u015fkan G\u00fcltak, kurban\u0131n\u0131n kestiren vatanda\u015flar\u0131n, etlerini do\u011fa dostu po\u015fetlere doldurup evinin yolunu tuttu\u011funu s\u00f6yledi.<br \/>\n\u201cVatanda\u015flar\u0131m\u0131z\u0131n b\u00fcy\u00fck bir s\u0131k\u0131nt\u0131s\u0131n\u0131 \u00e7\u00f6zd\u00fck\u201d<br \/>\nA\u00e7\u0131klamas\u0131nda; Pandemi kurallar\u0131n\u0131 \u00f6zellikle g\u00f6zettiklerinin alt\u0131n\u0131 \u00e7izen ve salg\u0131na kar\u015f\u0131 halk\u0131 a\u015f\u0131 olmaya davet eden Ba\u015fkan G\u00fcltak; \u201cKurban Bayram\u0131\u2019nda insanlar\u0131m\u0131z\u0131n; \u2018Kurban\u0131m\u0131 nerede kestirece\u011fim? Dini vecibelere uygun kesilecek mi?\u2019 gibi s\u0131k\u0131nt\u0131lar\u0131 olabiliyor. Bu s\u0131k\u0131nt\u0131y\u0131, biz Akdeniz il\u00e7emizde \u00e7\u00f6zm\u00fc\u015f olduk. Buradan t\u00fcm Akdenizlilerin, Mersinlilerin, t\u00fcm \u00fclkemizin ve \u0130slam \u00c2lemi\u2019nin kurban bayram\u0131n\u0131 kutluyorum. \u0130n\u015fallah bayram\u0131m\u0131z, bizlere karde\u015flik, sevgi ve ho\u015fg\u00f6r\u00fc ve sa\u011fl\u0131k getirir.<br \/>\nZira 1 bu\u00e7uk y\u0131ld\u0131r Pandemi belas\u0131 ile u\u011fra\u015f\u0131yoruz. Salg\u0131n belas\u0131ndan tamamen kurtulmak i\u00e7in a\u015f\u0131lar\u0131m\u0131z mutlaka olal\u0131m. Haz\u0131rlad\u0131\u011f\u0131m\u0131z kurban sat\u0131\u015f ve kesim yerlerinde de zab\u0131ta m\u00fcd\u00fcrl\u00fc\u011f\u00fc ekiplerimiz, Pandemi kurallar\u0131na riayet edilmesi i\u00e7in s\u00fcrekli g\u00f6revinin ba\u015f\u0131nda. \u0130nsanlar\u0131n ate\u015f \u00f6l\u00e7\u00fcm\u00fcn\u00fc yap\u0131yor, maske da\u011f\u0131t\u0131yor ve mesafe kural\u0131n\u0131n g\u00f6zetilmesi i\u00e7in \u00e7al\u0131\u015f\u0131yorlar. Bir kez daha t\u00fcm vatanda\u015flar\u0131m\u0131za sa\u011fl\u0131kl\u0131 g\u00fcnler ve iyi bayramlar diliyorum\u201d \u015feklinde konu\u015ftu.<br \/>\nBayram ziyaretleri di\u011fer mahallelerde devam etti<br \/>\nAK Parti Mersin \u0130l Ba\u015fkan\u0131 Cesim Ercik ile AK Parti Kad\u0131n Kollar\u0131 Ba\u015fkan\u0131 ve Akdeniz Belediye Meclis \u00dcyesi Aysel Mavio\u011flu \u00d6ner de yapt\u0131klar\u0131 a\u00e7\u0131klamada, vatanda\u015flar\u0131n kurban bayram\u0131n\u0131 tebrik ederek, sa\u011fl\u0131k, huzur ve mutluluklar diledi.  Kurban kesmek i\u00e7in gelen vatanda\u015flarla bir s\u00fcre sohbet edip bayramlar\u0131n\u0131 kutlayan Ba\u015fkan G\u00fcltak ve beraberindeki heyet; ard\u0131ndan \u00d6zg\u00fcrl\u00fck, Karacailyas, Huzurkent, Gazi, Bah\u015fi\u015f ve K\u00f6selerli mahallelerinde bulunan kurban kesim ve sat\u0131\u015f yerlerini ziyaret etmek ve yine vatanda\u015flarla bayramla\u015fmak \u00fczere G\u00fcndo\u011fdu Mahallesi\u2019nden ayr\u0131ld\u0131.<br \/>\n\u00d6te yandan; dini vecibelerini ifa etmek isteyen Akdeniz sakinleri de kendilerine sa\u011flanan bu imk\u00e2n ve kolayl\u0131k nedeniyle memnuniyetlerini dile getirip, Akdeniz Belediyesi ve Ba\u015fkan Mustafa G\u00fcltak\u2019a te\u015fekk\u00fcr ettiler.<\/p>\n","protected":false},"excerpt":{"rendered":"<p>Ba\u015fkan G\u00fcltak, Kurban Bayram\u0131\u2019n\u0131n birinci g\u00fcn\u00fcn\u00fc vatanda\u015flarla birlikte ge\u00e7irdi. Belediyenin, il\u00e7ede kurdu\u011fu kurban sat\u0131\u015f ve kesim noktalar\u0131n\u0131 ziyaret ederek halkla bayramla\u015fan Ba\u015fkan G\u00fcltak, bayram namaz\u0131ndan sonra, kurban kesmek i\u00e7in haz\u0131rlanan &hellip; <a href=\"https:\/\/akdenizolaygazetesi.com\/?p=13394\" class=\"more-link\">Devam\u0131n\u0131 Oku&#8230;<\/a><\/p>\n","protected":false},"author":2,"featured_media":13395,"comment_status":"open","ping_status":"open","sticky":false,"template":"","format":"standard","meta":[],"categories":[3,5],"tags":[],"_links":{"self":[{"href":"https:\/\/akdenizolaygazetesi.com\/index.php?rest_route=\/wp\/v2\/posts\/13394"}],"collection":[{"href":"https:\/\/akdenizolaygazetesi.com\/index.php?rest_route=\/wp\/v2\/posts"}],"about":[{"href":"https:\/\/akdenizolaygazetesi.com\/index.php?rest_route=\/wp\/v2\/types\/post"}],"author":[{"embeddable":true,"href":"https:\/\/akdenizolaygazetesi.com\/index.php?rest_route=\/wp\/v2\/users\/2"}],"replies":[{"embeddable":true,"href":"https:\/\/akdenizolaygazetesi.com\/index.php?rest_route=%2Fwp%2Fv2%2Fcomments&post=13394"}],"version-history":[{"count":1,"href":"https:\/\/akdenizolaygazetesi.com\/index.php?rest_route=\/wp\/v2\/posts\/13394\/revisions"}],"predecessor-version":[{"id":13396,"href":"https:\/\/akdenizolaygazetesi.com\/index.php?rest_route=\/wp\/v2\/posts\/13394\/revisions\/13396"}],"wp:featuredmedia":[{"embeddable":true,"href":"https:\/\/akdenizolaygazetesi.com\/index.php?rest_route=\/wp\/v2\/media\/13395"}],"wp:attachment":[{"href":"https:\/\/akdenizolaygazetesi.com\/index.php?rest_route=%2Fwp%2Fv2%2Fmedia&parent=13394"}],"wp:term":[{"taxonomy":"category","embeddable":true,"href":"https:\/\/akdenizolaygazetesi.com\/index.php?rest_route=%2Fwp%2Fv2%2Fcategories&post=13394"},{"taxonomy":"post_tag","embeddable":true,"href":"https:\/\/akdenizolaygazetesi.com\/index.php?rest_route=%2Fwp%2Fv2%2Ftags&post=13394"}],"curies":[{"name":"wp","href":"https:\/\/api.w.org\/{rel}","templated":true}]}}