{"id":13397,"date":"2021-07-21T14:43:48","date_gmt":"2021-07-21T11:43:48","guid":{"rendered":"http:\/\/akdenizolaygazetesi.com\/?p=13397"},"modified":"2021-07-21T14:43:48","modified_gmt":"2021-07-21T11:43:48","slug":"baskan-secer-su-kullanimi-ve-cevre-temizligi-uyarilarini-yineledi","status":"publish","type":"post","link":"https:\/\/akdenizolaygazetesi.com\/?p=13397","title":{"rendered":"Ba\u015fkan Se\u00e7er, su kullan\u0131m\u0131 ve \u00e7evre temizli\u011fi uyar\u0131lar\u0131n\u0131 yineledi"},"content":{"rendered":"<p>Mersin B\u00fcy\u00fck\u015fehir Belediye Ba\u015fkan\u0131 Vahap Se\u00e7er, payla\u015fma ve yard\u0131mla\u015fma duygular\u0131n\u0131n artt\u0131\u011f\u0131 Kurban Bayram\u0131\u2019n\u0131n ilk g\u00fcn\u00fc yo\u011fun bayram ziyaretlerinin ard\u0131ndan Mersin Valili\u011fi\u2019nin ger\u00e7ekle\u015ftirdi\u011fi bayramla\u015fma program\u0131na kat\u0131ld\u0131. Ba\u015fkan Se\u00e7er, bayram ziyaretlerine sabah\u0131n erken saatlerinde Sahil G\u00fcvenlik Akdeniz B\u00f6lge Komutanl\u0131\u011f\u0131, Mersin \u0130l Jandarma Komutanl\u0131\u011f\u0131 ve Mersin \u0130l Emniyet M\u00fcd\u00fcrl\u00fc\u011f\u00fc ile ba\u015flad\u0131.<\/p>\n<p>Ziyaretlerde; Ba\u015fkan Se\u00e7er\u2019in yan\u0131 s\u0131ra Mersin Valisi Ali \u0130hsan Su, Akdeniz B\u00f6lge ve Garnizon Komutan\u0131 Tu\u011famiral Fuat Gedik, Mersin \u0130l Emniyet M\u00fcd\u00fcr\u00fc Mehmet Aslan, Sahil G\u00fcvenlik Akdeniz B\u00f6lge Komutan Vekili Albay \u00c7a\u011f\u0131n Ta\u015fk\u0131n ve Mersin \u0130l Jandarma Komutan\u0131 Albay Necip \u00c7ar\u0131kc\u0131o\u011flu da yer ald\u0131.<\/p>\n<p>Ziyaretlerin ard\u0131ndan kent protokol\u00fc ile birlikte bayramla\u015fma program\u0131n\u0131n yap\u0131ld\u0131\u011f\u0131 Mersin K\u00fclt\u00fcr Merkezi\u2019ne ge\u00e7en Ba\u015fkan Se\u00e7er, programa kat\u0131lan misafirlerle bayramla\u015ft\u0131.<\/p>\n<p>Ba\u015fkan Se\u00e7er, su kullan\u0131m\u0131 ve \u00e7evre temizli\u011fi uyar\u0131lar\u0131n\u0131 yineledi<\/p>\n<p>\u201cBayram\u0131m\u0131z kutlu olsun\u201d s\u00f6zleri ile konu\u015fmas\u0131na ba\u015flayan Ba\u015fkan Se\u00e7er, bu bayram\u0131n \u00f6ncelikle t\u00fcm d\u00fcnyaya sa\u011fl\u0131k getirmesi temennisinde bulundu. Mersin\u2019in bug\u00fcnlerde bir\u00e7ok yerli ve k\u0131smen de yabanc\u0131 turisti a\u011f\u0131rlad\u0131\u011f\u0131n\u0131 kaydeden Se\u00e7er, \u201cHava s\u0131cakl\u0131\u011f\u0131 da son derece y\u00fcksek. Do\u011fal olarak b\u00f6lgenin nem oran\u0131 da y\u00fcksek. Bunlar\u0131n getirdi\u011fi baz\u0131 yan etkiler var. Bir tanesi su kullan\u0131m\u0131 \u00e7ok fazla. Ho\u015f, d\u00f6nem de su a\u00e7\u0131s\u0131ndan s\u0131k\u0131nt\u0131l\u0131 bir d\u00f6nem. Kurakl\u0131k ya\u015fad\u0131\u011f\u0131m\u0131z d\u00f6nemler. Su kullan\u0131m\u0131na dikkat etmemiz gereken bir bayram. \u00d6zellikle bug\u00fcn kurban kesimlerinin oldu\u011fu bir g\u00fcn. M\u00fcmk\u00fcnse vatanda\u015flar\u0131m\u0131z \u00e7ok dikkatli su kullan\u0131m\u0131 yaps\u0131nlar. Tasarruflu kullans\u0131nlar. Di\u011fer taraftan bah\u00e7e sulamalar\u0131n\u0131 yapmas\u0131nlar ya da yap\u0131yorlarsa bile onu \u00e7ok asgaride tutmalar\u0131 gerekiyor. Di\u011fer taraftan kurban kesimlerini ho\u015f olmayacak g\u00f6r\u00fcnt\u00fclere sahne olacak bi\u00e7imde yapmamalar\u0131n\u0131 istiyoruz. Mersin B\u00fcy\u00fck\u015fehir Belediyesi olarak da bu konuda zaten gerekli tedbirleri ald\u0131k\u201d dedi.<\/p>\n<p>\u00c7evre temizli\u011fi konusunda da vatanda\u015flara \u00f6zen g\u00f6stermeleri \u00e7a\u011fr\u0131s\u0131n\u0131 yineleyen Ba\u015fkan Se\u00e7er, \u015f\u00f6yle devam etti:<\/p>\n<p>\u201c\u00d6zellikle insanlar\u0131n \u015fu an yo\u011fun oldu\u011fu yaylalarda, sahillerde buna \u00f6zen g\u00f6stermemiz gerekiyor. Kent merkezi, il\u00e7e merkezleri ya da Mersin\u2019in il merkezi \u015fu anda normal n\u00fcfusuna g\u00f6re bo\u015falm\u0131\u015f g\u00f6r\u00fcn\u00fcyor. N\u00fcfus daha \u00e7ok sayfiye yerlerine, yaylal\u0131k ve sahil b\u00f6lgelerine kayd\u0131. Orada hem su kullan\u0131m\u0131 hem temizlik hem de kurban kesimi konusunda vatanda\u015flar\u0131m\u0131z daha dikkatli davran\u0131rlarsa biz de belediye olarak zaten bayram s\u00fcresince 7\/24 hizmet etmeye haz\u0131r\u0131z. Ben de Belediye Ba\u015fkan\u0131 olarak zaten b\u00f6lgemdeyim. Yar\u0131n sabahtan itibaren \u00f6zellikle yaylal\u0131k b\u00f6lgelerde geziler yapaca\u011f\u0131z. Herhangi bir sorun, s\u0131k\u0131nt\u0131 kar\u015f\u0131s\u0131nda Alo 185 ya da Teksin \u00c7a\u011fr\u0131 Merkezi arac\u0131l\u0131\u011f\u0131yla dileklerini, \u015fikayetlerini, sorunlar\u0131n\u0131 bize ula\u015ft\u0131rabilirler. Hep beraber g\u00fczel, ho\u015f, mutlu, sorunlardan uzak bu bayram\u0131 ge\u00e7irmek istiyoruz. Nice g\u00fczel bayramlar olsun.\u201d<\/p>\n","protected":false},"excerpt":{"rendered":"<p>Mersin B\u00fcy\u00fck\u015fehir Belediye Ba\u015fkan\u0131 Vahap Se\u00e7er, payla\u015fma ve yard\u0131mla\u015fma duygular\u0131n\u0131n artt\u0131\u011f\u0131 Kurban Bayram\u0131\u2019n\u0131n ilk g\u00fcn\u00fc yo\u011fun bayram ziyaretlerinin ard\u0131ndan Mersin Valili\u011fi\u2019nin ger\u00e7ekle\u015ftirdi\u011fi bayramla\u015fma program\u0131na kat\u0131ld\u0131. Ba\u015fkan Se\u00e7er, bayram ziyaretlerine sabah\u0131n &hellip; <a href=\"https:\/\/akdenizolaygazetesi.com\/?p=13397\" class=\"more-link\">Devam\u0131n\u0131 Oku&#8230;<\/a><\/p>\n","protected":false},"author":2,"featured_media":13398,"comment_status":"open","ping_status":"open","sticky":false,"template":"","format":"standard","meta":[],"categories":[34,2,3,5],"tags":[],"_links":{"self":[{"href":"https:\/\/akdenizolaygazetesi.com\/index.php?rest_route=\/wp\/v2\/posts\/13397"}],"collection":[{"href":"https:\/\/akdenizolaygazetesi.com\/index.php?rest_route=\/wp\/v2\/posts"}],"about":[{"href":"https:\/\/akdenizolaygazetesi.com\/index.php?rest_route=\/wp\/v2\/types\/post"}],"author":[{"embeddable":true,"href":"https:\/\/akdenizolaygazetesi.com\/index.php?rest_route=\/wp\/v2\/users\/2"}],"replies":[{"embeddable":true,"href":"https:\/\/akdenizolaygazetesi.com\/index.php?rest_route=%2Fwp%2Fv2%2Fcomments&post=13397"}],"version-history":[{"count":1,"href":"https:\/\/akdenizolaygazetesi.com\/index.php?rest_route=\/wp\/v2\/posts\/13397\/revisions"}],"predecessor-version":[{"id":13399,"href":"https:\/\/akdenizolaygazetesi.com\/index.php?rest_route=\/wp\/v2\/posts\/13397\/revisions\/13399"}],"wp:featuredmedia":[{"embeddable":true,"href":"https:\/\/akdenizolaygazetesi.com\/index.php?rest_route=\/wp\/v2\/media\/13398"}],"wp:attachment":[{"href":"https:\/\/akdenizolaygazetesi.com\/index.php?rest_route=%2Fwp%2Fv2%2Fmedia&parent=13397"}],"wp:term":[{"taxonomy":"category","embeddable":true,"href":"https:\/\/akdenizolaygazetesi.com\/index.php?rest_route=%2Fwp%2Fv2%2Fcategories&post=13397"},{"taxonomy":"post_tag","embeddable":true,"href":"https:\/\/akdenizolaygazetesi.com\/index.php?rest_route=%2Fwp%2Fv2%2Ftags&post=13397"}],"curies":[{"name":"wp","href":"https:\/\/api.w.org\/{rel}","templated":true}]}}