{"id":13403,"date":"2021-07-21T14:47:08","date_gmt":"2021-07-21T11:47:08","guid":{"rendered":"http:\/\/akdenizolaygazetesi.com\/?p=13403"},"modified":"2021-07-21T14:47:08","modified_gmt":"2021-07-21T11:47:08","slug":"anamurdan-tarsusa-bu-bayram-35-noktada-konser-var","status":"publish","type":"post","link":"https:\/\/akdenizolaygazetesi.com\/?p=13403","title":{"rendered":"ANAMUR\u2019DAN TARSUS\u2019A BU BAYRAM 35 NOKTADA KONSER VAR"},"content":{"rendered":"<p>Mersin B\u00fcy\u00fck\u015fehir Belediyesi K\u00fclt\u00fcr ve Sosyal \u0130\u015fler Dairesi\u2019nin d\u00fczenledi\u011fi \u2018Bayram Konserleri\u2019,  ilk g\u00fcn 6 il\u00e7enin 7 ayr\u0131 noktas\u0131nda ba\u015flad\u0131. 24 Temmuz\u2019a kadar her g\u00fcn 7 noktada s\u00fcrd\u00fcr\u00fclecek konserlerde, yerel sanat\u00e7\u0131lar sahne alacak. Bayramda 13 il\u00e7enin toplam 35 noktas\u0131nda ger\u00e7ekle\u015fecek konserlerle ilgili detaylar, sosyal medyada \u201c@mbbkultursosyal\u201d hesab\u0131nda vatanda\u015flarla payla\u015f\u0131ld\u0131.<\/p>\n<p>Her ya\u015ftan Mersinli bayram\u0131n ilk g\u00fcn\u00fc konserlerdeydi<\/p>\n<p>Bayram\u0131n ilk konserleri; Akdeniz\u2019de \u00c7ay Mahallesi, Mut\u2019ta Sertavul Yaylas\u0131 Pazar Yeri, Tarsus\u2019ta K\u0131rklars\u0131rt\u0131 Mahallesi, Erdemli\u2019de T\u00f6m\u00fck Flamingo 4 Sahil Sitesi ile Limonlu Faruk \u015e\u0131hman Sitesi \u00f6n\u00fc, Yeni\u015fehir\u2019de Marina Akustik Park ve Anamur\u2019da Rauf Denkta\u015f Park\u0131\u2019nda ger\u00e7ekle\u015fti. Bu konserlerde Hasan Ye\u015filg\u00f6z, Mehmet \u00c7a\u011flar, \u0130sa Yaz\u0131rl\u0131o\u011flu, \u015eimal ve Orkestras\u0131, Sidar Baran Ta\u015f, Seda \u0130nan ile Haluk \u015ea\u015f sahne ald\u0131. Her ya\u015ftan Mersinlinin ve \u00e7ok say\u0131da ailenin kat\u0131ld\u0131\u011f\u0131 konserlerde vatanda\u015flar bayram co\u015fkusunu bir arada ya\u015fad\u0131.<\/p>\n<p>\u201cBayram co\u015fkusunu m\u00fczikle kutlayarak ya\u015fayaca\u011f\u0131z\u201d<\/p>\n<p>Bayram boyunca her il\u00e7ede konserlerin yap\u0131laca\u011f\u0131n\u0131 ifade eden K\u00fclt\u00fcr ve Sosyal \u0130\u015fler Dairesi Ba\u015fkanl\u0131\u011f\u0131 Koordinat\u00f6r\u00fc Bengi \u0130spir \u00d6zd\u00fclger, \u015funlar\u0131 s\u00f6yledi:<\/p>\n<p>\u201cBayram boyunca planlad\u0131\u011f\u0131m\u0131z bu konser dizimizi Mersinimizin 13 il\u00e7esinde 35 ayr\u0131 noktada yapaca\u011f\u0131z. Sertavul\u2019dan, \u00c7aml\u0131yayla\u2019ya, K\u0131zkalesi\u2019nden Tarsus\u2019a Erdemli\u2019den G\u00fclnar\u2019a her yere ula\u015faca\u011f\u0131z. T\u00fcm vatanda\u015flar\u0131m\u0131zla bir arada bu g\u00fczel mutlulu\u011fu, bu bayram co\u015fkusunu birlikte ya\u015fayaca\u011f\u0131z. Bizim amac\u0131m\u0131z bu sevgi dolu \u015fehrimizde, k\u00fclt\u00fcr mozai\u011fi zenginli\u011finin bulundu\u011fu \u015fehrimizde bir arada sevgiyle, bar\u0131\u015f i\u00e7erisinde bayram\u0131 ya\u015famak. Siz de g\u00f6r\u00fcyorsunuz, sevgili Mersinlilerin bu mutlu\u011funa \u015fahit oluyorsunuz. Bize ger\u00e7ekten b\u00fcy\u00fck bir keyif veriyor. Herkesin bayram\u0131n\u0131 bu vesileyle kutlam\u0131\u015f olmak isteriz. Sa\u011fl\u0131kla, mutlulukla, huzur i\u00e7erisinde, bar\u0131\u015f dolu nice g\u00fczel bayramlar ya\u015fayal\u0131m istiyoruz.\u201d<\/p>\n<p>\u201c\u00c7ok g\u00fczel bir etkinlik, bayram s\u00fcrecini \u00e7ok g\u00fczel ge\u00e7irece\u011fimizi umuyorum\u201d<\/p>\n<p>Kat\u0131l\u0131m\u0131n yo\u011fun oldu\u011fu Marina Akustik Park\u2019taki konserde konu\u015fan dinleyicilerden Ay\u015fenur Akdo\u011fa, g\u00fczel bir ak\u015fam ge\u00e7irdi\u011fini ifade ederek, \u201cKonserler ger\u00e7ekten \u00e7ok g\u00fczel. Maalesef uzun bir s\u00fcredir herhangi bir etkinlikte bulanam\u0131yoruz. \u00c7ok g\u00fczel bir etkinlik, bayram s\u00fcrecini \u00e7ok g\u00fczel ge\u00e7irece\u011fimizi umuyorum. Her \u015fey i\u00e7in \u00e7ok te\u015fekk\u00fcrler. Bayramda buraday\u0131m. \u015eehrimi seviyorum ve burada \u00e7ok daha g\u00fczel zaman ge\u00e7irece\u011fimi d\u00fc\u015f\u00fcnd\u00fc\u011f\u00fcm i\u00e7in farkl\u0131 bir \u015fehre gitmeyi planlamad\u0131m. Ben \u00e7ok memnunum\u201d dedi.<\/p>\n<p>\u201c\u0130nsanlar mutlu, \u00e7ok te\u015fekk\u00fcr ederiz Ba\u015fkan\u0131m\u0131za\u201d<\/p>\n<p>Konseri dinleyenlerin mutlu oldu\u011fu y\u00f6n\u00fcndeki g\u00f6zlemini aktaran H\u00fclya Altan ise \u201cBu konserler ger\u00e7ekten son zamanlarda hepimizi \u00e7ok mutlu ediyor. Sosyal mesafeyi koruyarak, a\u00e7\u0131k havada gayet g\u00fczel dinliyoruz. Yani insanlar mutlu. \u00c7ok te\u015fekk\u00fcr ederiz Ba\u015fkan\u0131m\u0131za\u201d diye konu\u015ftu.<\/p>\n","protected":false},"excerpt":{"rendered":"<p>Mersin B\u00fcy\u00fck\u015fehir Belediyesi K\u00fclt\u00fcr ve Sosyal \u0130\u015fler Dairesi\u2019nin d\u00fczenledi\u011fi \u2018Bayram Konserleri\u2019, ilk g\u00fcn 6 il\u00e7enin 7 ayr\u0131 noktas\u0131nda ba\u015flad\u0131. 24 Temmuz\u2019a kadar her g\u00fcn 7 noktada s\u00fcrd\u00fcr\u00fclecek konserlerde, yerel sanat\u00e7\u0131lar &hellip; <a href=\"https:\/\/akdenizolaygazetesi.com\/?p=13403\" class=\"more-link\">Devam\u0131n\u0131 Oku&#8230;<\/a><\/p>\n","protected":false},"author":2,"featured_media":13404,"comment_status":"open","ping_status":"open","sticky":false,"template":"","format":"standard","meta":[],"categories":[34,2,3,5],"tags":[],"_links":{"self":[{"href":"https:\/\/akdenizolaygazetesi.com\/index.php?rest_route=\/wp\/v2\/posts\/13403"}],"collection":[{"href":"https:\/\/akdenizolaygazetesi.com\/index.php?rest_route=\/wp\/v2\/posts"}],"about":[{"href":"https:\/\/akdenizolaygazetesi.com\/index.php?rest_route=\/wp\/v2\/types\/post"}],"author":[{"embeddable":true,"href":"https:\/\/akdenizolaygazetesi.com\/index.php?rest_route=\/wp\/v2\/users\/2"}],"replies":[{"embeddable":true,"href":"https:\/\/akdenizolaygazetesi.com\/index.php?rest_route=%2Fwp%2Fv2%2Fcomments&post=13403"}],"version-history":[{"count":1,"href":"https:\/\/akdenizolaygazetesi.com\/index.php?rest_route=\/wp\/v2\/posts\/13403\/revisions"}],"predecessor-version":[{"id":13405,"href":"https:\/\/akdenizolaygazetesi.com\/index.php?rest_route=\/wp\/v2\/posts\/13403\/revisions\/13405"}],"wp:featuredmedia":[{"embeddable":true,"href":"https:\/\/akdenizolaygazetesi.com\/index.php?rest_route=\/wp\/v2\/media\/13404"}],"wp:attachment":[{"href":"https:\/\/akdenizolaygazetesi.com\/index.php?rest_route=%2Fwp%2Fv2%2Fmedia&parent=13403"}],"wp:term":[{"taxonomy":"category","embeddable":true,"href":"https:\/\/akdenizolaygazetesi.com\/index.php?rest_route=%2Fwp%2Fv2%2Fcategories&post=13403"},{"taxonomy":"post_tag","embeddable":true,"href":"https:\/\/akdenizolaygazetesi.com\/index.php?rest_route=%2Fwp%2Fv2%2Ftags&post=13403"}],"curies":[{"name":"wp","href":"https:\/\/api.w.org\/{rel}","templated":true}]}}