{"id":13408,"date":"2021-07-23T12:10:31","date_gmt":"2021-07-23T09:10:31","guid":{"rendered":"http:\/\/akdenizolaygazetesi.com\/?p=13408"},"modified":"2021-07-23T12:10:31","modified_gmt":"2021-07-23T09:10:31","slug":"ben-bu-topraklarin-cocuguyum","status":"publish","type":"post","link":"https:\/\/akdenizolaygazetesi.com\/?p=13408","title":{"rendered":"\u201cBEN BU TOPRAKLARIN \u00c7OCU\u011eUYUM\u201d"},"content":{"rendered":"<p>Mersin B\u00fcy\u00fck\u015fehir Belediye Ba\u015fkan\u0131 Vahap Se\u00e7er, Kurban Bayram\u0131\u2019n\u0131n ikinci g\u00fcn\u00fcnde mahalle mahalle gezmeye, sorunlar\u0131 yerinde tespit etmeye ve Mersinli hem\u015fehrileri ile bayramla\u015fmaya devam etti. Bayram\u0131n ikinci g\u00fcn\u00fcn\u00fc Tarsus ve \u00c7aml\u0131yayla il\u00e7elerine ay\u0131ran Ba\u015fkan Se\u00e7er, \u00f6zellikle yaylal\u0131k b\u00f6lgeleri ziyaret ederek, hem sorunlar\u0131n\u0131 dinledi hem de o mahallelere g\u00f6t\u00fcrd\u00fckleri hizmetleri tek tek anlatt\u0131.<\/p>\n<p>Se\u00e7er ka\u00e7ak-kay\u0131p konusunda taviz vermeyeceklerinin alt\u0131n\u0131 \u00e7izdi<\/p>\n<p>Tarsus\u2019un Kadelli Mahallesi ile ba\u015flayan ziyaretler, \u00c7amalan ve G\u00fclek Mahalleleri ile s\u00fcrd\u00fc. Ard\u0131ndan \u00c7aml\u0131yayla\u2019n\u0131n Dar\u0131p\u0131nar\u0131 Mahallesi ile il\u00e7e merkezini ziyaret eden Ba\u015fkan Se\u00e7er, vatanda\u015f ve esnafla tek tek selamla\u015farak bayramlar\u0131n\u0131 kutlad\u0131. Kadelli\u2019de vatanda\u015flar ile bir araya geldikten sonra \u00c7amalan Mahallesi\u2019ne ge\u00e7en Se\u00e7er, \u00c7amalan K\u00f6y\u00fc Cem ve K\u00fclt\u00fcr Evi\u2019nde hem\u015fehrileri ile bir araya geldi, sorunlar\u0131 dinledi. Cem ve K\u00fclt\u00fcr Evi\u2019nde Cumali Can Dede\u2019nin birlik beraberlik i\u00e7in okudu\u011fu duan\u0131n ard\u0131ndan ise G\u00fclek Mahallesi\u2019ne ge\u00e7ildi. Her mahalle ziyaretinde o b\u00f6lgelerde ya\u015fanan sorunlara dikkat \u00e7eken Se\u00e7er, \u00f6zellikle yaz aylar\u0131nda ya\u015fanan su s\u0131k\u0131nt\u0131lar\u0131na da de\u011findi. Ba\u015fkan Se\u00e7er, yapacaklar\u0131 \u00e7al\u0131\u015fmalar\u0131 anlatarak, ka\u00e7ak-kay\u0131p konusunda taviz vermeyeceklerinin alt\u0131n\u0131 \u00e7izdi. Daha sonra \u00c7aml\u0131yayla\u2019n\u0131n Dar\u0131p\u0131nar\u0131 Mahallesi\u2019ne giden Se\u00e7er, oradan da Bel\u00e7\u0131nar Mahallesi Atda\u011f\u0131 Mevkisi ve Fak\u0131lar Mahallesi \u00c7ak\u0131ll\u0131 Bo\u011faz\u0131\u2019nda vatanda\u015flar ile selamla\u015ft\u0131, sohbet etti. Se\u00e7er\u2019in mahalle ziyaretleri \u00c7aml\u0131yayla merkez ile sona erdi.<\/p>\n<p>Ba\u015fkan Se\u00e7er\u2019e mahalle ziyaretlerinde Tarsus Belediye Ba\u015fkan\u0131 Haluk Bozdo\u011fan, \u00c7aml\u0131yayla Belediye Ba\u015fkan\u0131 \u0130smail Tepeba\u011fl\u0131, CHP Mersin \u0130l Kad\u0131n Kollar\u0131 Ba\u015fkan\u0131 G\u00fcl\u015fah Y\u0131ld\u0131r\u0131m Gen\u00e7, CHP Mersin \u0130l Gen\u00e7lik Kollar\u0131 Ba\u015fkan\u0131 Alk\u0131m S\u00fcmer, CHP Tarsus \u0130l\u00e7e Ba\u015fkan\u0131 Ozan Varal, CHP \u00c7aml\u0131yayla \u0130l\u00e7e Ba\u015fkan\u0131 Seher Sorma, Mersin B\u00fcy\u00fck\u015fehir Belediyesi Tarsus-\u00c7aml\u0131yayla \u015eube M\u00fcd\u00fcrl\u00fc\u011f\u00fc Koordinat\u00f6r\u00fc ve B\u00fcy\u00fck\u015fehir Belediyesi Meclis \u00dcyesi Ali Bolta\u00e7, B\u00fcy\u00fck\u015fehir Belediyesi b\u00fcrokratlar\u0131 ve daire ba\u015fkanlar\u0131 ile Meclis \u00fcyeleri, muhtarlar ve vatanda\u015flar e\u015flik etti.<\/p>\n<p>Se\u00e7er, Kadelli\u2019de m\u00fcjdeyi verdi: \u201c14 A\u011fustos\u2019ta burada yine bir incir festivali tertip ediyoruz\u201d<\/p>\n<p>Ba\u015fkan Se\u00e7er, Tarsus il\u00e7esinin Kadelli Mahallesi\u2019nde yapt\u0131\u011f\u0131 konu\u015fmada,  incir,  \u00fcz\u00fcm, pamuk ve m\u0131s\u0131r gibi \u00e7ok say\u0131da \u00fcr\u00fcn\u00fcn yeti\u015ftirildi\u011fi b\u00f6lgede en \u00f6nemli \u00fcretim alan\u0131n\u0131n tar\u0131m oldu\u011funu belirterek, \u201cBizim \u00f6nemli bir gelirimiz de bu alandan. 2019 y\u0131l\u0131nda, ilk se\u00e7ildi\u011fimiz y\u0131l burada bir festival yapt\u0131k. Orada incir fidan\u0131 da da\u011f\u0131tma s\u00f6z\u00fc verildi. Fidanlar da daha sonra gelindi, da\u011f\u0131t\u0131ld\u0131. \u015eimdi siyah incirler herhalde bir ya\u015f\u0131nda, incir vermeye ba\u015flad\u0131. \u015eimdi belediyelerin bu dokunu\u015flar\u0131 \u00e7ok \u00f6nemli. \u0130\u015fte ata tohum \u00e7al\u0131\u015fmalar\u0131 yap\u0131yor Tarsus Belediyesi. Bunun yayg\u0131nla\u015ft\u0131rmas\u0131n\u0131 yap\u0131yor. B\u00fcy\u00fck\u015fehir Belediyesi ayn\u0131 \u015fekilde fide fidan yard\u0131m\u0131 yap\u0131yor. Sulama borusu yard\u0131m\u0131 yap\u0131yor. Bak\u0131n 100 kilometre sulama borusu 2021 program\u0131m\u0131zda. Ge\u00e7en y\u0131l 60 kilometreydi. Bunu da\u011f\u0131tt\u0131k. Tarsus\u2019tan Anamur\u2019a kadar toprakla su bulu\u015fsun, verim arts\u0131n, kalite arts\u0131n diye. 14 A\u011fustos\u2019ta burada yine bir incir festivali tertip ediyoruz\u201d diye konu\u015ftu.<\/p>\n<p>Tarsus\u2019ta 58 adet hamur yo\u011furma makinesi da\u011f\u0131t\u0131ld\u0131\u011f\u0131n\u0131 ifade eden Se\u00e7er, kad\u0131nlar\u0131 hamur yo\u011furma derdinden kurtarmak istediklerini anlat\u0131rken, lavanta fidesi deste\u011fi konusunda da Kadelli\u2019de 3 bin 900 adet da\u011f\u0131t\u0131m yap\u0131ld\u0131\u011f\u0131n\u0131 kaydetti. Hayvanc\u0131l\u0131k projesinin \u00f6nemine de de\u011finen Se\u00e7er, bu y\u0131l Tarsus\u2019ta 15 mahallede yurtta\u015flar\u0131n bu proje kapsam\u0131na al\u0131naca\u011f\u0131n\u0131 duyurdu.<\/p>\n<p>\u201cHer \u015feye m\u00fcsamaha g\u00f6steriyoruz ama ka\u00e7ak tespitlerinde asla cezalar affedilmeyecek\u201d<\/p>\n<p>B\u00f6lgede ya\u015fanan su s\u0131k\u0131nt\u0131s\u0131ndan da s\u00f6z eden Se\u00e7er, \u201cAltyap\u0131 noksanl\u0131klar\u0131, demode olmu\u015f, eskimi\u015f altyap\u0131lar. Bunun yan\u0131nda y\u0131l\u0131n getirdi\u011fi, kaynaklarda su s\u0131k\u0131nt\u0131s\u0131 sorunu. Bu y\u0131l bizi epey zorluyor. Bu b\u00f6lgede de zaman zaman ya\u015fan\u0131yor. MESK\u0130\u2019nin g\u00f6revi sizlerin i\u00e7me ve kullan\u0131m suyunu temin etmek. Sulama suyu olarak MESK\u0130\u2019nin suyunu kullanamazs\u0131n\u0131z. Bu yasal olarak uygun de\u011fil, yasal de\u011fil. Biz kanunen vatanda\u015flar\u0131n, hanelerin i\u00e7me ve kullan\u0131m suyunu; i\u00e7ti\u011fimiz su, kulland\u0131\u011f\u0131m\u0131z suyu temin etmekle g\u00f6revliyiz. Bir de bu suyu biliyorsunuz ka\u00e7ak olarak kullanamazs\u0131n\u0131z\u201d dedi.<\/p>\n<p>Ka\u00e7ak su kullananlara da net bir mesaj veren Se\u00e7er, \u201cSen benim suyumu nas\u0131l \u00e7alars\u0131n? Burada ya\u015fayan b\u00fct\u00fcn vatanda\u015flar\u0131n hakk\u0131 o su. \u015eimdi suyumuzu \u00e7ald\u0131klar\u0131 gibi bir de usul\u00fcne uygun kullanm\u0131yorlar. Yani bir hata bir g\u00fcnah. \u00dczerine ikinci hata ikinci g\u00fcnah. Yani bir suyu \u00e7al\u0131yor bir de gidiyor onu bah\u00e7e sulamada kullan\u0131yor. \u00d6b\u00fcr tarafta kullanacak su bulam\u0131yoruz. Banyo yapacak, i\u00e7ecek, temizlik yapacak su bulam\u0131yoruz ama orada hortumu takm\u0131\u015f muslu\u011fa, a\u00e7m\u0131\u015f sonuna kadar, bah\u00e7eye salm\u0131\u015f. Nas\u0131l olsa para \u00f6deyen yok. Saya\u00e7 yok ya da sayac\u0131 bozulmu\u015f, \u00e7al\u0131\u015fm\u0131yor. Her \u015feye m\u00fcsamaha g\u00f6steriyoruz ama ka\u00e7ak tespitlerinde asla cezalar affedilmeyecek. Yasa ne diyorsa onu yerine getirece\u011fiz\u201d diye konu\u015ftu. Se\u00e7er, su s\u0131k\u0131nt\u0131lar\u0131na m\u00fcdahale konusunda MESK\u0130\u2019nin aral\u0131ks\u0131z \u00e7al\u0131\u015ft\u0131\u011f\u0131n\u0131 da s\u00f6zlerine ekleyerek, olas\u0131 sorunlar\u0131 Teksin\u2019e bildirmeleri konusunda vatanda\u015flara \u00e7a\u011fr\u0131da bulundu.<\/p>\n<p>\u201cBizim i\u00e7in mesai mefhumu yok\u201d<\/p>\n<p>Mersin B\u00fcy\u00fck\u015fehir Belediyesi\u2019nin de, Tarsus Belediyesi\u2019nin de g\u00f6revini en g\u00fczel \u015fekilde yapt\u0131\u011f\u0131n\u0131 kaydeden Se\u00e7er, \u201cBizim i\u00e7in mesai mefhumu yok. Bizim i\u00e7in zengin fakir ayr\u0131m\u0131 yok. Hatta toplumda dezavantajl\u0131 insanlara bir pozitif ayr\u0131mc\u0131l\u0131\u011f\u0131m\u0131z var. Biz gelir d\u00fczeyi d\u00fc\u015f\u00fck, yoksulluk \u00e7eken, evinde Allah vermesin hastas\u0131 olan, engelli evlad\u0131 olan, bir problem ya\u015fayan kad\u0131nlar\u0131m\u0131z\u0131n, \u00e7ocuklar\u0131m\u0131z\u0131n hem Tarsus Belediyesi olarak hem B\u00fcy\u00fck\u015fehir Belediyesi olarak yanlar\u0131nday\u0131z. Biz belediye ba\u015fkanlar\u0131 olarak Tarsus\u2019un, t\u00fcm Mersin\u2019in, B\u00fcy\u00fck\u015fehir olarak, Tarsus Belediyesi olarak, belediye ba\u015fkan\u0131 olarak bu kentin karde\u015fiyiz. Herkes kendisini bize yak\u0131n g\u00f6rs\u00fcn, bizi ayr\u0131 gayr\u0131 g\u00f6rmesin sak\u0131n ha. Bizimle senli benli olsun. \u0130\u00e7inizde bize kar\u015f\u0131 en ufak bir endi\u015feniz olmas\u0131n. Geriden gelen \u00f6nyarg\u0131lar\u0131 bir kenara b\u0131rak\u0131n. Herkes bizim e\u015fit mesafede yakla\u015ft\u0131\u011f\u0131m\u0131z vatanda\u015flar\u0131m\u0131z. Bu, Kadelli bize oy vermi\u015f vermemi\u015f, \u00c7okak bize oy vermi\u015f vermemi\u015f. G\u00fclek\u2019ten B\u00fcy\u00fck\u015fehir\u2019e oy \u00e7\u0131km\u0131\u015f \u00e7\u0131kmam\u0131\u015f inan\u0131n akl\u0131m\u0131zdan ge\u00e7mez. Buran\u0131n sorunu varsa bizim i\u00e7in esas olan o sorunu \u00e7\u00f6zmektir. Bizim d\u00f6nemimizde bu memlekette ayr\u0131mc\u0131l\u0131\u011f\u0131 gayr\u0131mc\u0131l\u0131\u011f\u0131, insanlar\u0131 mezhebinden, me\u015frebinden, siyasi g\u00f6r\u00fc\u015f\u00fcnden hor g\u00f6rme anlay\u0131\u015f\u0131n\u0131 bir kenara b\u0131rakaca\u011f\u0131z. B\u0131rakm\u0131\u015f\u0131z da zaten\u201d diye konu\u015ftu.<\/p>\n<p>\u00c7amalan Cem ve K\u00fclt\u00fcr Evi\u2019nde de vatanda\u015flar ile bir araya gelen Ba\u015fkan Se\u00e7er, bu topraklar \u00fczerinde ya\u015fayan kimsenin renginin, mezhebinin, me\u015frebinin ne oldu\u011funa bakmad\u0131klar\u0131n\u0131 vurgulayarak, \u201cAnamur&#8217;dan Tarsus&#8217;a kadar, Kaledran\u2019dan Yenice&#8217;ye kadar Sertavul\u2019dan G\u00fclek\u2019e kadar t\u00fcm bu b\u00f6lgede hangi renkten olursa olsun herkes bizim ba\u015f\u0131m\u0131z\u0131n tac\u0131\u201d ifadelerine yer verdi.<\/p>\n<p>\u201c\u0130nsana ilk dokunan belediye ba\u015fkan\u0131d\u0131r\u201d<\/p>\n<p>Belediyecilik denilince baz\u0131lar\u0131n\u0131n akl\u0131na beton, bina ve imar rant\u0131 geldi\u011fini aktaran Se\u00e7er, \u201cBir vatanda\u015fa en yak\u0131n ki\u015fi ne Cumhurba\u015fkan\u0131d\u0131r, ne Bakand\u0131r, ne Validir, ne Kaymakamd\u0131r. \u00d6nce muhtard\u0131r ya da bir Tahtac\u0131 beldesinde, mahallesinde inan\u00e7 \u00f6nderidir, dededir, di\u011fer bir tarafta caminin imam\u0131d\u0131r, varsa okulda \u00f6\u011fretmenidir. Ama bunlar\u0131 bir araya getirdi\u011fin zaman belediye ba\u015fkan\u0131d\u0131r insana ilk dokunan\u201d dedi.<\/p>\n<p>\u201cBelediyecili\u011fin sadece yol, bina, asfalttan ibaret bir g\u00f6rev alan\u0131 olmad\u0131\u011f\u0131 anla\u015f\u0131ld\u0131\u201d<\/p>\n<p>G\u00fclek Mahallesi\u2019ndeki vatanda\u015flara da seslenen Ba\u015fkan Se\u00e7er, pandemi s\u00fcrecinde sosyal belediyecili\u011fin ne kadar \u00f6nemli oldu\u011funun ortaya \u00e7\u0131kt\u0131\u011f\u0131ndan s\u00f6z ederek, \u201cBelediyecili\u011fin sadece yol, bina, asfalttan, kald\u0131r\u0131mdan ibaret bir g\u00f6rev alan\u0131 ya da hizmet alan\u0131 olmad\u0131\u011f\u0131 da anla\u015f\u0131ld\u0131. Sava\u015f halinde, bar\u0131\u015fta, pandemide, salg\u0131nda, iyi g\u00fcnde, k\u00f6t\u00fc g\u00fcnde demek ki halk\u0131n yan\u0131nda dost bir belediye, dost bir belediye ba\u015fkan\u0131, dost belediye \u00e7al\u0131\u015fanlar\u0131na ihtiya\u00e7 oluyor\u201d dedi.<\/p>\n<p>\u201cSorun d\u00fcn olu\u015fan bir sorun de\u011fil\u201d<\/p>\n<p>G\u00fclek\u2019teki su sorununu ge\u00e7en y\u0131l g\u00f6rd\u00fcklerini belirten Ba\u015fkan Se\u00e7er, \u201cBu sorun ge\u00e7en y\u0131l bizim \u00f6n\u00fcm\u00fcze geldi ve y\u00fczle\u015ftim\u201d dedi. G\u00fclek\u2019in su sorununun nedenlerini ve \u00e7\u00f6z\u00fcm\u00fc i\u00e7in att\u0131klar\u0131 ad\u0131mlar\u0131 detayl\u0131 olarak anlatan Se\u00e7er, \u015funlar\u0131 s\u00f6yledi:<\/p>\n<p>\u201cBuras\u0131 ana besleyici durumda olan ki cazibeli geliyor bu su. Elmal\u0131, G\u00fcrlevik, Karbo\u011faz\u0131 terfili ve Gelgez su g\u00f6zlerinden biz buray\u0131 besliyoruz. Buralar s\u00fcrekli takip alt\u0131nda. Bizim iki kaynaktan daha, birincisi daha \u00f6nce planlanm\u0131\u015f, \u0130ller Bankas\u0131 bir proje yapm\u0131\u015f ben yapmad\u0131m ve daha proje bitmi\u015f, bunlar\u0131n paras\u0131n\u0131 \u00f6d\u00fcyoruz, biz \u00f6d\u00fcyoruz, MESK\u0130 \u00f6d\u00fcyor. Proje devreye girmemi\u015f, yap\u0131lan proje akamete u\u011fram\u0131\u015f \u00e7\u00fcnk\u00fc heyelan o sistemi, o isale hatt\u0131n\u0131 yerle bir etmi\u015f. \u015eimdi biz bunun ihalesini ne zaman yapt\u0131k? Ge\u00e7en y\u0131ldan bunlar\u0131n \u00e7al\u0131\u015fmas\u0131n\u0131 yapt\u0131k. Geldik, gittik, nereden \u00e7\u00f6zeriz, ne yapar\u0131z? Bunlar m\u00fchendislik i\u015fi. Nisan\u2019\u0131n sonunda biz ihaleyi bitirdik, yer teslimi yapt\u0131k. Bu sefer de An\u0131tlar Kurulu\u2019na tak\u0131ld\u0131k. Orada bir tarihi eser bulgusu var. \u00dc\u00e7\u00fcnc\u00fc derecede S\u0130T alan\u0131 ilan ettirdik. Y\u00fczey \u00e7al\u0131\u015fmas\u0131na oradaki altyap\u0131 \u00e7al\u0131\u015fmalar\u0131na mani bir \u015fey yok. \u015eu anda yapt\u0131\u011f\u0131m\u0131z, ald\u0131k izni ve bizim 2-3 ay kayb\u0131m\u0131z oldu. \u015eu anda onlar\u0131n belki de tamam\u0131n\u0131 bitirmi\u015f olacakt\u0131k. \u015eimdi oray\u0131 bir kere tamaml\u0131yoruz. Yani umut ediyorum, \u00e7\u00fcnk\u00fc yerin alt\u0131n\u0131 a\u00e7aca\u011f\u0131z ne g\u00f6rece\u011fimizi bilmiyorum. Oradan biz bunu buraya ba\u011flayaca\u011f\u0131z. Yine Elmal\u0131-Sug\u00f6z\u00fc masla\u011f\u0131 \u00fczerinden kuzey mahallelerini besleyece\u011fiz. Burada Aspava Drenaj Galerisi \u0130\u00e7mesuyu Terfi Hatt\u0131 diyoruz bu projemize. O b\u00f6lgeden. Bunun da Temmuz\u2019un 12\u2019sinde zaten gerekli ihalesini yapm\u0131\u015f\u0131z, bitirmi\u015fiz. \u015eu anda onun imalat\u0131 ba\u015flayacak. Yani kuzey b\u00f6lgesini de Aspava b\u00f6lgesinden besleyece\u011fiz. Yine bunlarla ilgili \u00fc\u00e7\u00fcnc\u00fc ve d\u00f6rd\u00fcnc\u00fc terfiler i\u00e7in Karasu hatt\u0131 i\u00e7in konu\u015fuyorum, bunlar\u0131n otomasyonu, elektrik panolar\u0131 vs. b\u00fct\u00fcn bu sistemleriyle ilgili de \u00e7al\u0131\u015fmalar\u0131 biz bitirdik. Sorunu biliyoruz. Sorun d\u00fcn olu\u015fan bir sorun de\u011fil. \u00c7\u00f6zmek de 3 g\u00fcnl\u00fck bir sorun de\u011fil. Biz bu s\u00fcreci bu y\u0131l sizlerle beraber a\u015fmak zorunday\u0131z. S\u0131k\u0131nt\u0131lar ya\u015fayaca\u011f\u0131z. Umut ederim en asgarisi olur.\u201d<\/p>\n<p>\u201cGelecek y\u0131la kadar G\u00fclek\u2019in su sorununu k\u00f6k\u00fcnden \u00e7\u00f6zece\u011fiz\u201d<\/p>\n<p>Mahallelere ekip halinde gittiklerini s\u00f6zlerine ekleyen Se\u00e7er, \u201cGenel m\u00fcd\u00fcrden genel sekretere, daire ba\u015fkanlar\u0131na herkes burada. M\u00fchendisler, herkes burada. Bug\u00fcn bayram. Sizin bayram\u0131n\u0131z\u0131n zehir olmamas\u0131 i\u00e7in biz geziyoruz Tarsus Belediye Ba\u015fkan\u0131m\u0131zla beraber. Bu y\u0131l\u0131 b\u00f6yle ge\u00e7irece\u011fiz. Gelecek y\u0131la kadar da biz k\u00f6k\u00fcnden G\u00fclek\u2019in su sorununu \u00e7\u00f6zece\u011fiz\u201d dedi.<\/p>\n<p>\u201cBen bu topraklar\u0131n \u00e7ocu\u011fuyum\u201d<\/p>\n<p>\u00c7aml\u0131yayla\u2019n\u0131n Dar\u0131p\u0131nar\u0131 Mahallesi\u2019nde de vatanda\u015flarla bayramla\u015fmaya devam eden Ba\u015fkan Se\u00e7er, muhtarlarla uyumlu \u00e7al\u0131\u015ft\u0131klar\u0131 noktada vatanda\u015fa daha iyi hizmet edebildiklerini s\u00f6yleyerek, \u201cBen belediye ba\u015fkan\u0131y\u0131m ve bu topraklar\u0131n \u00e7ocu\u011fuyum. Anamur&#8217;dan Tarsus&#8217;a kadar her b\u00f6lge Mersin&#8217;e ait bir yerle\u015fim yeri. Evet, elbette n\u00fcfus ka\u011f\u0131d\u0131m\u0131zda Tarsus do\u011fum yerimiz ama Mersin B\u00fcy\u00fck\u015fehir Belediye Ba\u015fkan\u0131y\u0131z, Mersinliyiz. Her yere e\u015fit mesafede biz mutlaka hizmetlerimizi g\u00f6t\u00fcrmek zorunday\u0131z\u201d dedi.<\/p>\n<p>Son durak \u00c7aml\u0131yayla oldu<\/p>\n<p>Ba\u015fkan Se\u00e7er\u2019in son dura\u011f\u0131 \u00c7aml\u0131yayla il\u00e7e merkezi oldu. \u00c7aml\u0131yayla\u2019n\u0131n k\u0131\u015f n\u00fcfusu ile yaz n\u00fcfusu aras\u0131nda b\u00fcy\u00fck farklar oldu\u011funa de\u011finen Se\u00e7er, \u201cYaz\u0131n b\u00fcy\u00fck bir il\u00e7e konumunda, k\u0131\u015f\u0131n k\u00fc\u00e7\u00fck bir kasaba konumunda. Bu da hizmetleri sunmada b\u00fcy\u00fck sorun yarat\u0131yor belediyelere. Ba\u015fta il\u00e7e belediyesine. Yani b\u00f6yle bir h\u00fcviyetteki yerle\u015fim yerinde belediye ba\u015fkan\u0131 olmak, il\u00e7e belediye ba\u015fkan\u0131 a\u00e7\u0131s\u0131ndan \u00e7ok zor\u201d dedi.<\/p>\n<p>\u0130l\u00e7e belediyesinin destek almadan, kendi imkanlar\u0131yla yeterli hizmeti g\u00f6t\u00fcrme imkan\u0131 olmad\u0131\u011f\u0131n\u0131 da s\u00f6zlerine ekleyen Se\u00e7er, \u201cBiz bu bilin\u00e7le, ben se\u00e7ildi\u011fim g\u00fcnden bu yana, farkl\u0131 siyasi partilere mensup birer belediye ba\u015fkan\u0131y\u0131z ama kafam\u0131z, amac\u0131m\u0131z ortak. \u00c7aml\u0131yayla\u2019ya hizmet etmek. Hal b\u00f6yle olunca \u00c7aml\u0131yayla&#8217;da il\u00e7e belediye ba\u015fkan\u0131m\u0131zla bir sorun ya\u015fad\u0131\u011f\u0131m\u0131z\u0131 da s\u00f6yleyemem. Ha onu da s\u00f6yleyeyim bir bor\u00e7lanmaya hay\u0131r oyu kullan\u0131yor, o da beni \u00fcz\u00fcyor ama neyse \u015fimdilik sesimi \u00e7\u0131karm\u0131yorum. O da gruba uyuyor, kendi grubunun pe\u015finden gidince b\u00f6yle komplikasyonlar \u00e7\u0131k\u0131yor, bor\u00e7lanma konusunda s\u0131k\u0131nt\u0131 ya\u015f\u0131yoruz\u201d dedi.<\/p>\n<p>\u201c\u00c7aml\u0131yayla\u2019ya hem B\u00fcy\u00fck\u015fehir hem de \u0130l\u00e7e Belediyesi&#8217;nin ortak \u00e7al\u0131\u015fmalar\u0131yla pozitif ayr\u0131mc\u0131l\u0131k yap\u0131yoruz\u201d<\/p>\n<p>Hizmet a\u00e7\u0131s\u0131ndan hedef kitlelerini ikiye ay\u0131rmalar\u0131 gerekti\u011fini s\u00f6zlerine ekleyen Se\u00e7er, yerli n\u00fcfusun beklenti ve taleplerinin farkl\u0131, yazl\u0131k\u00e7\u0131 n\u00fcfusun beklenti ve taleplerinin farkl\u0131 oldu\u011funu ifade ederek,   temel sorun \u00fczerinde de\u011ferlendirme yapt\u0131. Ba\u015fkan Se\u00e7er, \u015funlar\u0131 s\u00f6yledi; \u201cBir su, iki kanalizasyon, ar\u0131tma, \u00fc\u00e7 yol\u2026 Ya da bunun s\u0131ralamas\u0131n\u0131 de\u011fi\u015ftirebilirsiniz. Yani altyap\u0131 ve \u00fcstyap\u0131, rahat ula\u015f\u0131m, konforlu ula\u015f\u0131m, bir de temiz bir \u00e7evrede, temiz bir suya eri\u015fim arzusu. Biz bunlar\u0131 burada sa\u011flad\u0131\u011f\u0131m\u0131z s\u00fcrece burada ya\u015fayan yurtta\u015flar\u0131m\u0131za belediye olarak iyi hizmet vermi\u015f say\u0131l\u0131r\u0131z. \u015eimdi ne yap\u0131yoruz, hizmet veriyoruz, evet veriyoruz. Ger\u00e7ekten \u00c7aml\u0131yayla&#8217;ya hem B\u00fcy\u00fck\u015fehir hem de  \u0130l\u00e7e Belediyesinin ortak \u00e7al\u0131\u015fmalar\u0131yla pozitif ayr\u0131mc\u0131l\u0131k yap\u0131yoruz\u201d diye konu\u015ftu.<\/p>\n<p>Bozdo\u011fan: \u201cBelediyeyi denetleyecek olan halkt\u0131r\u201d<\/p>\n<p>Tarsus Belediye Ba\u015fkan\u0131 Haluk Bozdo\u011fan da, \u201c\u015eurada herkesin g\u00f6rmesini istedi\u011fim bir nokta var. Cumhuriyet Halk Partili belediye ba\u015fkanlar\u0131n\u0131n 7 tane \u00f6nemli \u00f6zelli\u011fi var. Birincisi \u00e7\u00f6z\u00fcmc\u00fcler. \u0130kincisi \u00e7o\u011fulculuktan yanalar. \u00dc\u00e7\u00fcnc\u00fcs\u00fc \u00e7al\u0131\u015fkanlar, \u00e7evreciler, d\u00fcr\u00fcstler, \u015feffaflar. Biz g\u00f6reve geldikten sonra ilk yapt\u0131\u011f\u0131m\u0131z, ihalelerin hepsi canl\u0131 olarak yay\u0131nlanacak dedik. Halk\u0131m\u0131z da izlemeye ba\u015flad\u0131. Herkes neyin ne oldu\u011funu g\u00f6rd\u00fc. Belediyeyi denetleyecek olan halkt\u0131r\u201d dedi.<\/p>\n<p>Tepeba\u011fl\u0131: \u201c\u00c7aml\u0131yayla\u2019n\u0131n sorunlar\u0131n\u0131 Ba\u015fkan\u0131m\u0131za arz edece\u011fiz, in\u015fallah g\u00fczel sonu\u00e7lar alaca\u011f\u0131z kendisinden\u201d<\/p>\n<p>\u00c7aml\u0131yayla Belediye Ba\u015fkan\u0131 \u0130smail Tepeba\u011fl\u0131 ise, \u201cSizlerle beraber in\u015fallah \u00c7aml\u0131yayla\u2019n\u0131n sorunlar\u0131n\u0131 Ba\u015fkan\u0131m\u0131za arz edece\u011fiz, in\u015fallah g\u00fczel sonu\u00e7lar alaca\u011f\u0131z kendisinden. Ben tekrar \u00c7aml\u0131yayla\u2019ya geldikleri i\u00e7in huzurlar\u0131n\u0131zda te\u015fekk\u00fcr ediyorum, sayg\u0131lar\u0131n\u0131 sunuyorum\u201d diye konu\u015ftu.<\/p>\n","protected":false},"excerpt":{"rendered":"<p>Mersin B\u00fcy\u00fck\u015fehir Belediye Ba\u015fkan\u0131 Vahap Se\u00e7er, Kurban Bayram\u0131\u2019n\u0131n ikinci g\u00fcn\u00fcnde mahalle mahalle gezmeye, sorunlar\u0131 yerinde tespit etmeye ve Mersinli hem\u015fehrileri ile bayramla\u015fmaya devam etti. Bayram\u0131n ikinci g\u00fcn\u00fcn\u00fc Tarsus ve \u00c7aml\u0131yayla &hellip; <a href=\"https:\/\/akdenizolaygazetesi.com\/?p=13408\" class=\"more-link\">Devam\u0131n\u0131 Oku&#8230;<\/a><\/p>\n","protected":false},"author":2,"featured_media":13409,"comment_status":"open","ping_status":"open","sticky":false,"template":"","format":"standard","meta":[],"categories":[1,2,3,5],"tags":[],"_links":{"self":[{"href":"https:\/\/akdenizolaygazetesi.com\/index.php?rest_route=\/wp\/v2\/posts\/13408"}],"collection":[{"href":"https:\/\/akdenizolaygazetesi.com\/index.php?rest_route=\/wp\/v2\/posts"}],"about":[{"href":"https:\/\/akdenizolaygazetesi.com\/index.php?rest_route=\/wp\/v2\/types\/post"}],"author":[{"embeddable":true,"href":"https:\/\/akdenizolaygazetesi.com\/index.php?rest_route=\/wp\/v2\/users\/2"}],"replies":[{"embeddable":true,"href":"https:\/\/akdenizolaygazetesi.com\/index.php?rest_route=%2Fwp%2Fv2%2Fcomments&post=13408"}],"version-history":[{"count":1,"href":"https:\/\/akdenizolaygazetesi.com\/index.php?rest_route=\/wp\/v2\/posts\/13408\/revisions"}],"predecessor-version":[{"id":13410,"href":"https:\/\/akdenizolaygazetesi.com\/index.php?rest_route=\/wp\/v2\/posts\/13408\/revisions\/13410"}],"wp:featuredmedia":[{"embeddable":true,"href":"https:\/\/akdenizolaygazetesi.com\/index.php?rest_route=\/wp\/v2\/media\/13409"}],"wp:attachment":[{"href":"https:\/\/akdenizolaygazetesi.com\/index.php?rest_route=%2Fwp%2Fv2%2Fmedia&parent=13408"}],"wp:term":[{"taxonomy":"category","embeddable":true,"href":"https:\/\/akdenizolaygazetesi.com\/index.php?rest_route=%2Fwp%2Fv2%2Fcategories&post=13408"},{"taxonomy":"post_tag","embeddable":true,"href":"https:\/\/akdenizolaygazetesi.com\/index.php?rest_route=%2Fwp%2Fv2%2Ftags&post=13408"}],"curies":[{"name":"wp","href":"https:\/\/api.w.org\/{rel}","templated":true}]}}