{"id":1341,"date":"2020-11-04T18:21:54","date_gmt":"2020-11-04T15:21:54","guid":{"rendered":"http:\/\/mersinekonomipolitikagazetesi.com\/?p=1341"},"modified":"2020-11-04T18:21:54","modified_gmt":"2020-11-04T15:21:54","slug":"erdemli-belediyesi-sehir-tiyatrosu-giresunda-sahneye-cikti","status":"publish","type":"post","link":"https:\/\/akdenizolaygazetesi.com\/?p=1341","title":{"rendered":"Erdemli Belediyesi \u015eehir Tiyatrosu Giresun\u2019da sahneye \u00e7\u0131kt\u0131"},"content":{"rendered":"<p>Mersin\u2019in Erdemli Belediyesi \u015eehir Tiyatrosu, onur konu\u011fu olarak davet edildi\u011fi 23. Giresun Tiyatro Festivalinde sahneye \u00e7\u0131kt\u0131. Festivalde sergiledi\u011fi \u201cOcak\u201d adl\u0131 tiyatro oyunuyla b\u00fcy\u00fck be\u011feni toplayan Erdemli Belediyesi \u015eehir Tiyatrosu ekibi, dakikalarca ayakta alk\u0131\u015fland\u0131.<\/p>\n<p>Erdemli Belediyesi \u015eehir Tiyatrosu ekibinin festivalde sahneledi\u011fi oyun hem izleyicilerin hem j\u00fcrinin takdirini ald\u0131. Festival j\u00fcrisi, ekibi \u00f6d\u00fcle lay\u0131k g\u00f6rd\u00fc.<br \/>\nErdemli Belediyesi \u015eehir Tiyatrosu Genel Sanat Y\u00f6netmeni Deniz Sandalc\u0131, yapt\u0131\u011f\u0131 a\u00e7\u0131klamada, amat\u00f6r bir yap\u0131da kurduklar\u0131 \u015fehir tiyatrosunun Erdemli\u2019nin ad\u0131n\u0131 ulusal ve uluslararas\u0131 alanda duyurdu\u011funu ve profesyonellere ta\u015f \u00e7\u0131kartan i\u015flere imza att\u0131klar\u0131n\u0131 s\u00f6yledi. Ba\u015fta kendilerine her konuda destek olan Erdemli Belediye Ba\u015fkan\u0131 M\u00fckerrem Tollu olmak \u00fczere tiyatro oyuncular\u0131na ve izleyicilere te\u015fekk\u00fcr eden Sandalc\u0131, izlendik\u00e7e izlettirmeye devam edeceklerini dile getirdi.<br \/>\nGiresun\u2019da Azerbaycan\u2019dan da davet alan \u015fehir tiyatrosuna y\u00f6nelik a\u00e7\u0131klama yapan Erdemli Belediye Ba\u015fkan\u0131 M\u00fckerrem Tollu da Erdemli\u2019nin sanat \u015fehri olmas\u0131 i\u00e7in ellerinden geleni yapt\u0131klar\u0131n\u0131 ve yapmaya da devam edeceklerini belirtti. \u015eehir tiyatrosunun g\u00f6n\u00fcll\u00fclerden olu\u015ftu\u011funu ve profesyonel bir sahne ortaya koyduklar\u0131n\u0131 kaydeden Tollu, belediye olarak her zaman sanat\u0131n ve sanat\u00e7\u0131n\u0131n yan\u0131nda olacaklar\u0131n\u0131 vurgulad\u0131.<br \/>\nErdemli Belediyesi \u015eehir Tiyatrosu ekibinin, bir\u00e7ok il ve il\u00e7eden davet ald\u0131\u011f\u0131 ve bu \u00e7er\u00e7evede turneye \u00e7\u0131kaca\u011f\u0131 bildirildi.<\/p>\n","protected":false},"excerpt":{"rendered":"<p>Mersin\u2019in Erdemli Belediyesi \u015eehir Tiyatrosu, onur konu\u011fu olarak davet edildi\u011fi 23. Giresun Tiyatro Festivalinde sahneye \u00e7\u0131kt\u0131. Festivalde sergiledi\u011fi \u201cOcak\u201d adl\u0131 tiyatro oyunuyla b\u00fcy\u00fck be\u011feni toplayan Erdemli Belediyesi \u015eehir Tiyatrosu ekibi, &hellip; <a href=\"https:\/\/akdenizolaygazetesi.com\/?p=1341\" class=\"more-link\">Devam\u0131n\u0131 Oku&#8230;<\/a><\/p>\n","protected":false},"author":1,"featured_media":0,"comment_status":"open","ping_status":"open","sticky":false,"template":"","format":"standard","meta":[],"categories":[],"tags":[],"_links":{"self":[{"href":"https:\/\/akdenizolaygazetesi.com\/index.php?rest_route=\/wp\/v2\/posts\/1341"}],"collection":[{"href":"https:\/\/akdenizolaygazetesi.com\/index.php?rest_route=\/wp\/v2\/posts"}],"about":[{"href":"https:\/\/akdenizolaygazetesi.com\/index.php?rest_route=\/wp\/v2\/types\/post"}],"author":[{"embeddable":true,"href":"https:\/\/akdenizolaygazetesi.com\/index.php?rest_route=\/wp\/v2\/users\/1"}],"replies":[{"embeddable":true,"href":"https:\/\/akdenizolaygazetesi.com\/index.php?rest_route=%2Fwp%2Fv2%2Fcomments&post=1341"}],"version-history":[{"count":0,"href":"https:\/\/akdenizolaygazetesi.com\/index.php?rest_route=\/wp\/v2\/posts\/1341\/revisions"}],"wp:attachment":[{"href":"https:\/\/akdenizolaygazetesi.com\/index.php?rest_route=%2Fwp%2Fv2%2Fmedia&parent=1341"}],"wp:term":[{"taxonomy":"category","embeddable":true,"href":"https:\/\/akdenizolaygazetesi.com\/index.php?rest_route=%2Fwp%2Fv2%2Fcategories&post=1341"},{"taxonomy":"post_tag","embeddable":true,"href":"https:\/\/akdenizolaygazetesi.com\/index.php?rest_route=%2Fwp%2Fv2%2Ftags&post=1341"}],"curies":[{"name":"wp","href":"https:\/\/api.w.org\/{rel}","templated":true}]}}