{"id":13414,"date":"2021-07-23T12:14:01","date_gmt":"2021-07-23T09:14:01","guid":{"rendered":"http:\/\/akdenizolaygazetesi.com\/?p=13414"},"modified":"2021-07-23T12:14:01","modified_gmt":"2021-07-23T09:14:01","slug":"secer-biz-belediyeciligi-insana-dokunmak-insanin-elinden-tutmak-icin-yapiyoruz","status":"publish","type":"post","link":"https:\/\/akdenizolaygazetesi.com\/?p=13414","title":{"rendered":"SE\u00c7ER: \u201cB\u0130Z BELED\u0130YEC\u0130L\u0130\u011e\u0130 \u0130NSANA DOKUNMAK, \u0130NSANIN EL\u0130NDEN TUTMAK \u0130\u00c7\u0130N YAPIYORUZ\u201d"},"content":{"rendered":"<p>Mersin B\u00fcy\u00fck\u015fehir Belediye Ba\u015fkan\u0131 Vahap Se\u00e7er, Kurban Bayram\u0131\u2019n\u0131n 3. g\u00fcn\u00fcnde Toroslar il\u00e7esinin yaylalar\u0131nda vatanda\u015flar ile bir araya gelip bayramla\u015ft\u0131, sorunlar\u0131n\u0131 dinledi. Toroslar\u2019da s\u0131ras\u0131yla Yenik\u00f6y, G\u00fczelyayla, Sadiye, De\u011fnek, T\u0131rtar ve Arslank\u00f6y Mahallelerini ziyaret eden Se\u00e7er, \u201cBiz belediyecili\u011fi insana dokunmak, insan\u0131n elinden tutmak, insana yard\u0131mc\u0131 olmak i\u00e7in yap\u0131yoruz\u201d dedi.<\/p>\n<p>B\u00fcy\u00fck\u015fehir Belediye Ba\u015fkan\u0131 Vahap Se\u00e7er\u2019e mahalle ziyaretleri s\u0131ras\u0131nda, CHP Mersin Milletvekili Cengiz G\u00f6k\u00e7el, CHP il ve il\u00e7e y\u00f6neticileri, Mersin Ziraat Odas\u0131 Ba\u015fkan\u0131 Musa Y\u0131lmaz, Meclis \u00fcyeleri, B\u00fcy\u00fck\u015fehir Belediyesi b\u00fcrokratlar\u0131, daire ba\u015fkanlar\u0131, muhtarlar ve vatanda\u015flar e\u015flik etti.<\/p>\n<p>Ba\u015fkan Se\u00e7er\u2019e Yenik\u00f6y\u2019de co\u015fkulu kar\u015f\u0131lama<\/p>\n<p>Se\u00e7er, Yenik\u00f6y\u2019e ge\u00e7meden \u00f6nce Alada\u011f Mahallesi\u2019nde durup, kahvehane ziyareti yaparak, vatanda\u015flarla bayramla\u015ft\u0131. Yenik\u00f6y Mahallesi\u2019nde davul, zurna ve konfetiler ile kar\u015f\u0131lanan Ba\u015fkan Se\u00e7er i\u00e7in ayr\u0131ca \u2018Toroslar\u2019dan Mersin\u2019e, Mersin\u2019den T\u00fcrkiye\u2019ye Bir Umuttur Vahap Se\u00e7er\u2019 yaz\u0131l\u0131 pankart a\u00e7\u0131ld\u0131. Yenik\u00f6y\u2019\u00fcn ard\u0131ndan G\u00fczelyayla Mahallesi\u2019ne ge\u00e7en Se\u00e7er, sonras\u0131nda Sadiye Mahallesi\u2019ndeki vatanda\u015flarla bulu\u015ftu. Sadiye Mahallesi\u2019nde \u2018\u00c7erkes Mahalli\u2019 g\u00f6sterisi ile kar\u015f\u0131lanan Se\u00e7er\u2019e mahallede Mersin Ticaret ve Sanayi Odas\u0131 (MTSO) Y\u00f6netim Kurulu Ba\u015fkan\u0131 Ayhan K\u0131z\u0131ltan da e\u015flik etti.<\/p>\n<p>Se\u00e7er, Sadiye Mahallesi\u2019nde minik Duygu\u2019ya park s\u00f6z\u00fc verdi<\/p>\n<p>Yenik\u00f6y\u2019\u00fcn ard\u0131ndan De\u011fnek Mahallesi\u2019ne ge\u00e7en Se\u00e7er, 7 kilometrelik De\u011fnek-T\u0131rtar yolunun yap\u0131laca\u011f\u0131n\u0131 s\u00f6yledi. Ayr\u0131ca, mahallede ya\u015fayan \u00e7ocuklardan 9 ya\u015f\u0131ndaki Duygu Keskin, Ba\u015fkan Se\u00e7er\u2019den park istedi. Ba\u015fkan Se\u00e7er de park\u0131 yapacaklar\u0131n\u0131n s\u00f6z\u00fcn\u00fc verdi. De\u011fnek\u2019ten T\u0131rtar Mahallesi\u2019ne ge\u00e7en Se\u00e7er, T\u0131rtarl\u0131 vatanda\u015flara da su m\u00fcjdesini vererek, Arslank\u00f6y-T\u0131rtar aras\u0131ndaki 5 kilometrelik yolun ve Yavca-T\u0131rtar aras\u0131ndaki yolun 2022 y\u0131l\u0131nda yap\u0131laca\u011f\u0131n\u0131 s\u00f6yledi. Son olarak Arslank\u00f6y Mahallesi\u2019ne ge\u00e7en Se\u00e7er, mahallede esnaf ziyareti yap\u0131p, hay\u0131rl\u0131 i\u015fler diledi, vatanda\u015flarla selamla\u015ft\u0131.<\/p>\n<p>\u0130lk durak Yenik\u00f6y oldu<\/p>\n<p>\u0130lk olarak Yenik\u00f6y Mahallesi\u2019nde vatanda\u015flara seslenen Ba\u015fkan Se\u00e7er, b\u00f6lgenin k\u0131\u015f n\u00fcfusu ile yaz n\u00fcfusu aras\u0131nda \u00f6nemli bir fark oldu\u011funa de\u011finirken, baz\u0131 b\u00f6lgelerde ya\u015fanan su sorununun Yenik\u00f6y\u2019de ya\u015fanmad\u0131\u011f\u0131n\u0131 belirtti. \u00d6zellikle yaylal\u0131k b\u00f6lgelerde ya\u015fayan vatanda\u015flar\u0131n su s\u0131k\u0131nt\u0131s\u0131 konusunda kendisini arad\u0131klar\u0131n\u0131 s\u00f6yleyen Se\u00e7er, ka\u00e7ak su kullan\u0131m\u0131 konusuna de\u011finerek, vatanda\u015flardan suyu daha dikkatli kullanmalar\u0131n\u0131 istedi. Temizlik konusunda da vatanda\u015flar\u0131n azami d\u00fczeyde duyarl\u0131 olmas\u0131n\u0131n \u00f6nemine de\u011finen Se\u00e7er, \u201cMersin\u2019e temiz bir \u015fehir g\u00f6r\u00fcnt\u00fcs\u00fc yak\u0131\u015f\u0131r. Mersin modern kent, Mersin zengin kent, bereketli kent, \u00e7a\u011fda\u015f kent. Mersin kirli oldu mu bir \u00e7uval inciri berbat ediyoruz\u201d dedi.<\/p>\n<p>\u201cB\u00fct\u00e7enin 5\u2019te 1\u2019i yol hizmetlerinin\u201d<\/p>\n<p>K\u00f6ylerde ya\u015fayan vatanda\u015flar\u0131n kendilerinden \u00f6ncelikle yol istedi\u011fini de ifade eden Se\u00e7er, \u201cBu y\u0131l 2 milyar 665 milyon lira B\u00fcy\u00fck\u015fehir\u2019in b\u00fct\u00e7esi var. \u015eu anda 2 milyar 665\u2019in 5\u2019te 1\u2019i yakla\u015f\u0131k olarak 554 milyonu yol asfalt. Kald\u0131r\u0131mlar bunun i\u00e7erisinde. Yapt\u0131\u011f\u0131m\u0131z bu sathi kaplamalar. Bu kamu kayna\u011f\u0131, bu sizin vergilerinizden elde etti\u011fimiz paralar. Bize sizden geliyor bu paralar\u201d dedi. Mersin\u2019in iyiye gitti\u011finden ve \u00e7ok daha g\u00fczel i\u015fler yapacaklar\u0131ndan s\u00f6z eden Se\u00e7er, \u201cKendimizi t\u00fcm benli\u011fimizle Mersin\u2019e adam\u0131\u015f\u0131z. Mersin\u2019i \u00e7ok iyi noktalara getirece\u011fiz. Bize oy vermi\u015f, vermemi\u015f, bizi sevmi\u015f, sevmemi\u015f herkesin hay\u0131r duas\u0131n\u0131, y\u00fcre\u011finde insanl\u0131k, vicdan ve adalet ta\u015f\u0131yan herkesin te\u015fekk\u00fcr\u00fcn\u00fc ald\u0131\u011f\u0131m\u0131z noktada biz kendimizi g\u00f6rev yapm\u0131\u015f olarak de\u011ferlendirece\u011fiz\u201d dedi.<\/p>\n<p>\u201cBu \u015fehri biz ihya edece\u011fiz. Bu yola ba\u015f koyduk\u201d<\/p>\n<p>Ba\u015fkan Se\u00e7er, G\u00fczelyayla Mahallesi\u2019nde yapt\u0131\u011f\u0131 konu\u015fmada, \u201cBurada yaylas\u0131n\u0131 yapan, k\u0131\u015f\u0131n yorgunlu\u011funu atmak i\u00e7in, ovan\u0131n, a\u015fa\u011f\u0131n\u0131n s\u0131ca\u011f\u0131ndan kurtulmak i\u00e7in, \u00e7olu\u011fuyla, \u00e7ocu\u011fuyla buraya gelip, burada yayla yapan ister MHP\u2019li, ister AK Partili, ister \u0130Y\u0130 Partili hangi partiye mensup olursa olsun t\u00fcm karde\u015flerimin emrine amade B\u00fcy\u00fck\u015fehir\u201d diye konu\u015ftu.<\/p>\n<p>G\u00fczelyayla\u2019n\u0131n da su s\u0131k\u0131nt\u0131s\u0131 ya\u015fanmayan yerler aras\u0131nda oldu\u011funu kaydeden Se\u00e7er, MESK\u0130\u2019ye kazand\u0131rd\u0131klar\u0131 SCADA sistemi ile t\u00fcm b\u00f6lgeleri izleyebildiklerini anlatt\u0131. Se\u00e7er, \u201cBuray\u0131, Ayvagedi\u011fi\u2019ni, G\u00f6zne\u2019yi, bir\u00e7ok b\u00f6lgeyi izliyoruz. Mersin merkezde su s\u0131k\u0131nt\u0131s\u0131 ya\u015fanan bir\u00e7ok b\u00f6lgeyi SCADA\u2019dan izliyoruz. Depolardaki su seviyenizi de SCADA merkezinden g\u00f6rebiliyoruz. Onun i\u00e7in de an\u0131nda m\u00fcdahale edebiliyoruz. Demek ki i\u015fin i\u00e7erisine teknolojiyi, akl\u0131, fikri katt\u0131\u011f\u0131n zaman; belediyecili\u011fi bir kurumsal h\u00fcviyetle, ak\u0131lc\u0131l\u0131k yoluyla, ayr\u0131mc\u0131l\u0131k yapmadan, siyaset yapmadan, gelecek se\u00e7imi d\u00fc\u015f\u00fcnmeden hizmet yapt\u0131\u011f\u0131n zaman \u015fehri ihya edersin. Bu \u015fehri biz ihya edece\u011fiz. Bu yola ba\u015f koyduk. Biz bu \u015fehri Anamur\u2019dan Tarsus\u2019a kadar, Mut\u2019tan \u00c7aml\u0131yayla\u2019ya kadar hi\u00e7bir b\u00f6lgesel ayr\u0131m yapmadan, oras\u0131 bize \u00e7ok oy veriyor, oras\u0131 \u00e7ok vergi \u00f6d\u00fcyor, oras\u0131 \u00e7ok zengin, oras\u0131 \u00e7ok fakir, hi\u00e7bir ayr\u0131m yapmadan her yere e\u015fit mesafede hizmet g\u00f6t\u00fcrmeye devam edece\u011fiz\u201d diye konu\u015ftu.<\/p>\n<p>\u201cBiz belediyecili\u011fi insana dokunmak, insan\u0131n elinden tutmak i\u00e7in yap\u0131yoruz\u201d<\/p>\n<p>Sadiye Mahallesi\u2019nde vatanda\u015flara seslenen Se\u00e7er, b\u00f6lgede \u00fcretimi yap\u0131lan kiraz\u0131n mahalle i\u00e7in \u00e7ok b\u00fcy\u00fck bir nimet oldu\u011funu ifade etti ve \u00fcretim alanlar\u0131n\u0131n daha da geni\u015fletilmesi gerekti\u011fini belirtti. Merkezi h\u00fck\u00fcmetlerin de ekonomi politikalar\u0131n\u0131 insan ve \u00fcretim odakl\u0131 yapmaya gayret etmeleri gerekti\u011fini s\u00f6yleyen Se\u00e7er, \u201cBizim i\u00e7in do\u011fru olan; hi\u00e7bir etnik, siyasi, b\u00f6lgecilik ayr\u0131m\u0131 yapmadan o insanlar\u0131 kucaklamak\u201d dedi.<\/p>\n<p>Sadiye yolunu yapt\u0131klar\u0131n\u0131 ifade eden Se\u00e7er, \u201c\u015eimdi ikinci, son kat\u0131 d\u00f6kece\u011fiz. F\u0131nd\u0131k-Arslank\u00f6y aras\u0131n\u0131 yap\u0131yor ekiplerimiz. \u00d6n\u00fcm\u00fczdeki ay i\u00e7erisinde oras\u0131 bitiyor, buraya geliyorlar. Burada yine Alanyal\u0131-Sadiye aras\u0131 var. Kiraz hasat d\u00f6neminden dolay\u0131, \u00fcretiminden dolay\u0131 bir m\u00fcddet bekletildi. Altyap\u0131 yap\u0131ld\u0131, haz\u0131r. Orada \u00e7al\u0131\u015fmalar devam ediyor, buraya kadar ba\u011flanacak, yol yap\u0131lacak\u201d diye konu\u015ftu.<\/p>\n<p>De\u011fnek Mahallesi\u2019ndeki hem\u015fehrileri ile de bir araya gelen Se\u00e7er, 7 kilometrelik De\u011fnek-T\u0131rtar yolunun 2021 y\u0131l\u0131nda yap\u0131laca\u011f\u0131n\u0131 s\u00f6yledi. Se\u00e7er, ge\u00e7ti\u011fimiz y\u0131lda da 8 kilometrelik Hangedi\u011fi yolunu yapt\u0131klar\u0131n\u0131 belirtti. De\u011fnek\u2019te su s\u0131k\u0131nt\u0131s\u0131 oldu\u011funu kaydeden Ba\u015fkan Se\u00e7er, bir\u00e7ok b\u00f6lgede su kayna\u011f\u0131n\u0131n yetersiz oldu\u011funu s\u00f6zlerine ekleyerek, \u201cSu kayna\u011f\u0131 \u2018eh idare eder\u2019 dedi\u011fimiz yerlerde de insanlar bah\u00e7e suluyor. Bu bizi \u00e7ok s\u0131k\u0131nt\u0131ya sokuyor. \u015eimdi bu yasal olarak yasak. MESK\u0130\u2019nin suyuyla sulayamazlar. \u015eimdi ben talimat verdim arkada\u015flara. Bunlar\u0131n \u00e7ok b\u00fcy\u00fck cezalar\u0131 var. Baz\u0131 d\u00f6nemler g\u00f6z yumuyoruz, suyumuz var kullan\u0131labilir ama \u015fimdi i\u00e7me suyunu bulam\u0131yor adam, temizlik suyunu bulam\u0131yor. Bayram g\u00fcn\u00fc rezil oluyor. Ben buna m\u00fcsaade edemem\u201d dedi.<\/p>\n<p>Se\u00e7er, T\u0131rtar i\u00e7in su m\u00fcjdesini verdi<\/p>\n<p>T\u0131rtar Mahallesi\u2019ni de ziyaret eden Ba\u015fkan Se\u00e7er, mahalle halk\u0131na su m\u00fcjdesi verdi. Se\u00e7er, b\u00f6lgenin suyunun yetersiz oldu\u011funu ve Arslank\u00f6y\u2019den beslendi\u011fini belirterek, \u201cArslank\u00f6y\u2019de de bu y\u0131l her yerde oldu\u011fu gibi su kaynaklar\u0131nda sorun ya\u015fan\u0131yor. Dolay\u0131s\u0131yla oran\u0131n suyunu ancak oraya yeter diye buraya vermiyoruz\u201d dedi. T\u0131rtar-De\u011fnek aras\u0131ndaki 7 kilometrelik yolun bu y\u0131l sathi kaplama yap\u0131laca\u011f\u0131n\u0131 s\u00f6yleyen Se\u00e7er, Arslank\u00f6y-T\u0131rtar aras\u0131ndaki 5 kilometrelik yolun da 2022&#8217;de yap\u0131laca\u011f\u0131n\u0131 s\u00f6yledi. Se\u00e7er, Yavca ve Arslank\u00f6y yolunun 2022 y\u0131l\u0131nda yap\u0131laca\u011f\u0131n\u0131 belirterek, 7 kilometrelik De\u011fnek yolunun da tamamlanaca\u011f\u0131n\u0131 kaydetti.<\/p>\n<p>Se\u00e7er\u2019in son dura\u011f\u0131 Arslank\u00f6y oldu<\/p>\n<p>Son dura\u011f\u0131 olan Arslank\u00f6y\u2019de vatanda\u015flar ile bir araya gelen Se\u00e7er,  Arslank\u00f6y\u2019\u00fcn \u00e7a\u011fda\u015f insanlar yeti\u015ftirdi\u011fini ifade ederek, \u201cArslank\u00f6yl\u00fc olmakla bence her zaman gurur duyun, mutlu olun\u201d dedi. Ba\u015fkan Se\u00e7er, yazl\u0131k\u00e7\u0131 n\u00fcfusun yo\u011fun olarak ya\u015fad\u0131\u011f\u0131 b\u00f6lgelerde su, kanalizasyon, \u00fcstyap\u0131 gibi alanlarda s\u0131k\u0131nt\u0131 ya\u015fanabildi\u011fini s\u00f6yledi.  <\/p>\n<p>B\u00f6lgenin imar plan\u0131n\u0131n bir an evvel yap\u0131lmas\u0131 gerekti\u011fini ifade eden Se\u00e7er, \u201cB\u00fct\u00fcn yayla b\u00f6lgelerinde bu sorun var. D\u00fcn G\u00fclek\u2019te de ayn\u0131 sorun oldu. Orada da bu konuyu dile getirdim. Bayram\u0131n ilk g\u00fcn\u00fc Ats\u0131z Af\u015f\u0131n Ba\u015fkan\u2019la da bayramla\u015fmada bir aradayd\u0131m. Sonra bir kahve i\u00e7in bir yere oturduk. Bu konuyu g\u00fcndeme getirdik. Dedim \u2018bak Ba\u015fkan en sorunlu yer Toroslar b\u00f6lgesi. \u00c7\u00fcnk\u00fc yaylal\u0131k b\u00f6lgeler senin orada.\u2019 \u2018Hakl\u0131s\u0131n Ba\u015fkan\u2019 dedi. \u2018Bunu h\u0131zla yapal\u0131m\u2019 dedim. Yani biz 1\/5000\u2019li\u011fi yapaca\u011f\u0131z, sonra gidecek onlar 1\/1000\u2019li\u011fini, s\u00fcratle bunlar\u0131 yapacak\u201d dedi.<\/p>\n<p>Siyasi olarak hi\u00e7bir ayr\u0131m yapmad\u0131klar\u0131n\u0131 ve liyakate \u00f6nem verdiklerini aktaran Se\u00e7er, \u201cBu belediye herkesin belediyesi. Bu belediye kimsenin babas\u0131n\u0131n \u00e7iftli\u011fi falan da de\u011fil\u201d dedi. Se\u00e7er, ayr\u0131ca, \u201cBiz bu \u00fclkeye bar\u0131\u015f, huzur, karde\u015flik ihya etmeye geliyoruz. Bu \u00fclkeyi kalk\u0131nd\u0131rmak i\u00e7in geliyoruz. Bunun i\u00e7in bu iddiay\u0131 ortaya koyuyoruz. G\u00fcn\u00fc kurtaral\u0131m, durumu kurtaral\u0131m, bizi destekleyenleri zengin edelim. Hay\u0131r, b\u00f6yle bir \u015fey yok. Benim Genel Ba\u015fkan\u0131m\u0131n b\u00f6yle d\u00fc\u015f\u00fcncesi hi\u00e7 yok\u201d diye konu\u015ftu.<\/p>\n","protected":false},"excerpt":{"rendered":"<p>Mersin B\u00fcy\u00fck\u015fehir Belediye Ba\u015fkan\u0131 Vahap Se\u00e7er, Kurban Bayram\u0131\u2019n\u0131n 3. g\u00fcn\u00fcnde Toroslar il\u00e7esinin yaylalar\u0131nda vatanda\u015flar ile bir araya gelip bayramla\u015ft\u0131, sorunlar\u0131n\u0131 dinledi. Toroslar\u2019da s\u0131ras\u0131yla Yenik\u00f6y, G\u00fczelyayla, Sadiye, De\u011fnek, T\u0131rtar ve Arslank\u00f6y &hellip; <a href=\"https:\/\/akdenizolaygazetesi.com\/?p=13414\" class=\"more-link\">Devam\u0131n\u0131 Oku&#8230;<\/a><\/p>\n","protected":false},"author":2,"featured_media":13415,"comment_status":"open","ping_status":"open","sticky":false,"template":"","format":"standard","meta":[],"categories":[8,3,5],"tags":[],"_links":{"self":[{"href":"https:\/\/akdenizolaygazetesi.com\/index.php?rest_route=\/wp\/v2\/posts\/13414"}],"collection":[{"href":"https:\/\/akdenizolaygazetesi.com\/index.php?rest_route=\/wp\/v2\/posts"}],"about":[{"href":"https:\/\/akdenizolaygazetesi.com\/index.php?rest_route=\/wp\/v2\/types\/post"}],"author":[{"embeddable":true,"href":"https:\/\/akdenizolaygazetesi.com\/index.php?rest_route=\/wp\/v2\/users\/2"}],"replies":[{"embeddable":true,"href":"https:\/\/akdenizolaygazetesi.com\/index.php?rest_route=%2Fwp%2Fv2%2Fcomments&post=13414"}],"version-history":[{"count":1,"href":"https:\/\/akdenizolaygazetesi.com\/index.php?rest_route=\/wp\/v2\/posts\/13414\/revisions"}],"predecessor-version":[{"id":13416,"href":"https:\/\/akdenizolaygazetesi.com\/index.php?rest_route=\/wp\/v2\/posts\/13414\/revisions\/13416"}],"wp:featuredmedia":[{"embeddable":true,"href":"https:\/\/akdenizolaygazetesi.com\/index.php?rest_route=\/wp\/v2\/media\/13415"}],"wp:attachment":[{"href":"https:\/\/akdenizolaygazetesi.com\/index.php?rest_route=%2Fwp%2Fv2%2Fmedia&parent=13414"}],"wp:term":[{"taxonomy":"category","embeddable":true,"href":"https:\/\/akdenizolaygazetesi.com\/index.php?rest_route=%2Fwp%2Fv2%2Fcategories&post=13414"},{"taxonomy":"post_tag","embeddable":true,"href":"https:\/\/akdenizolaygazetesi.com\/index.php?rest_route=%2Fwp%2Fv2%2Ftags&post=13414"}],"curies":[{"name":"wp","href":"https:\/\/api.w.org\/{rel}","templated":true}]}}