{"id":13417,"date":"2021-07-23T12:15:32","date_gmt":"2021-07-23T09:15:32","guid":{"rendered":"http:\/\/akdenizolaygazetesi.com\/?p=13417"},"modified":"2021-07-23T12:15:46","modified_gmt":"2021-07-23T09:15:46","slug":"bayramlar-bir-arada-olmaktir","status":"publish","type":"post","link":"https:\/\/akdenizolaygazetesi.com\/?p=13417","title":{"rendered":"\u201cBayramlar, Bir Arada Olmakt\u0131r\u201d"},"content":{"rendered":"<p>Toroslar Belediye Ba\u015fkan\u0131 Ats\u0131z Af\u015f\u0131n Y\u0131lmaz, Kurban Bayram\u0131\u2019nda hem\u015fehrileriyle bir araya gelerek, bayramlar\u0131n\u0131 kutlad\u0131.<\/p>\n<p>Dalakderesi, Musal\u0131 ve Arslank\u00f6y Mahallelerini ziyaret eden Ba\u015fkan Y\u0131lmaz, 7\u2019den 70\u2019e t\u00fcm hem\u015fehrileriyle bayramla\u015ft\u0131, sohbet etti, hasret giderdi.<\/p>\n<p>Esnaf\u0131 tek tek gezen ve \u00e7ocuklarla da yak\u0131ndan ilgilenen Ba\u015fkan Y\u0131lmaz\u2019\u0131 b\u00fcy\u00fck bir co\u015fkuyla kar\u015f\u0131layan vatanda\u015flar ise ziyaretten duyduklar\u0131 memnuniyeti dile getirerek te\u015fekk\u00fcr etti<\/p>\n<p>\u201cBayramlar, Bir Arada Olmakt\u0131r\u201d<\/p>\n<p>Toroslar\u2019da huzurlu ve bereketli bir bayram\u0131 geride b\u0131rakt\u0131klar\u0131n\u0131 belirten Ba\u015fkan Y\u0131lmaz; \u201cPandemiyle m\u00fccadele etti\u011fimiz zor bir d\u00f6nem ge\u00e7irdik. Kurban Bayram\u0131\u2019n\u0131, hem\u015fehrilerimizle bir arada kutlaman\u0131n mutlulu\u011funu ya\u015f\u0131yoruz.  Rabbim, birlik ve beraberli\u011fimizi daim eylesin\u201d dedi.<\/p>\n<p>\u201cEkiplerimiz Seferber Oldu\u201d<\/p>\n<p>\u201cToroslar Belediyesi olarak hem\u015fehrilerimizin m\u00fcbarek Kurban Bayram\u0131\u2019n\u0131 rahat ve huzurlu bir \u015fekilde ge\u00e7irmeleri i\u00e7in her y\u0131l oldu\u011fu gibi bu bayramda da t\u00fcm imkanlar\u0131m\u0131z\u0131 seferber ettik\u201d diyen Ba\u015fkan Y\u0131lmaz; \u201c33 farkl\u0131 noktada olu\u015fturdu\u011fumuz kurban kesim merkezlerimiz ile 30 d\u00f6n\u00fcm alan \u00fczerine kurdu\u011fumuz kurban sat\u0131\u015f yerimizde denetim ve temizlik \u00e7al\u0131\u015fmalar\u0131m\u0131z\u0131 titizlikle ger\u00e7ekle\u015ftirdik. Hem\u015fehrilerimizin her an yan\u0131nda olduk. Bayram s\u00fcresince mesai g\u00f6zetmeksizin canla ba\u015fla \u00e7al\u0131\u015fan personelimize te\u015fekk\u00fcr ederim. \u0130n\u015fallah bu bayram, salg\u0131n\u0131n g\u00f6lgesinde kutlanan son bayram olacak ve bunu yine hep birlikte ba\u015faraca\u011f\u0131z\u201d diye konu\u015ftu.<\/p>\n","protected":false},"excerpt":{"rendered":"<p>Toroslar Belediye Ba\u015fkan\u0131 Ats\u0131z Af\u015f\u0131n Y\u0131lmaz, Kurban Bayram\u0131\u2019nda hem\u015fehrileriyle bir araya gelerek, bayramlar\u0131n\u0131 kutlad\u0131. Dalakderesi, Musal\u0131 ve Arslank\u00f6y Mahallelerini ziyaret eden Ba\u015fkan Y\u0131lmaz, 7\u2019den 70\u2019e t\u00fcm hem\u015fehrileriyle bayramla\u015ft\u0131, sohbet etti, &hellip; <a href=\"https:\/\/akdenizolaygazetesi.com\/?p=13417\" class=\"more-link\">Devam\u0131n\u0131 Oku&#8230;<\/a><\/p>\n","protected":false},"author":2,"featured_media":13418,"comment_status":"open","ping_status":"open","sticky":false,"template":"","format":"standard","meta":[],"categories":[1,2,3,5],"tags":[],"_links":{"self":[{"href":"https:\/\/akdenizolaygazetesi.com\/index.php?rest_route=\/wp\/v2\/posts\/13417"}],"collection":[{"href":"https:\/\/akdenizolaygazetesi.com\/index.php?rest_route=\/wp\/v2\/posts"}],"about":[{"href":"https:\/\/akdenizolaygazetesi.com\/index.php?rest_route=\/wp\/v2\/types\/post"}],"author":[{"embeddable":true,"href":"https:\/\/akdenizolaygazetesi.com\/index.php?rest_route=\/wp\/v2\/users\/2"}],"replies":[{"embeddable":true,"href":"https:\/\/akdenizolaygazetesi.com\/index.php?rest_route=%2Fwp%2Fv2%2Fcomments&post=13417"}],"version-history":[{"count":2,"href":"https:\/\/akdenizolaygazetesi.com\/index.php?rest_route=\/wp\/v2\/posts\/13417\/revisions"}],"predecessor-version":[{"id":13420,"href":"https:\/\/akdenizolaygazetesi.com\/index.php?rest_route=\/wp\/v2\/posts\/13417\/revisions\/13420"}],"wp:featuredmedia":[{"embeddable":true,"href":"https:\/\/akdenizolaygazetesi.com\/index.php?rest_route=\/wp\/v2\/media\/13418"}],"wp:attachment":[{"href":"https:\/\/akdenizolaygazetesi.com\/index.php?rest_route=%2Fwp%2Fv2%2Fmedia&parent=13417"}],"wp:term":[{"taxonomy":"category","embeddable":true,"href":"https:\/\/akdenizolaygazetesi.com\/index.php?rest_route=%2Fwp%2Fv2%2Fcategories&post=13417"},{"taxonomy":"post_tag","embeddable":true,"href":"https:\/\/akdenizolaygazetesi.com\/index.php?rest_route=%2Fwp%2Fv2%2Ftags&post=13417"}],"curies":[{"name":"wp","href":"https:\/\/api.w.org\/{rel}","templated":true}]}}