{"id":13421,"date":"2021-07-24T15:28:10","date_gmt":"2021-07-24T12:28:10","guid":{"rendered":"http:\/\/akdenizolaygazetesi.com\/?p=13421"},"modified":"2021-07-24T15:28:10","modified_gmt":"2021-07-24T12:28:10","slug":"baskan-yilmaz-basin-mensuplarimizin-basarili-calismalari-kentimize-katki-sagliyor","status":"publish","type":"post","link":"https:\/\/akdenizolaygazetesi.com\/?p=13421","title":{"rendered":"BA\u015eKAN YILMAZ; \u201cBASIN MENSUPLARIMIZIN BA\u015eARILI \u00c7ALI\u015eMALARI KENT\u0130M\u0130ZE KATKI SA\u011eLIYOR\u201d"},"content":{"rendered":"<p>Toroslar Belediye Ba\u015fkan\u0131 Ats\u0131z Af\u015f\u0131n Y\u0131lmaz, T\u00fcrk bas\u0131n\u0131nda sans\u00fcr\u00fcn kald\u0131r\u0131l\u0131\u015f\u0131n\u0131n 113&#8217;\u00fcnc\u00fc y\u0131l d\u00f6n\u00fcm\u00fc dolay\u0131s\u0131yla bir mesaj yay\u0131nlayarak, bas\u0131n \u00e7al\u0131\u015fanlar\u0131n\u0131n 24 Temmuz Bas\u0131n Bayram\u0131\u2019n\u0131 kutlad\u0131.<\/p>\n<p>Toplumun do\u011fru ve tarafs\u0131z haber alma hakk\u0131n\u0131 etik meslek ilkeleri \u00e7er\u00e7evesinde b\u00fcy\u00fck bir \u00f6zveri i\u00e7inde yerine getiren bas\u0131n \u00e7al\u0131\u015fanlar\u0131n\u0131n yapt\u0131klar\u0131 \u00e7al\u0131\u015fmalar\u0131 takdirle kar\u015f\u0131lad\u0131klar\u0131n\u0131 belirten Ba\u015fkan Y\u0131lmaz; \u201cUlu \u00d6nderimiz Mustafa Kemal Atat\u00fcrk\u2019\u00fcn, \u2018Bas\u0131n, milletin m\u00fc\u015fterek sesidir\u2019 s\u00f6z\u00fc, bas\u0131n\u0131n \u00f6nemini ve bas\u0131n mensuplar\u0131n\u0131n \u00fcstlendi\u011fi b\u00fcy\u00fck sorumlulu\u011fu ortaya koymaktad\u0131r\u201d dedi<\/p>\n<p>Ba\u015fkan Y\u0131lmaz, \u201cBas\u0131n, yasama, y\u00fcr\u00fctme ve yarg\u0131dan sonra demokrasinin d\u00f6rd\u00fcnc\u00fc kuvvetidir. Yapt\u0131klar\u0131 ba\u015far\u0131l\u0131 \u00e7al\u0131\u015fmalar ve g\u00f6sterdikleri hassasiyetle, g\u00fczel kentimiz Mersinimizin ve il\u00e7emizin, sosyal, k\u00fclt\u00fcrel ve ekonomik geli\u015fmesine katk\u0131da bulunan bas\u0131n mensuplar\u0131m\u0131za te\u015fekk\u00fcr ediyorum. Bu duygu ve d\u00fc\u015f\u00fcncelerle T\u00fcrk bas\u0131n\u0131nda sans\u00fcr\u00fcn kald\u0131r\u0131l\u0131\u015f\u0131n\u0131n 113&#8217;\u00fcnc\u00fc y\u0131l d\u00f6n\u00fcm\u00fcnde hayat\u0131n\u0131 kaybeden bas\u0131n mensuplar\u0131n\u0131 rahmetle an\u0131yor, t\u00fcm bas\u0131n \u00e7al\u0131\u015fanlar\u0131na sa\u011fl\u0131k, mutluluk ve ba\u015far\u0131lar diliyorum\u201d ifadelerini kulland\u0131.<\/p>\n","protected":false},"excerpt":{"rendered":"<p>Toroslar Belediye Ba\u015fkan\u0131 Ats\u0131z Af\u015f\u0131n Y\u0131lmaz, T\u00fcrk bas\u0131n\u0131nda sans\u00fcr\u00fcn kald\u0131r\u0131l\u0131\u015f\u0131n\u0131n 113&#8217;\u00fcnc\u00fc y\u0131l d\u00f6n\u00fcm\u00fc dolay\u0131s\u0131yla bir mesaj yay\u0131nlayarak, bas\u0131n \u00e7al\u0131\u015fanlar\u0131n\u0131n 24 Temmuz Bas\u0131n Bayram\u0131\u2019n\u0131 kutlad\u0131. Toplumun do\u011fru ve tarafs\u0131z haber alma &hellip; <a href=\"https:\/\/akdenizolaygazetesi.com\/?p=13421\" class=\"more-link\">Devam\u0131n\u0131 Oku&#8230;<\/a><\/p>\n","protected":false},"author":2,"featured_media":13422,"comment_status":"open","ping_status":"open","sticky":false,"template":"","format":"standard","meta":[],"categories":[1,3],"tags":[],"_links":{"self":[{"href":"https:\/\/akdenizolaygazetesi.com\/index.php?rest_route=\/wp\/v2\/posts\/13421"}],"collection":[{"href":"https:\/\/akdenizolaygazetesi.com\/index.php?rest_route=\/wp\/v2\/posts"}],"about":[{"href":"https:\/\/akdenizolaygazetesi.com\/index.php?rest_route=\/wp\/v2\/types\/post"}],"author":[{"embeddable":true,"href":"https:\/\/akdenizolaygazetesi.com\/index.php?rest_route=\/wp\/v2\/users\/2"}],"replies":[{"embeddable":true,"href":"https:\/\/akdenizolaygazetesi.com\/index.php?rest_route=%2Fwp%2Fv2%2Fcomments&post=13421"}],"version-history":[{"count":1,"href":"https:\/\/akdenizolaygazetesi.com\/index.php?rest_route=\/wp\/v2\/posts\/13421\/revisions"}],"predecessor-version":[{"id":13423,"href":"https:\/\/akdenizolaygazetesi.com\/index.php?rest_route=\/wp\/v2\/posts\/13421\/revisions\/13423"}],"wp:featuredmedia":[{"embeddable":true,"href":"https:\/\/akdenizolaygazetesi.com\/index.php?rest_route=\/wp\/v2\/media\/13422"}],"wp:attachment":[{"href":"https:\/\/akdenizolaygazetesi.com\/index.php?rest_route=%2Fwp%2Fv2%2Fmedia&parent=13421"}],"wp:term":[{"taxonomy":"category","embeddable":true,"href":"https:\/\/akdenizolaygazetesi.com\/index.php?rest_route=%2Fwp%2Fv2%2Fcategories&post=13421"},{"taxonomy":"post_tag","embeddable":true,"href":"https:\/\/akdenizolaygazetesi.com\/index.php?rest_route=%2Fwp%2Fv2%2Ftags&post=13421"}],"curies":[{"name":"wp","href":"https:\/\/api.w.org\/{rel}","templated":true}]}}