{"id":13424,"date":"2021-07-24T15:30:35","date_gmt":"2021-07-24T12:30:35","guid":{"rendered":"http:\/\/akdenizolaygazetesi.com\/?p=13424"},"modified":"2021-07-24T15:30:35","modified_gmt":"2021-07-24T12:30:35","slug":"gultak-24-temmuz-gazeteciler-ve-basin-bayramini-kutladi","status":"publish","type":"post","link":"https:\/\/akdenizolaygazetesi.com\/?p=13424","title":{"rendered":"G\u00dcLTAK; \u201924 TEMMUZ GAZETEC\u0130LER VE BASIN BAYRAMI\u2019NI KUTLADI"},"content":{"rendered":"<p>Bas\u0131nda sans\u00fcr\u00fcn kald\u0131r\u0131l\u0131\u015f\u0131n\u0131n y\u0131ld\u00f6n\u00fcm\u00fc ve Gazeteciler Bayram\u0131\u2019n\u0131 kutlayan Ba\u015fkan G\u00fcltak; insanlar\u0131n, do\u011fru ve tarafs\u0131z bilgiye eri\u015fiminin temel bir hak oldu\u011funu belirterek; \u201cToplumu do\u011fru bilgilendirmek amac\u0131yla zorluklara kar\u015f\u0131n mesle\u011fini fedak\u00e2rca icra eden bas\u0131n \u00e7al\u0131\u015fanlar\u0131n\u0131n \u201824 Temmuz Gazeteciler ve Bas\u0131n Bayram\u0131\u2019n\u0131 kutluyorum\u201d dedi.<br \/>\nAkdeniz Belediye Ba\u015fkan\u0131 M. Mustafa G\u00fcltak, \u2018Bas\u0131nda Sans\u00fcr\u00fcn Kald\u0131r\u0131l\u0131\u015f\u0131n\u0131n 113\u2019nc\u00fc y\u0131ld\u00f6n\u00fcm\u00fc ile \u201824 Temmuz Gazeteciler ve Bas\u0131n Bayram\u0131\u2019n\u0131, yay\u0131nlad\u0131\u011f\u0131 bir mesajla kutlad\u0131. Mesaj\u0131nda; demokratik ve \u015feffaf toplumlar\u0131 ya\u015fatan en \u00f6nemli unsurlardan birinin de \u00f6zg\u00fcr ve tarafs\u0131z bas\u0131n oldu\u011funa i\u015faret eden Ba\u015fkan G\u00fcltak; \u201cHalk\u0131n do\u011fru, objektif, tarafs\u0131z haber alma hakk\u0131 dokunulmazd\u0131r. Bu a\u00e7\u0131dan demokratik rejimlerde bas\u0131n vazge\u00e7ilemez bir g\u00fc\u00e7t\u00fcr. Zira Bas\u0131n; demokrasi, \u00f6zg\u00fcrl\u00fckler, insan hak ve h\u00fcrriyetlerinin geli\u015fmesi ve ilerlemesinde b\u00fcy\u00fck bir role sahiptir\u201d dedi.<br \/>\nMesaj\u0131nda; gazetecili\u011fin bir kamu g\u00f6revi oldu\u011funa da i\u015faret eden Ba\u015fkan G\u00fcltak; \u015fu ifadeleri kaydetti; \u201cBas\u0131nda Sans\u00fcr\u00fcn Kald\u0131r\u0131l\u0131\u015f\u0131n\u0131n 113\u2019nc\u00fc Y\u0131ld\u00f6n\u00fcm\u00fc ile 24 Temmuz Gazeteciler ve Bas\u0131n Bayram\u0131\u2019n\u0131 bir kez daha tebrik ediyor; sayg\u0131de\u011fer bas\u0131n emek\u00e7ilerimize ve ailelerine sa\u011fl\u0131k, mutluluk ve huzur diliyor, m\u00fcbarek Kurban Bayramlar\u0131n\u0131 da kutluyorum.<br \/>\nAkdeniz Belediyesi olarak; kentimizi ve il\u00e7emizi de\u011fi\u015ftirip geli\u015ftirmek, ayn\u0131 zamanda vatanda\u015flar\u0131m\u0131z\u0131n ya\u015fam\u0131n\u0131 kolayla\u015ft\u0131rmak amac\u0131yla hayata katt\u0131\u011f\u0131m\u0131z hizmet ve projelerimizin kent ve \u00fclke kamuoyuna ula\u015fmas\u0131 ve tan\u0131t\u0131lmas\u0131na katk\u0131 sa\u011flayan k\u0131ymetli bas\u0131n mensuplar\u0131m\u0131za ayr\u0131ca \u015f\u00fckranlar\u0131m\u0131 sunuyorum.\u201d <\/p>\n","protected":false},"excerpt":{"rendered":"<p>Bas\u0131nda sans\u00fcr\u00fcn kald\u0131r\u0131l\u0131\u015f\u0131n\u0131n y\u0131ld\u00f6n\u00fcm\u00fc ve Gazeteciler Bayram\u0131\u2019n\u0131 kutlayan Ba\u015fkan G\u00fcltak; insanlar\u0131n, do\u011fru ve tarafs\u0131z bilgiye eri\u015fiminin temel bir hak oldu\u011funu belirterek; \u201cToplumu do\u011fru bilgilendirmek amac\u0131yla zorluklara kar\u015f\u0131n mesle\u011fini fedak\u00e2rca icra &hellip; <a href=\"https:\/\/akdenizolaygazetesi.com\/?p=13424\" class=\"more-link\">Devam\u0131n\u0131 Oku&#8230;<\/a><\/p>\n","protected":false},"author":2,"featured_media":13425,"comment_status":"open","ping_status":"open","sticky":false,"template":"","format":"standard","meta":[],"categories":[1,3,5],"tags":[],"_links":{"self":[{"href":"https:\/\/akdenizolaygazetesi.com\/index.php?rest_route=\/wp\/v2\/posts\/13424"}],"collection":[{"href":"https:\/\/akdenizolaygazetesi.com\/index.php?rest_route=\/wp\/v2\/posts"}],"about":[{"href":"https:\/\/akdenizolaygazetesi.com\/index.php?rest_route=\/wp\/v2\/types\/post"}],"author":[{"embeddable":true,"href":"https:\/\/akdenizolaygazetesi.com\/index.php?rest_route=\/wp\/v2\/users\/2"}],"replies":[{"embeddable":true,"href":"https:\/\/akdenizolaygazetesi.com\/index.php?rest_route=%2Fwp%2Fv2%2Fcomments&post=13424"}],"version-history":[{"count":1,"href":"https:\/\/akdenizolaygazetesi.com\/index.php?rest_route=\/wp\/v2\/posts\/13424\/revisions"}],"predecessor-version":[{"id":13426,"href":"https:\/\/akdenizolaygazetesi.com\/index.php?rest_route=\/wp\/v2\/posts\/13424\/revisions\/13426"}],"wp:featuredmedia":[{"embeddable":true,"href":"https:\/\/akdenizolaygazetesi.com\/index.php?rest_route=\/wp\/v2\/media\/13425"}],"wp:attachment":[{"href":"https:\/\/akdenizolaygazetesi.com\/index.php?rest_route=%2Fwp%2Fv2%2Fmedia&parent=13424"}],"wp:term":[{"taxonomy":"category","embeddable":true,"href":"https:\/\/akdenizolaygazetesi.com\/index.php?rest_route=%2Fwp%2Fv2%2Fcategories&post=13424"},{"taxonomy":"post_tag","embeddable":true,"href":"https:\/\/akdenizolaygazetesi.com\/index.php?rest_route=%2Fwp%2Fv2%2Ftags&post=13424"}],"curies":[{"name":"wp","href":"https:\/\/api.w.org\/{rel}","templated":true}]}}