{"id":13427,"date":"2021-07-24T15:32:37","date_gmt":"2021-07-24T12:32:37","guid":{"rendered":"http:\/\/akdenizolaygazetesi.com\/?p=13427"},"modified":"2021-07-24T15:32:37","modified_gmt":"2021-07-24T12:32:37","slug":"bisikletlilerin-can-guvenligini-korumak-icin-konulan-delinatorler-arac-kullanicilari-tarafindan-ezildi","status":"publish","type":"post","link":"https:\/\/akdenizolaygazetesi.com\/?p=13427","title":{"rendered":"B\u0130S\u0130KLETL\u0130LER\u0130N CAN G\u00dcVENL\u0130\u011e\u0130N\u0130 KORUMAK \u0130\u00c7\u0130N KONULAN DEL\u0130NAT\u00d6RLER ARA\u00c7 KULLANICILARI TARAFINDAN EZ\u0130LD\u0130"},"content":{"rendered":"<p>Mersin B\u00fcy\u00fck\u015fehir Belediyesi Ula\u015f\u0131m Dairesi Ba\u015fkanl\u0131\u011f\u0131\u2019n\u0131n ba\u015flatt\u0131\u011f\u0131 Bisiklet Yolu projesinde, bisiklet kullan\u0131c\u0131lar\u0131n\u0131n can g\u00fcvenli\u011fini korumak i\u00e7in g\u00fczergah boyunca yerle\u015ftirilen dubalar tahrip edildi. Bisiklet yolunu ara\u00e7 yolundan ay\u0131rmak i\u00e7in konulan dubalar\u0131n ara\u00e7 s\u00fcr\u00fcc\u00fcleri taraf\u0131ndan tahrip edilmesi ile can g\u00fcvenli\u011fi hi\u00e7e say\u0131l\u0131rken, dubalar\u0131n zarar g\u00f6rmesi bisiklet kullan\u0131c\u0131lar\u0131n\u0131 tedirgin etti.<\/p>\n<p>\u201cBu yap\u0131lan tahribat, bisiklet yolunu kullananlar\u0131n g\u00fcvenli\u011fini tehlikeye at\u0131yor\u201d<\/p>\n<p>Vatanda\u015flar\u0131n can g\u00fcvenli\u011fini tehlikeye atan olayla ilgili konu\u015fan Mersin B\u00fcy\u00fck\u015fehir Belediyesi Ula\u015f\u0131m Dairesi Ba\u015fkanl\u0131\u011f\u0131\u2019nda g\u00f6revli O\u011fuz Kaan Turgut, \u201cBisiklet yollar\u0131m\u0131z\u0131 ta\u015f\u0131t trafi\u011finden ay\u0131rmak i\u00e7in, ayn\u0131 zamanda bisiklet kullan\u0131c\u0131lar\u0131n\u0131n g\u00fcvenli bir \u015fekilde seyahat etmelerini sa\u011flayabilmek i\u00e7in fiziki bir engel olu\u015fturduk.  Bu fiziki engelimiz de delinat\u00f6rlerimiz. Bu fiziki engeller ve emniyet mesafeleri tamamen \u00c7evre ve \u015eehircilik Bakanl\u0131\u011f\u0131\u2019n\u0131n yay\u0131nlam\u0131\u015f oldu\u011fu y\u00f6netmeliklere uygun olarak yap\u0131ld\u0131. Ne yaz\u0131k ki bu yapt\u0131\u011f\u0131m\u0131z fiziki engeller montaj\u0131 bittikten sonra deforme edildi\u201d dedi.<\/p>\n<p>Vatanda\u015flar\u0131 bu konuda duyarl\u0131 olmaya davet eden Turgut, \u201cBu yap\u0131lan tahribat bisiklet yolunu kullananlar\u0131n g\u00fcvenli\u011fini tehlikeye atmaktad\u0131r. Amac\u0131m\u0131z burada Belediye Ba\u015fkan\u0131m\u0131z\u0131n \u00f6nderli\u011finde Mersin\u2019i bir bisiklet cenneti haline getirmek. Bizler de bu konuda Mersin halk\u0131ndan yard\u0131m istiyoruz yap\u0131lan imalatlar\u0131m\u0131z\u0131n uzun s\u00fcreli olmas\u0131 i\u00e7in. Mersin\u2019de bir bisiklet k\u00fclt\u00fcr\u00fcn\u00fc olu\u015fturabilmek i\u00e7in de gerekli \u00e7al\u0131\u015fmalar\u0131 ivedilikle yap\u0131yoruz. Bu konuda da t\u00fcm illere \u00f6nc\u00fc olmak istiyoruz\u201d diye konu\u015ftu.<\/p>\n<p>\u201cHalk\u0131m\u0131z\u0131 daha duyarl\u0131 olmaya davet ediyorum\u201d<\/p>\n<p>Mersin B\u00fcy\u00fck\u015fehir Belediyesi \u00e7al\u0131\u015fan\u0131 Elif \u0130rem U\u00e7ar da bisiklet yolunu kullanan vatanda\u015flar aras\u0131nda bulunuyor. 22 ayl\u0131k o\u011flu ile bisiklet s\u00fcrmekten keyif ald\u0131klar\u0131n\u0131 belirten ve tahribat kar\u015f\u0131s\u0131nda olduk\u00e7a \u00fcz\u00fcld\u00fc\u011f\u00fcn\u00fc kaydeden U\u00e7ar, \u201cBelediye \u00e7al\u0131\u015fan\u0131y\u0131m, ayn\u0131 zamanda bir anneyim. 22 ayl\u0131k bir o\u011flum var. Onunla beraber bisiklet s\u00fcrmekten keyif duyuyoruz. Bu yeni yap\u0131lan bisiklet yolu, ta\u015f\u0131t trafi\u011finden ayr\u0131, b\u00f6l\u00fcnm\u00fc\u015f bir yol oldu\u011fu i\u00e7in daha g\u00fcvenli ve konforlu bir s\u00fcr\u00fc\u015f sa\u011fl\u0131yor. Biz de bu g\u00fczergahta bisiklet s\u00fcrerken baz\u0131 imalatlar\u0131n harap edilmi\u015f, y\u0131prat\u0131lm\u0131\u015f oldu\u011funu g\u00f6rd\u00fck. Arabayla \u00fczerinden ge\u00e7iyorlar bu ger\u00e7ekten \u00e7ok \u00fcz\u00fcc\u00fc. Bu bizlerin g\u00fcvenli\u011fi i\u00e7in yap\u0131ld\u0131. O y\u00fczden halk\u0131m\u0131z\u0131 daha duyarl\u0131 olmaya davet ediyorum. Bunlar yeni yap\u0131lan imalatlar. Bunlar\u0131n uzun \u00f6m\u00fcrl\u00fc olmas\u0131 i\u00e7in korumam\u0131z laz\u0131m, \u00f6zenli davranmam\u0131z laz\u0131m\u201d dedi.<\/p>\n","protected":false},"excerpt":{"rendered":"<p>Mersin B\u00fcy\u00fck\u015fehir Belediyesi Ula\u015f\u0131m Dairesi Ba\u015fkanl\u0131\u011f\u0131\u2019n\u0131n ba\u015flatt\u0131\u011f\u0131 Bisiklet Yolu projesinde, bisiklet kullan\u0131c\u0131lar\u0131n\u0131n can g\u00fcvenli\u011fini korumak i\u00e7in g\u00fczergah boyunca yerle\u015ftirilen dubalar tahrip edildi. Bisiklet yolunu ara\u00e7 yolundan ay\u0131rmak i\u00e7in konulan dubalar\u0131n &hellip; <a href=\"https:\/\/akdenizolaygazetesi.com\/?p=13427\" class=\"more-link\">Devam\u0131n\u0131 Oku&#8230;<\/a><\/p>\n","protected":false},"author":2,"featured_media":13428,"comment_status":"open","ping_status":"open","sticky":false,"template":"","format":"standard","meta":[],"categories":[34,1,3,5,10],"tags":[],"_links":{"self":[{"href":"https:\/\/akdenizolaygazetesi.com\/index.php?rest_route=\/wp\/v2\/posts\/13427"}],"collection":[{"href":"https:\/\/akdenizolaygazetesi.com\/index.php?rest_route=\/wp\/v2\/posts"}],"about":[{"href":"https:\/\/akdenizolaygazetesi.com\/index.php?rest_route=\/wp\/v2\/types\/post"}],"author":[{"embeddable":true,"href":"https:\/\/akdenizolaygazetesi.com\/index.php?rest_route=\/wp\/v2\/users\/2"}],"replies":[{"embeddable":true,"href":"https:\/\/akdenizolaygazetesi.com\/index.php?rest_route=%2Fwp%2Fv2%2Fcomments&post=13427"}],"version-history":[{"count":1,"href":"https:\/\/akdenizolaygazetesi.com\/index.php?rest_route=\/wp\/v2\/posts\/13427\/revisions"}],"predecessor-version":[{"id":13429,"href":"https:\/\/akdenizolaygazetesi.com\/index.php?rest_route=\/wp\/v2\/posts\/13427\/revisions\/13429"}],"wp:featuredmedia":[{"embeddable":true,"href":"https:\/\/akdenizolaygazetesi.com\/index.php?rest_route=\/wp\/v2\/media\/13428"}],"wp:attachment":[{"href":"https:\/\/akdenizolaygazetesi.com\/index.php?rest_route=%2Fwp%2Fv2%2Fmedia&parent=13427"}],"wp:term":[{"taxonomy":"category","embeddable":true,"href":"https:\/\/akdenizolaygazetesi.com\/index.php?rest_route=%2Fwp%2Fv2%2Fcategories&post=13427"},{"taxonomy":"post_tag","embeddable":true,"href":"https:\/\/akdenizolaygazetesi.com\/index.php?rest_route=%2Fwp%2Fv2%2Ftags&post=13427"}],"curies":[{"name":"wp","href":"https:\/\/api.w.org\/{rel}","templated":true}]}}