{"id":1343,"date":"2020-11-04T18:21:54","date_gmt":"2020-11-04T15:21:54","guid":{"rendered":"http:\/\/mersinekonomipolitikagazetesi.com\/?p=1343"},"modified":"2020-11-04T18:21:54","modified_gmt":"2020-11-04T15:21:54","slug":"oyuncagimi-uretiyorum-yetenegimi-kesfediyorum-projesi","status":"publish","type":"post","link":"https:\/\/akdenizolaygazetesi.com\/?p=1343","title":{"rendered":"Oyunca\u011f\u0131m\u0131 \u00fcretiyorum yetene\u011fimi ke\u015ffediyorum projesi"},"content":{"rendered":"<p>Erdemli Kaymakaml\u0131\u011f\u0131 ile Erdemli \u0130l\u00e7e Milli E\u011fitim M\u00fcd\u00fcrl\u00fc\u011f\u00fc taraf\u0131ndan ger\u00e7ekle\u015ftirilen &#8220;Oyunca\u011f\u0131m\u0131 \u00dcretiyorum Yetene\u011fimi Ke\u015ffediyorum&#8221; projesi kapsam\u0131nda il\u00e7e sahilinde oyun \u015f\u00f6leni etkinli\u011fi d\u00fczenlendi.<\/p>\n<p>Devlet Bah\u00e7eli Meydan\u0131&#8217;nda ger\u00e7ekle\u015ftirilen etkinlikte konu\u015fan Erdemli Kaymakam\u0131 Muhittin Pamuk, proje kapsam\u0131nda y\u0131l boyunca \u00f6\u011frenci ve velilerin birlikte \u00fcretti\u011fi oyuncaklar\u0131n sergiye \u00e7\u0131kar\u0131ld\u0131\u011f\u0131n\u0131 belirtti.<br \/>\nPamuk, \u201cErdemli Kaymakaml\u0131\u011f\u0131m\u0131z koordinesinde Erdemli \u0130l\u00e7e Milli E\u011fitim M\u00fcd\u00fcrl\u00fc\u011f\u00fcm\u00fcz ile \u201cOyunca\u011f\u0131m\u0131 \u00fcretiyorum yetene\u011fimi ke\u015ffediyorum&#8221; projesini birlikte ger\u00e7ekle\u015ftirdik. Bug\u00fcn y\u0131l boyunca bu proje kapsam\u0131nda velilerimizin \u00e7ocuklar\u0131yla birlikte \u00fcrettikleri oyuncaklar\u0131 sergilemenin mutlulu\u011funu ya\u015f\u0131yoruz\u201d dedi.<br \/>\n\u00c7ocuklar\u0131n kendi yapt\u0131klar\u0131 oyuncaklarla oynad\u0131klar\u0131nda daha \u00e7ok mutlu olduklar\u0131n\u0131n g\u00f6zlemlendi\u011fini ifade eden Pamuk, \u201cNe yaz\u0131k ki \u00e7ocuklar\u0131m\u0131z bilgisayar ba\u015f\u0131nda \u00e7ok uzun zamanlar ge\u00e7iriyor. Bizim amac\u0131m\u0131z \u00e7ocuklar\u0131m\u0131z\u0131n bilgisayar ba\u015f\u0131nda ge\u00e7irdikleri bu uzun zaman\u0131 k\u0131saltmakt\u0131. \u00c7ocuklar\u0131n sokakta kendi \u00fcrettikleri bu oyuncaklarla birlikte oynamalar\u0131n\u0131 sa\u011flamay\u0131, sosyalle\u015fmelerini sa\u011flamay\u0131 hedefledik. \u00c7ocuklar\u0131m\u0131z\u0131n aileleriyle yapt\u0131klar\u0131 oyuncaklar\u0131 oynarken daha da mutlu olduklar\u0131n\u0131 g\u00f6zlemledik&#8221; diye konu\u015ftu.<br \/>\nProjeyle \u00e7ocuk geli\u015fimi ve e\u011fitimi alan\u0131 11. s\u0131n\u0131f \u00f6\u011frencilerine alan derslerini yerinde, ya\u015fayarak \u00f6\u011frenme imkan\u0131 sunuldu\u011funu dile getiren \u0130l\u00e7e Milli E\u011fitim M\u00fcd\u00fcr\u00fc Mehmet Metin de, projenin uyguland\u0131\u011f\u0131 4 okulda 80 \u00e7ocu\u011fun aileleriyle birlikte zaman ge\u00e7irme imkan\u0131 sa\u011fland\u0131\u011f\u0131n\u0131 kaydetti.<br \/>\n\u00c7ocuklar aileleri ile birlikte haz\u0131rlad\u0131klar\u0131 el yap\u0131m\u0131 T\u00fcrk bayraklar\u0131yla Saim G\u00f6k\u00fc\u015f Park\u0131 etraf\u0131nda dola\u015farak, renkli g\u00f6r\u00fcnt\u00fcler olu\u015fturdu.<\/p>\n","protected":false},"excerpt":{"rendered":"<p>Erdemli Kaymakaml\u0131\u011f\u0131 ile Erdemli \u0130l\u00e7e Milli E\u011fitim M\u00fcd\u00fcrl\u00fc\u011f\u00fc taraf\u0131ndan ger\u00e7ekle\u015ftirilen &#8220;Oyunca\u011f\u0131m\u0131 \u00dcretiyorum Yetene\u011fimi Ke\u015ffediyorum&#8221; projesi kapsam\u0131nda il\u00e7e sahilinde oyun \u015f\u00f6leni etkinli\u011fi d\u00fczenlendi. Devlet Bah\u00e7eli Meydan\u0131&#8217;nda ger\u00e7ekle\u015ftirilen etkinlikte konu\u015fan Erdemli Kaymakam\u0131 &hellip; <a href=\"https:\/\/akdenizolaygazetesi.com\/?p=1343\" class=\"more-link\">Devam\u0131n\u0131 Oku&#8230;<\/a><\/p>\n","protected":false},"author":1,"featured_media":0,"comment_status":"open","ping_status":"open","sticky":false,"template":"","format":"standard","meta":[],"categories":[],"tags":[],"_links":{"self":[{"href":"https:\/\/akdenizolaygazetesi.com\/index.php?rest_route=\/wp\/v2\/posts\/1343"}],"collection":[{"href":"https:\/\/akdenizolaygazetesi.com\/index.php?rest_route=\/wp\/v2\/posts"}],"about":[{"href":"https:\/\/akdenizolaygazetesi.com\/index.php?rest_route=\/wp\/v2\/types\/post"}],"author":[{"embeddable":true,"href":"https:\/\/akdenizolaygazetesi.com\/index.php?rest_route=\/wp\/v2\/users\/1"}],"replies":[{"embeddable":true,"href":"https:\/\/akdenizolaygazetesi.com\/index.php?rest_route=%2Fwp%2Fv2%2Fcomments&post=1343"}],"version-history":[{"count":0,"href":"https:\/\/akdenizolaygazetesi.com\/index.php?rest_route=\/wp\/v2\/posts\/1343\/revisions"}],"wp:attachment":[{"href":"https:\/\/akdenizolaygazetesi.com\/index.php?rest_route=%2Fwp%2Fv2%2Fmedia&parent=1343"}],"wp:term":[{"taxonomy":"category","embeddable":true,"href":"https:\/\/akdenizolaygazetesi.com\/index.php?rest_route=%2Fwp%2Fv2%2Fcategories&post=1343"},{"taxonomy":"post_tag","embeddable":true,"href":"https:\/\/akdenizolaygazetesi.com\/index.php?rest_route=%2Fwp%2Fv2%2Ftags&post=1343"}],"curies":[{"name":"wp","href":"https:\/\/api.w.org\/{rel}","templated":true}]}}