{"id":13430,"date":"2021-07-24T15:34:23","date_gmt":"2021-07-24T12:34:23","guid":{"rendered":"http:\/\/akdenizolaygazetesi.com\/?p=13430"},"modified":"2021-07-24T15:34:23","modified_gmt":"2021-07-24T12:34:23","slug":"secer-siyaseti-sokakta-yapmak-vatandasla-ic-ice-olmak-bizi-basariya-goturuyor","status":"publish","type":"post","link":"https:\/\/akdenizolaygazetesi.com\/?p=13430","title":{"rendered":"SE\u00c7ER: \u201cS\u0130YASET\u0130 SOKAKTA YAPMAK, VATANDA\u015eLA  \u0130\u00c7 \u0130\u00c7E OLMAK B\u0130Z\u0130 BA\u015eARIYA G\u00d6T\u00dcR\u00dcYOR\u201d"},"content":{"rendered":"<p>Mersin B\u00fcy\u00fck\u015fehir Belediye Ba\u015fkan\u0131 Vahap Se\u00e7er, Kurban Bayram\u0131\u2019n\u0131n son g\u00fcn\u00fcn\u00fc Erdemli il\u00e7esinin yaylalar\u0131ndaki mahallelere ay\u0131rd\u0131. Toplam 8 mahalle ve mevkide hem\u015fehrileri ile bayramla\u015fan Ba\u015fkan Se\u00e7er, Sar\u0131yer, Do\u011fusandal, Karayakup, M\u00fc\u011fl\u00fc, \u015eahna ve \u00dcz\u00fcml\u00fc Mahalleri ile K\u00fc\u00e7\u00fck F\u0131nd\u0131k ve \u0130\u00e7meler Mevkilerini ziyaret etti. Ba\u015fkan Se\u00e7er, \u201cSiyaseti sokakta, mahallede, k\u00f6yde yapmak, vatanda\u015fla  i\u00e7 i\u00e7e olmak bizi ba\u015far\u0131ya g\u00f6t\u00fcr\u00fcyor\u201d dedi.<\/p>\n<p>Ziyaretler Sar\u0131yer ile ba\u015flad\u0131<\/p>\n<p>Ba\u015fkan Se\u00e7er\u2019e mahalle gezileri boyunca CHP Mersin Milletvekili Cengiz G\u00f6k\u00e7el, CHP Gen\u00e7lik Kollar\u0131 Genel Ba\u015fkan\u0131 Emre Y\u0131lmaz, Mersinden Kad\u0131n Kooperatifi Y\u00f6netim Kurulu Ba\u015fkan\u0131 Meral Se\u00e7er, CHP il ve il\u00e7e y\u00f6neticileri, Meclis \u00fcyeleri, B\u00fcy\u00fck\u015fehir Belediyesi b\u00fcrokratlar\u0131 ile daire ba\u015fkanlar\u0131, muhtarlar ve vatanda\u015flar e\u015flik etti. Se\u00e7er\u2019in Erdemli il\u00e7esindeki ziyaretleri Sar\u0131yer Mahallesi ile ba\u015flad\u0131. Sar\u0131yer\u2019de kahvehane ziyareti yapan Se\u00e7er, vatanda\u015flar ile bir araya gelerek, sorunlar\u0131 yerinde dinledi. Ziyaretlerini Do\u011fusandal ve Karayakup Mahalleleriyle s\u00fcrd\u00fcren Se\u00e7er, Karayakup\u2019un ard\u0131ndan da K\u00fc\u00e7\u00fck F\u0131nd\u0131k Mevkii\u2019ne gitti. K\u00fc\u00e7\u00fck F\u0131nd\u0131k yolunda yap\u0131lan geni\u015fletme \u00e7al\u0131\u015fmas\u0131 hakk\u0131nda vatanda\u015f\u0131 bilgilendiren Se\u00e7er, i\u00e7me sular\u0131n\u0131n kapal\u0131 sisteme al\u0131nd\u0131\u011f\u0131n\u0131 ve 1000 metrelik boru d\u00f6\u015fenerek, mahalle halk\u0131n\u0131n daha kaliteli bir i\u00e7me suyuna kavu\u015ftu\u011funu s\u00f6yledi. Se\u00e7er, K\u00fc\u00e7\u00fck F\u0131nd\u0131k\u2019tan sonra da Denizk\u0131z\u0131 Turizm A.\u015e. b\u00fcnyesindeki \u0130\u00e7meler Mesire Alan\u0131\u2019na giderek incelemelerde bulundu ve orada yap\u0131lacak \u00e7al\u0131\u015fmalar hakk\u0131nda yetkililerden bilgi ald\u0131.<\/p>\n<p>Se\u00e7er\u2019e \u015eahna\u2019da co\u015fku dolu kar\u015f\u0131lama<\/p>\n<p>Ziyaretlerini M\u00fc\u011fl\u00fc Mahallesi ile s\u00fcrd\u00fcren Se\u00e7er, ard\u0131ndan gitti\u011fi \u015eahna Mahallesi\u2019nde de davul, zurna ve bayraklar ile co\u015fkulu bir \u015fekilde kar\u015f\u0131land\u0131. B\u00fcy\u00fck\u015fehir sayesinde \u015eahna halk\u0131 tarihinde ilk defa i\u00e7me suyuna kavu\u015ftu. Se\u00e7er\u2019i kar\u015f\u0131layan \u015eahna sakinleri, mahallenin giri\u015fine, \u2018\u015eahna Mahallesi Sakinleri Olarak Mahallemize Can Suyu Veren Say\u0131n Ba\u015fkan\u0131m\u0131z Vahap Se\u00e7er\u2019e Te\u015fekk\u00fcr Ederiz\u2019 ve  \u2018Her \u015eey Seninle Daha G\u00fczel \u00c7al\u0131\u015fkan Ba\u015fkan\u0131m\u0131z. Bayram\u0131n\u0131z Kutlu Olsun\u2019 yaz\u0131l\u0131 pankartlar ast\u0131. B\u00fcy\u00fck\u015fehir taraf\u0131ndan mahalleye ayr\u0131ca \u00fcz\u00fcm s\u0131kma makinesi de hediye edildi.  Ba\u015fkan Se\u00e7er, B\u00fcy\u00fck\u015fehir\u2019in hayvanc\u0131l\u0131k projesi kapsam\u0131nda 1 \u00fcreticiye ise 25 dam\u0131zl\u0131k hayvan verilece\u011fini duyurdu. \u015eahna ve \u00dcz\u00fcml\u00fc\u2019y\u00fc birbirine ba\u011flayan Tol K\u00f6pr\u00fcs\u00fc\u2019n\u00fcn de 2020 y\u0131l\u0131nda yap\u0131ld\u0131\u011f\u0131n\u0131 aktaran Se\u00e7er, ayr\u0131ca 2 kilometrelik grup yolunun bu y\u0131l programa al\u0131nd\u0131\u011f\u0131n\u0131n m\u00fcjdesini verdi. Se\u00e7er\u2019in mahalle ziyaretlerinde son dura\u011f\u0131 ise \u00dcz\u00fcml\u00fc Mahallesi oldu.<\/p>\n<p>\u201cVatanda\u015fla  i\u00e7 i\u00e7e olmak bizi ba\u015far\u0131ya g\u00f6t\u00fcr\u00fcyor\u201d<\/p>\n<p>Bayram dolay\u0131s\u0131yla herkesin yaylalara \u00e7\u0131kt\u0131\u011f\u0131n\u0131 ve kendisinin de bayram boyunca yaylalarda vatanda\u015flarla bir araya geldi\u011fini ifade eden Se\u00e7er, \u201cSiyaseti sokakta, mahallede, k\u00f6yde yapmak, vatanda\u015fla  i\u00e7 i\u00e7e olmak bizi ba\u015far\u0131ya g\u00f6t\u00fcr\u00fcyor. \u00c7ok \u015f\u00fck\u00fcr belediye olarak faydal\u0131 i\u015fler yap\u0131yoruz. Sadece Mersin\u2019de de\u011fil t\u00fcm T\u00fcrkiye\u2019de CHP\u2019li belediye ba\u015fkanlar\u0131m\u0131z ger\u00e7ekten \u00e7ok ba\u015far\u0131l\u0131 bir performans g\u00f6steriyorlar\u201d dedi. B\u00fcy\u00fck\u015fehir Belediyesi olarak Erdemli\u2019ye \u00f6nemli hizmetler yapt\u0131klar\u0131n\u0131 vurgulayan Se\u00e7er, \u201cBen diyorum ki; Erdemli Erdemli olal\u0131 B\u00fcy\u00fck\u015fehir Belediyesi\u2019nden b\u00f6yle bir hizmet g\u00f6rmedi. Burada hi\u00e7 tevazu sahibi olmayaca\u011f\u0131m. Gelirken bu b\u00f6lgelere neler yapt\u0131\u011f\u0131m\u0131za bakt\u0131m. \u00c7ok \u00e7ok \u00f6nemli i\u015fler yapm\u0131\u015f\u0131z.  Bu, \u2018her \u015fey tamamland\u0131, sorunlar bitti\u2019 anlam\u0131na gelmez. Erdemli oldu\u011fu s\u00fcrece sorunlar olacak, biz de belediye olarak bu sorunlar\u0131 \u00e7\u00f6zece\u011fiz\u201d diye konu\u015ftu.<\/p>\n<p>Ba\u015fkan Se\u00e7er, B\u00fcy\u00fck\u015fehir Belediyesi\u2019nin altyap\u0131, yol yap\u0131m\u0131, ar\u0131tma tesisi gibi rutin ve b\u00fcy\u00fck hizmetlerin d\u0131\u015f\u0131nda vatanda\u015f\u0131n ve \u00fcreticinin hayat\u0131na dokunan hizmetler yapt\u0131\u011f\u0131n\u0131 s\u00f6zlerine ekledi. Se\u00e7er, \u201c\u00d6rne\u011fin Mergin K\u00f6pr\u00fcs\u00fc. Olsa da olur olmasa da olur. Orada yol var m\u0131? Var. Ama insanlar s\u0131k\u0131nt\u0131 ya\u015f\u0131yor. B\u00fcy\u00fck\u015fehir e\u011fer o b\u00f6lgede \u00e7ok kilit bir ba\u011flant\u0131 yolu oldu\u011funu, \u00fcreticilerin bir\u00e7ok k\u00f6ye oradan ge\u00e7erek \u00fcr\u00fcnlerini pazara g\u00f6t\u00fcrd\u00fc\u011f\u00fcn\u00fc ya da oraya kadar gidip \u00fcr\u00fcnlerini alan t\u00fcccar\u0131n kamyona y\u00fckledi\u011fi \u00fcr\u00fcnleri o yoldan ge\u00e7irip b\u00fcy\u00fck illere g\u00f6t\u00fcrd\u00fc\u011f\u00fcn\u00fc bilir, ona g\u00f6re, \u2018Ya bu adamlar burada b\u00fcy\u00fck s\u0131k\u0131nt\u0131lar ya\u015f\u0131yor. Buras\u0131 \u00fcretim b\u00f6lgesi. Bizim \u00fclkemize de \u00fcretim laz\u0131m, ihracat laz\u0131m, vergi laz\u0131m. \u0130nsanlar\u0131n \u00e7al\u0131\u015fmas\u0131 laz\u0131m. Bizim de devlet olarak onlara kolayl\u0131k sa\u011flamam\u0131z laz\u0131m\u2019 dedi\u011fi noktada Mergin K\u00f6pr\u00fcs\u00fc\u2019n\u00fc yapar. Ama bu vizyonu ortaya koyan bir belediye ba\u015fkan\u0131n\u0131z yoksa sittinsene o Mergin Yolu sorun olur. Se\u00e7im \u00f6ncesi toplant\u0131da bu konu bana aksettirildi\u011finde dedim ki; \u2018Ben \u00fcreticinin, \u00fcretimin de\u011ferini bilen bir adam\u0131m. Gelir gelmez yapaca\u011f\u0131m\u0131z i\u015flerden bir tanesi o\u2019 ve bitirdik. \u00c7ok da g\u00fczel bir yol oldu\u201d ifadelerine yer verdi.<\/p>\n<p>\u201cLamos K\u00f6pr\u00fcs\u00fc\u2019n\u00fc yap\u0131yoruz\u201d<\/p>\n<p>B\u00fcy\u00fck\u015fehir Belediye Meclisi\u2019nde, kendisine bor\u00e7lanma yetkisi verilmemesine ra\u011fmen Erdemli\u2019ye her t\u00fcrl\u00fc hizmeti yapmaya devam edece\u011fini s\u00f6yledi\u011finin alt\u0131n\u0131 \u00e7izen Se\u00e7er, \u201cGe\u00e7ti\u011fimiz Meclis toplant\u0131s\u0131nda da B\u00fcy\u00fck\u015fehir Belediyesi Erdemli Meclis \u00fcyelerine s\u00f6yledim; \u2018Siz bana bor\u00e7lanma verseniz de vermeseniz de ben Lamos K\u00f6pr\u00fcs\u00fc\u2019n\u00fc bitirece\u011fim\u2019 diye. \u015eu anda biz orada bir k\u00f6pr\u00fc yap\u0131yoruz.  Bize maliyeti de 10 milyon liran\u0131n \u00fczerinde ama oras\u0131 \u00f6nemli bir \u00f6rt\u00fc alt\u0131 \u00fcretimin, meyve sebze seralar\u0131n\u0131n oldu\u011fu bir yer. Bunu ortaya koymak, bu bedeli \u00f6demek, bu projeyi yapt\u0131rmak, gelece\u011fi g\u00f6rmek vizyon sahibi bir belediyenin, belediye y\u00f6netiminin i\u015fidir\u201d dedi.<\/p>\n<p>\u201c\u0130nanc\u0131m\u0131z, g\u00fcc\u00fcm\u00fcz, bilgimiz, becerimiz tam\u201d<\/p>\n<p>Daha sonra Do\u011fusandal Mahallesi\u2019ne giden Se\u00e7er, muhtardan mahallenin taleplerini dinledi. Ard\u0131ndan Karayakup Mahallesi\u2019ne, oradan da K\u00fc\u00e7\u00fck F\u0131nd\u0131k Mevkii\u2019ne ge\u00e7en Se\u00e7er, K\u00fc\u00e7\u00fck F\u0131nd\u0131k sakinlerine, \u2018Belediyemizin hizmetlerinden memnuniyet var m\u0131?\u2019 sorusunu y\u00f6neltti. \u2018Var, eline koluna sa\u011fl\u0131k\u2019 cevab\u0131n\u0131 alan Se\u00e7er, \u201cEksi\u011fimiz var ama inanc\u0131m\u0131z, g\u00fcc\u00fcm\u00fcz, bilgimiz, becerimiz tam. Allah\u2019\u0131n izniyle daha uzun y\u0131llar Mersin\u2019i bizim anlay\u0131\u015f\u0131m\u0131z y\u00f6netecek. Bu iddiay\u0131 burada ortaya koyuyorum. Yapt\u0131klar\u0131m\u0131z, yapacaklar\u0131m\u0131z bu memleketi ihya edecek\u201d diye konu\u015ftu.<\/p>\n<p>\u201cHayat\u0131nda Mersin\u2019i g\u00f6rmemi\u015f siyasi ak\u0131llar\u0131n ald\u0131\u011f\u0131 karar sonucu Mersin etkilenemez\u201d<\/p>\n<p>Vatanda\u015flara B\u00fcy\u00fck\u015fehir Belediye Meclisi\u2019ni takip etmelerini \u00f6neren Se\u00e7er, \u201cSiz Meclis\u2019i takip edin, oyunuza sahip olun. Oyunuza sahip olmakla Mersin\u2019e, T\u00fcrkiye\u2019ye sahip olacaks\u0131n\u0131z\u201d dedi. Se\u00e7er, Meclis\u2019te kendisine bor\u00e7lanma yetkisi vermeyen Meclis \u00fcyelerinin, Ankara\u2019dan al\u0131nan kararlarla hareket ettiklerini belirtti. Ba\u015fkan Se\u00e7er, \u201cMeclis\u2019te bor\u00e7lanma yetkimize oy vermeyen Meclis \u00fcyelerinin tamam\u0131n\u0131n gerek\u00e7esi \u015fu; \u2018Asl\u0131nda yapt\u0131\u011f\u0131m\u0131z\u0131n hata oldu\u011funu biliyoruz. Bor\u00e7lanma yetkisi vermemekle yanl\u0131\u015f yapt\u0131\u011f\u0131m\u0131z\u0131n fark\u0131nday\u0131z ama lanet olsun Ankara\u2019da siyaset gergin\u2019. Ankara\u2019n\u0131n ald\u0131\u011f\u0131 karar burada Meclis\u2019te uygulan\u0131yor. Yani Mersin\u2019i hayat\u0131nda g\u00f6rmemi\u015f, Mersin\u2019de dertlenmemi\u015f, Mersin\u2019de insanlarla bir araya gelmemi\u015f, hemhal olmam\u0131\u015f, Toroslar\u2019\u0131n da\u011flar\u0131n\u0131 bilmez, Akdeniz\u2019in ovas\u0131n\u0131 bilmez siyasi ak\u0131llar\u0131n ortaya koydu\u011fu, ald\u0131\u011f\u0131 karar sonucu Mersin etkilenemez. B\u00f6yle bir demokrasi olmaz\u201d diye konu\u015ftu.<\/p>\n<p>\u201cSiz ne istiyorsunuz, huzur istiyorsunuz. Huzur bizde var\u201d<\/p>\n<p>Se\u00e7er, M\u00fc\u011fl\u00fc Mahallesi\u2019nde yapt\u0131\u011f\u0131 konu\u015fmada, hizmetlerle ilgili herhangi bir siyasi ayr\u0131m yapmad\u0131klar\u0131n\u0131 vurgulayarak, \u201cSiz ne istiyorsunuz, huzur istiyorsunuz. Huzur bizde var. Siz ne istiyorsunuz, ayr\u0131mc\u0131l\u0131k istemiyorsunuz. Emin olun o bizde var. Siz ne istiyorsunuz, \u2018ya benim ya\u015fam bi\u00e7imimden dolay\u0131 beni hakir g\u00f6rmesinler. Belediye Ba\u015fkan\u0131, milletvekili, beni kendi bac\u0131s\u0131 gibi, kendi annesi gibi sars\u0131n, sarmalas\u0131n\u2019. \u0130nan\u0131n o bizde var\u201d dedi. <\/p>\n<p>\u201cBir belediye ba\u015fkan\u0131n\u0131n hay\u0131r duas\u0131 almaktan ba\u015fka ne kazanc\u0131 olabilir?\u201d<\/p>\n<p>\u015eahna Mahallesi\u2019nde yapt\u0131\u011f\u0131 konu\u015fmas\u0131nda, mahalleye ellerinden gelen deste\u011fi vereceklerini ifade eden Se\u00e7er, buradaki esas konunun \u2018su meselesi\u2019 oldu\u011funu s\u00f6zlerine ekledi. Se\u00e7er, \u201cBuradaki kad\u0131nlar\u0131m\u0131z i\u00e7in \u00f6nemli olan kullan\u0131m suyunun uzun y\u0131llar sonra tarihinde ilk kez \u015eahna\u2019ya gelmi\u015f olmas\u0131 ve bunun da bana nasip olmas\u0131. Evinizin i\u00e7ine kadar su ba\u011fland\u0131. Evinizin temizli\u011fini \u00e7ok daha rahat yapacak, kullan\u0131m suyu olarak bundan faydalanacaks\u0131n\u0131z\u201d dedi. Bir teyzenin de evine i\u00e7me suyu geldi\u011fi i\u00e7in mutluluktan duygulan\u0131p a\u011flad\u0131\u011f\u0131n\u0131 s\u00f6ylemesi \u00fczerine konu\u015fan Se\u00e7er,  \u201cBen sizi g\u00fcld\u00fcrmek i\u00e7in u\u011fra\u015f\u0131yorum ama siz a\u011flam\u0131\u015fs\u0131n\u0131z. \u2018Mutluluktan a\u011flad\u0131m\u2019 diyor. \u0130\u015fte ne mutlu bize. Bizim de belediye ba\u015fkan\u0131 olarak m\u00fckafat\u0131m\u0131z bu. Mutluluktan a\u011flatmak. Ablam bize hay\u0131r duas\u0131n\u0131 esirgemiyor. Bize dua edilmesi; bir belediye ba\u015fkan\u0131 olarak ba\u015fka ne bekleyebiliriz? E\u011fer haram s\u00fct emmemi\u015fsek, t\u00fcy\u00fc bitmemi\u015f yetimin hakk\u0131n\u0131 kendimize haks\u0131z yere alacak kadar z\u00fcrriyetimizde bir s\u0131k\u0131nt\u0131 yoksa, bir belediye ba\u015fkan\u0131n\u0131n Allah a\u015fk\u0131na hay\u0131r duas\u0131 almaktan, insanlar\u0131 mutlu etmekten ba\u015fka ne k\u00e2r\u0131, ne kazanc\u0131 olabilir?\u201d dedi.<\/p>\n<p>\u201cBizim g\u00f6revimiz, sizin paran\u0131z\u0131 size hizmet olarak yans\u0131tmak\u201d<\/p>\n<p>Yap\u0131lan t\u00fcm hizmetlerin vatanda\u015flar\u0131n kendi paras\u0131 ile yap\u0131ld\u0131\u011f\u0131n\u0131 s\u00f6zlerine ekleyen Se\u00e7er, \u201c\u015eimdi Vahap Se\u00e7er buraya su mu getirdi? Vallahi Vahap Se\u00e7er kendi paras\u0131ndan getirmedi, sizin paran\u0131z. Buraya yol mu yapt\u0131? Sizin paran\u0131z. Belediyemizin yapt\u0131\u011f\u0131 ne varsa sizin paran\u0131z. Bizim g\u00f6revimiz sizin paran\u0131z\u0131 bu makamlar\u0131 elde etmek i\u00e7in bizimle beraber olanlara pe\u015fke\u015f \u00e7ekmek de\u011fil. Size hizmet olarak yans\u0131tmak\u201d dedi. Se\u00e7er, son dura\u011f\u0131 olan \u00dcz\u00fcml\u00fc Mahallesi\u2019nde yapt\u0131\u011f\u0131 konu\u015fmas\u0131nda, \u201cBenimle \u00e7al\u0131\u015fan mesai arkada\u015flar\u0131m, koordinat\u00f6rler, daire ba\u015fkanlar\u0131, daire m\u00fcd\u00fcrleri, genel m\u00fcd\u00fcrler emrinize amade\u201d dedi ve vatanda\u015flar\u0131n eksiklerini, sorunlar\u0131n\u0131 Alo 185\u2019i arayarak bildirebileceklerini kaydetti.<\/p>\n<p>Se\u00e7er sahilde vatanda\u015flar\u0131n yaratt\u0131\u011f\u0131 kirlili\u011fi yorumlad\u0131: \u201c\u0130\u00e7ler ac\u0131s\u0131 bir tablo\u201d<\/p>\n<p>Ba\u015fkan Se\u00e7er, vatanda\u015flar\u0131n sahillerde yaratt\u0131\u011f\u0131 kirlili\u011fi, bir televizyon kanal\u0131n\u0131n \u00dcz\u00fcml\u00fc Mahallesi\u2019nde ger\u00e7ekle\u015ftirdi\u011fi canl\u0131 yay\u0131nda de\u011ferlendirdi. Se\u00e7er, konuyla ilgili \u015funlar\u0131 s\u00f6yledi:<\/p>\n<p>\u201cBu i\u00e7ler ac\u0131s\u0131 bir tablo. Ben her g\u00fcn uyar\u0131da bulunuyorum, bunu bilin\u00e7li yap\u0131yorum. Tabi o g\u00f6r\u00fcnt\u00fcler daha \u00e7ok Mersin d\u0131\u015f\u0131ndan gelen tatilcilerin, ayr\u0131l\u0131rken b\u0131rakt\u0131klar\u0131 g\u00f6r\u00fcnt\u00fcler. Di\u011fer taraftan bizim orada plajlar\u0131m\u0131z var. Oradan da g\u00f6r\u00fcnt\u00fcler geldi. Biz ak\u015fam sade vatanda\u015fa b\u0131rak\u0131yoruz oralar\u0131. Ak\u015fam, gece belki serin havada kumlar \u00fczerinde oturacaklar veya denize girecekler ama sabah 05.30\u2019da gelen g\u00f6r\u00fcnt\u00fclere bakt\u0131m, sanki oradan bir fil s\u00fcr\u00fcs\u00fc ge\u00e7mi\u015f gibi. Olacak i\u015f de\u011fil. \u015eimdi bu ne ile izah edilebilir? Biz bunlar\u0131 temizlemekle bu memleketi temiz falan tutamay\u0131z. B\u00f6yle bir do\u011fru yok. Nas\u0131l yapacaks\u0131n\u0131z, hangi sahile ka\u00e7 bin kilometreye g\u00fcc\u00fcn\u00fcz yetecek. Her insan oturdu\u011fu yerde yer i\u00e7er, afiyet \u015feker olsun ama be karde\u015fim sen o pisli\u011fi oldu\u011fu gibi b\u0131rakma, o karpuz kabu\u011funu, kumun \u00fczerinde \u00e7ekirdek \u00e7itlenmi\u015f ve kabuklar\u0131n\u0131 g\u00f6r\u00fcyorsunuz. Orada i\u00e7ki i\u00e7ilmi\u015f, i\u00e7ki \u015fi\u015felerini, su i\u00e7ilmi\u015f pet \u015fi\u015feleri, yemek yenilmi\u015f yemek art\u0131klar\u0131n\u0131, \u00e7erez yenilmi\u015f \u00e7erez art\u0131klar\u0131n\u0131\u2026 Do\u011fay\u0131 katlediyoruz. Ondan sonra i\u015fte m\u00fcsilaj oluyor, deniz kirlili\u011fi, denizde bal\u0131k kalm\u0131yor, bal\u0131k neslini t\u00fcketiyoruz. \u0130klim de\u011fi\u015fikli\u011fi oluyor. \u00c7\u00fcnk\u00fc k\u00fcresel \u0131s\u0131nma oluyor. \u00c7evre kirlili\u011fi bunu k\u00f6r\u00fckl\u00fcyor. Sular\u0131m\u0131z kirleniyor, hastal\u0131klar oluyor. B\u00fct\u00fcn bunlar hep \u00e7evre kirlili\u011fi\u201d dedi.<\/p>\n<p>Ziyaretlerde Ba\u015fkan Se\u00e7er\u2019e e\u015flik eden CHP Mersin Milletvekili Cengiz G\u00f6k\u00e7el, Se\u00e7er\u2019in, Kurban Bayram\u0131\u2019n\u0131n ilk g\u00fcn\u00fcnden itibaren yapt\u0131\u011f\u0131 mahalle gezilerinin kendisini mutlu etti\u011fini ifade ederek, \u201cBen bir k\u00f6y \u00e7ocu\u011fu olarak Mersin B\u00fcy\u00fck\u015fehir Belediye Ba\u015fkan\u0131m\u0131za te\u015fekk\u00fcr ediyorum. Hizmet verdi\u011fi b\u00f6lgelerdeki vatanda\u015flar\u0131m\u0131zla bir araya gelerek hizmetlerin vatanda\u015flar\u0131m\u0131z taraf\u0131ndan nas\u0131l kar\u015f\u0131land\u0131\u011f\u0131n\u0131, yerinde olup olmad\u0131\u011f\u0131n\u0131 g\u00f6zlemleme \u00e7abas\u0131 ger\u00e7ekten bir milletvekili olarak beni \u00e7ok mutlu ediyor, memnun ediyor, te\u015fekk\u00fcr ediyorum\u201d ifadelerine yer verdi.<\/p>\n","protected":false},"excerpt":{"rendered":"<p>Mersin B\u00fcy\u00fck\u015fehir Belediye Ba\u015fkan\u0131 Vahap Se\u00e7er, Kurban Bayram\u0131\u2019n\u0131n son g\u00fcn\u00fcn\u00fc Erdemli il\u00e7esinin yaylalar\u0131ndaki mahallelere ay\u0131rd\u0131. Toplam 8 mahalle ve mevkide hem\u015fehrileri ile bayramla\u015fan Ba\u015fkan Se\u00e7er, Sar\u0131yer, Do\u011fusandal, Karayakup, M\u00fc\u011fl\u00fc, \u015eahna &hellip; <a href=\"https:\/\/akdenizolaygazetesi.com\/?p=13430\" class=\"more-link\">Devam\u0131n\u0131 Oku&#8230;<\/a><\/p>\n","protected":false},"author":2,"featured_media":13431,"comment_status":"open","ping_status":"open","sticky":false,"template":"","format":"standard","meta":[],"categories":[34,1,3,5],"tags":[],"_links":{"self":[{"href":"https:\/\/akdenizolaygazetesi.com\/index.php?rest_route=\/wp\/v2\/posts\/13430"}],"collection":[{"href":"https:\/\/akdenizolaygazetesi.com\/index.php?rest_route=\/wp\/v2\/posts"}],"about":[{"href":"https:\/\/akdenizolaygazetesi.com\/index.php?rest_route=\/wp\/v2\/types\/post"}],"author":[{"embeddable":true,"href":"https:\/\/akdenizolaygazetesi.com\/index.php?rest_route=\/wp\/v2\/users\/2"}],"replies":[{"embeddable":true,"href":"https:\/\/akdenizolaygazetesi.com\/index.php?rest_route=%2Fwp%2Fv2%2Fcomments&post=13430"}],"version-history":[{"count":1,"href":"https:\/\/akdenizolaygazetesi.com\/index.php?rest_route=\/wp\/v2\/posts\/13430\/revisions"}],"predecessor-version":[{"id":13432,"href":"https:\/\/akdenizolaygazetesi.com\/index.php?rest_route=\/wp\/v2\/posts\/13430\/revisions\/13432"}],"wp:featuredmedia":[{"embeddable":true,"href":"https:\/\/akdenizolaygazetesi.com\/index.php?rest_route=\/wp\/v2\/media\/13431"}],"wp:attachment":[{"href":"https:\/\/akdenizolaygazetesi.com\/index.php?rest_route=%2Fwp%2Fv2%2Fmedia&parent=13430"}],"wp:term":[{"taxonomy":"category","embeddable":true,"href":"https:\/\/akdenizolaygazetesi.com\/index.php?rest_route=%2Fwp%2Fv2%2Fcategories&post=13430"},{"taxonomy":"post_tag","embeddable":true,"href":"https:\/\/akdenizolaygazetesi.com\/index.php?rest_route=%2Fwp%2Fv2%2Ftags&post=13430"}],"curies":[{"name":"wp","href":"https:\/\/api.w.org\/{rel}","templated":true}]}}