{"id":13436,"date":"2021-07-26T12:28:06","date_gmt":"2021-07-26T09:28:06","guid":{"rendered":"http:\/\/akdenizolaygazetesi.com\/?p=13436"},"modified":"2021-07-26T12:28:06","modified_gmt":"2021-07-26T09:28:06","slug":"buyuksehirin-plajlari-bayramda-binlerce-tatilciyi-agirladi","status":"publish","type":"post","link":"https:\/\/akdenizolaygazetesi.com\/?p=13436","title":{"rendered":"B\u00dcY\u00dcK\u015eEH\u0130R\u2019\u0130N PLAJLARI BAYRAMDA B\u0130NLERCE TAT\u0130LC\u0130Y\u0130 A\u011eIRLADI"},"content":{"rendered":"<p>Mersin B\u00fcy\u00fck\u015fehir Belediyesi Denizk\u0131z\u0131 Turizm A.\u015e. taraf\u0131ndan i\u015fletilen 12 halk plaj\u0131, Kurban Bayram\u0131\u2019nda tatilci ak\u0131n\u0131na u\u011frad\u0131. G\u00f6revlilerin 24 saat temizlik \u00e7al\u0131\u015fmas\u0131 ger\u00e7ekle\u015ftirdi\u011fi plajlarda vatanda\u015flara keyifli bir tatil ge\u00e7irebilmeleri amac\u0131yla bir\u00e7ok olanak sa\u011fland\u0131.<\/p>\n<p>9 plaj\u0131n say\u0131s\u0131 bu yaz 12\u2019ye y\u00fckseldi<\/p>\n<p>K\u0131zkalesi ve Susano\u011flu\u2019nda toplam 3 mavi bayra\u011fa sahip B\u00fcy\u00fck\u015fehir\u2019in 12 halk plaj\u0131nda bayram haz\u0131rl\u0131klar\u0131 g\u00fcnler \u00f6ncesinden tamamland\u0131. K\u0131zkalesi, Susano\u011flu, Yaprakl\u0131koy, Yemi\u015fkumu, Kocahasanl\u0131, Kumkuyu, T\u0131rtar, T\u00f6bank ve Sultankoy\u2019dan olu\u015fan toplam 9 plajla hizmet veren B\u00fcy\u00fck\u015fehir, bu yaz Akkum, Limonlu ve Kocahasanl\u0131 Do\u011fu plajlar\u0131n\u0131 da i\u015fletmeye ba\u015flayarak, bu say\u0131y\u0131 12\u2019ye \u00e7\u0131kard\u0131.<\/p>\n<p>Plajlar yerli ve yabanc\u0131 tatilcileri a\u011f\u0131rlad\u0131<\/p>\n<p>Temizlik ve g\u00fcvenli\u011fiyle dikkat \u00e7eken B\u00fcy\u00fck\u015fehir\u2019in plajlar\u0131na 9 g\u00fcnl\u00fck bayram tatilinin ilk g\u00fcn\u00fcnden itibaren tatilciler ak\u0131n etti. Plajlar\u0131n giri\u015finde \u00e7evre illere ait plakal\u0131 ara\u00e7lar\u0131n yo\u011funlu\u011fu dikkat \u00e7ekerken, plaj b\u00f6lgelerinde \u00e7ok say\u0131da yurt d\u0131\u015f\u0131 plakal\u0131 ara\u00e7 da yer ald\u0131. Kentin do\u011fusundan bat\u0131s\u0131na yolculuk eden tatilcilerin ilk dura\u011f\u0131 genellikle Yemi\u015fkumu Halk Plaj\u0131 olurken, D-400 karayolu \u00fczerinden devam eden bir\u00e7ok tatilci ise solu\u011fu turizmin g\u00f6zdesi K\u0131zkalesi\u2019nde ald\u0131.<\/p>\n<p>B\u00fcy\u00fck\u015fehir\u2019in i\u015fletti\u011fi plajlar aras\u0131nda kentin en bat\u0131s\u0131nda bulunan Susano\u011flu Halk Plaj\u0131 ise sahip oldu\u011fu 2 mavi bayrakla bu y\u0131l da binlerce tatilcinin vazge\u00e7ilmez tatil mekanlar\u0131 aras\u0131nda yer ald\u0131.<\/p>\n<p>Plajlarda konserler de d\u00fczenlendi<\/p>\n<p>B\u00fcy\u00fck\u015fehir, i\u015fletti\u011fi plajlarda tatilcilere sosyal mesafeli adalarda d\u00fczenli olarak dezenfekte edilen \u015fezlong ve \u015femsiye imkan\u0131n\u0131n yan\u0131 s\u0131ra du\u015f, soyunma kabini ve WC olana\u011f\u0131 da sundu. Plajlarda yer alan kafelerde ise so\u011fuk i\u00e7ecek \u00e7e\u015fitlerinin yan\u0131nda at\u0131\u015ft\u0131rmal\u0131k \u00fcr\u00fcn sat\u0131\u015flar\u0131yla tatilcilere hizmet verildi. Cankurtaranlar\u0131n da g\u00f6rev ald\u0131\u011f\u0131 plajlarda bayram\u0131n belirli g\u00fcnlerinde d\u00fczenlenen konserler, tatil co\u015fkusunu art\u0131rd\u0131.<\/p>\n<p>Plaj g\u00f6revlileri 24 saat temizlik \u00e7al\u0131\u015fmas\u0131 y\u00fcr\u00fctt\u00fc<\/p>\n<p>G\u00f6revlilerin plajlarda sa\u011flad\u0131\u011f\u0131 g\u00fcvenli ortam ve g\u00fcler y\u00fczl\u00fc hizmet tatilciler taraf\u0131ndan takdir toplarken, \u2018temizlik\u2019 konusunda da B\u00fcy\u00fck\u015fehir\u2019in plajlar\u0131 tatilcilerden tam not ald\u0131. G\u00f6revliler, 24 saat temizlik \u00e7al\u0131\u015fmas\u0131 y\u00fcr\u00fcterek, tatilcilerin olu\u015fturdu\u011fu at\u0131klardan olu\u015fan \u00e7\u00f6p y\u0131\u011f\u0131nlar\u0131n\u0131 tamamen ortadan kald\u0131rd\u0131.<\/p>\n<p>\u201cBayram\u0131 \u00e7ok yo\u011fun \u015fekilde ge\u00e7irdik\u201d<\/p>\n<p>Denizk\u0131z\u0131 Turizm A.\u015e.\u2019de g\u00f6revli Susano\u011flu Halk Plaj\u0131 Sorumlusu Utku Korkmaz, bayramda ya\u015fanan yo\u011funlukla ilgili \u015funlar\u0131 s\u00f6yledi:<\/p>\n<p>\u201cBayram\u0131 \u00e7ok yo\u011fun \u015fekilde ge\u00e7irdik. Vatanda\u015flar\u0131m\u0131za Susano\u011flu sahilinde hizmet etmeye \u00e7al\u0131\u015ft\u0131k. Sahilimiz y\u0131l ge\u00e7tik\u00e7e, g\u00fcn ge\u00e7tik\u00e7e \u00e7ok ilgi g\u00f6r\u00fcyor. Yap\u0131lan hizmetten vatanda\u015flar\u0131m\u0131z memnun kal\u0131yor olmal\u0131 ki her g\u00fcn \u00fczerine koyarak ilerliyoruz. Temizlik konusunda da gece-g\u00fcnd\u00fcz, 24 saat \u00e7ok b\u00fcy\u00fck bir \u00e7aba sarf ettik. S\u00fcrekli temizlik yapt\u0131k. Temizli\u011fe b\u00fcy\u00fck hassasiyet g\u00f6sterdik.\u201d<\/p>\n<p>\u201cPlaj c\u0131v\u0131l c\u0131v\u0131l\u201d<\/p>\n<p>Enver Ak\u0131n Eraslan, Tarsus\u2019tan Susano\u011flu Halk Plaj\u0131\u2019na geldi\u011fini belirterek, \u201cE\u011flenmeye geldik. E\u011fleniyoruz, daha yeni geldik. Buras\u0131 c\u0131v\u0131l c\u0131v\u0131l. \u00d6zellikle Mersin\u2019de, denizli bir yerde ya\u015fad\u0131\u011f\u0131ma seviniyorum. \u015eansl\u0131 oldu\u011fumu d\u00fc\u015f\u00fcn\u00fcyorum. Herkes bu taraflar\u0131 tercih ediyor. Denizin sakinli\u011fi, temizli\u011fi. Herkes burada\u201d dedi.<\/p>\n<p>\u201cAdana\u2019dan buraya gelirken sahillerde baya\u011f\u0131 bir kalabal\u0131k vard\u0131\u201d<\/p>\n<p>Osman Demir, Adana\u2019dan tatil i\u00e7in Mersin\u2019e geldi\u011fini vurgulayarak, \u201cDenizi g\u00fczel, temiz. O y\u00fczden tercih ettik buray\u0131. Adana\u2019dan buraya do\u011fru gelirken sahillere bakt\u0131k\u00e7a baya\u011f\u0131 bir kalabal\u0131k vard\u0131. Bo\u015f yer bulamad\u0131k. Memnunuz, \u00e7ok g\u00fczel. Gayet g\u00fczel ortam. \u0130nsanlar mutlu. Uzun pandemi d\u00f6neminden sonra art\u0131k herkes kendini denizlere atm\u0131\u015f. Susano\u011flu\u2019nu daha \u00e7ok tercih ediyorlar. Daha temiz, daha \u00e7ok aile kesimi burada. Daha g\u00fczel, hijyenik bir yer\u201d diye konu\u015ftu.<\/p>\n<p>\u201cVahap Ba\u015fkan \u00e7ok g\u00fczel \u00e7al\u0131\u015f\u0131yor\u201d<\/p>\n<p>Fatma Ural, ya\u015fad\u0131\u011f\u0131 kentin plajlar\u0131n\u0131 be\u011fendi\u011fini vurgulayarak, \u201cSusano\u011flu\u2019na geldik. G\u00fczel bir ortam. Bir de bildi\u011fimiz bir ortam. G\u00fczel bir kalabal\u0131k var, ortam temiz. Biz \u00e7ok memnun kald\u0131k, te\u015fekk\u00fcr ediyoruz. Her t\u00fcrl\u00fc imkanlar\u0131 var. Kabinleri var, du\u015flar\u0131 var, \u015fezlonglar\u0131 g\u00fczel\u201d dedi.<\/p>\n<p>Ebru Asal ise Toroslar il\u00e7esinden gelerek, tatil i\u00e7in B\u00fcy\u00fck\u015fehir\u2019in plajlar\u0131n\u0131 tercih etti\u011fini vurgulayarak, \u201cMemnunum buradan. A\u015f\u0131r\u0131 yo\u011funluk var ama yine de temiz. B\u00fcy\u00fck\u015fehir \u00e7ok g\u00fczel i\u015fletiyor. Gayet g\u00fczel buldum; soyunma kabiniydi, du\u015fuydu, tuvaletleriydi. Baya\u011f\u0131 g\u00fczel \u00e7al\u0131\u015fmalar, eskiye nazaran g\u00fczel. Genelde aile oluyor burada ama bu bayram baya\u011f\u0131 bir yo\u011funluk var. Denizi g\u00fczel, kum. Vahap Ba\u015fkan \u00e7ok g\u00fczel \u00e7al\u0131\u015f\u0131yor, \u00e7ok memnunuz\u201d ifadelerine yer verdi.<\/p>\n<p>Minik Duru, \u00e7evreyi kirletenlere seslendi: \u201cL\u00fctfen denizlere ve d\u0131\u015far\u0131ya \u00e7\u00f6p atmay\u0131n\u201d<\/p>\n<p>Samsun\u2019dan ailesiyle birlikte Mersin\u2019e gelen 8 ya\u015f\u0131ndaki Duru Uzun ise kirlili\u011fe dikkat \u00e7ekerek, \u201cL\u00fctfen denizlere ve d\u0131\u015far\u0131ya \u00e7\u00f6p atmay\u0131n. \u00c7ocuklara temiz bir d\u00fcnya b\u0131rakmak istiyorsan\u0131z l\u00fctfen d\u0131\u015far\u0131ya \u00e7\u00f6p atmay\u0131n. D\u00f6n\u00fc\u015ft\u00fcr\u00fclebilir \u00e7\u00f6pleri geri d\u00f6n\u00fc\u015f\u00fcme at\u0131n l\u00fctfen, bizleri d\u00fc\u015f\u00fcn\u00fcyorsan\u0131z\u201d diye konu\u015ftu. Minik Duru, g\u00f6revlilerin sahilleri s\u00fcrekli temizledi\u011fini de belirterek, \u201c\u00c7al\u0131\u015ft\u0131klar\u0131 \u00e7abalar kar\u015f\u0131s\u0131nda iyilik gelmiyor. Onlar hala \u00e7\u00f6p atmaya devam ediyor\u201d dedi.<\/p>\n","protected":false},"excerpt":{"rendered":"<p>Mersin B\u00fcy\u00fck\u015fehir Belediyesi Denizk\u0131z\u0131 Turizm A.\u015e. taraf\u0131ndan i\u015fletilen 12 halk plaj\u0131, Kurban Bayram\u0131\u2019nda tatilci ak\u0131n\u0131na u\u011frad\u0131. G\u00f6revlilerin 24 saat temizlik \u00e7al\u0131\u015fmas\u0131 ger\u00e7ekle\u015ftirdi\u011fi plajlarda vatanda\u015flara keyifli bir tatil ge\u00e7irebilmeleri amac\u0131yla bir\u00e7ok &hellip; <a href=\"https:\/\/akdenizolaygazetesi.com\/?p=13436\" class=\"more-link\">Devam\u0131n\u0131 Oku&#8230;<\/a><\/p>\n","protected":false},"author":2,"featured_media":13437,"comment_status":"open","ping_status":"open","sticky":false,"template":"","format":"standard","meta":[],"categories":[34,3,5],"tags":[],"_links":{"self":[{"href":"https:\/\/akdenizolaygazetesi.com\/index.php?rest_route=\/wp\/v2\/posts\/13436"}],"collection":[{"href":"https:\/\/akdenizolaygazetesi.com\/index.php?rest_route=\/wp\/v2\/posts"}],"about":[{"href":"https:\/\/akdenizolaygazetesi.com\/index.php?rest_route=\/wp\/v2\/types\/post"}],"author":[{"embeddable":true,"href":"https:\/\/akdenizolaygazetesi.com\/index.php?rest_route=\/wp\/v2\/users\/2"}],"replies":[{"embeddable":true,"href":"https:\/\/akdenizolaygazetesi.com\/index.php?rest_route=%2Fwp%2Fv2%2Fcomments&post=13436"}],"version-history":[{"count":1,"href":"https:\/\/akdenizolaygazetesi.com\/index.php?rest_route=\/wp\/v2\/posts\/13436\/revisions"}],"predecessor-version":[{"id":13438,"href":"https:\/\/akdenizolaygazetesi.com\/index.php?rest_route=\/wp\/v2\/posts\/13436\/revisions\/13438"}],"wp:featuredmedia":[{"embeddable":true,"href":"https:\/\/akdenizolaygazetesi.com\/index.php?rest_route=\/wp\/v2\/media\/13437"}],"wp:attachment":[{"href":"https:\/\/akdenizolaygazetesi.com\/index.php?rest_route=%2Fwp%2Fv2%2Fmedia&parent=13436"}],"wp:term":[{"taxonomy":"category","embeddable":true,"href":"https:\/\/akdenizolaygazetesi.com\/index.php?rest_route=%2Fwp%2Fv2%2Fcategories&post=13436"},{"taxonomy":"post_tag","embeddable":true,"href":"https:\/\/akdenizolaygazetesi.com\/index.php?rest_route=%2Fwp%2Fv2%2Ftags&post=13436"}],"curies":[{"name":"wp","href":"https:\/\/api.w.org\/{rel}","templated":true}]}}