{"id":13445,"date":"2021-07-27T15:26:43","date_gmt":"2021-07-27T12:26:43","guid":{"rendered":"http:\/\/akdenizolaygazetesi.com\/?p=13445"},"modified":"2021-07-27T15:26:43","modified_gmt":"2021-07-27T12:26:43","slug":"mersin-buyuksehir-organik-tarim-projesini-baslatti","status":"publish","type":"post","link":"https:\/\/akdenizolaygazetesi.com\/?p=13445","title":{"rendered":"MERS\u0130N B\u00dcY\u00dcK\u015eEH\u0130R, \u201cORGAN\u0130K TARIM PROJES\u0130\u201dN\u0130 BA\u015eLATTI"},"content":{"rendered":"<p>Mersin B\u00fcy\u00fck\u015fehir Belediyesi Tar\u0131msal ve Veteriner Hizmetleri Dairesi\u2019nin Tarsus ve Toroslar il\u00e7elerinde 100 \u00fcreticiyi kapsayan \u201cOrganik Tar\u0131m Projesi\u201dnin tan\u0131t\u0131m e\u011fitimleri ger\u00e7ekle\u015fti. \u00dcreticileri organik tar\u0131ma te\u015fvik eden projeye Mersinden Kad\u0131n Kooperatifi de destek verdi.<\/p>\n<p>E\u011fitimlerden organik g\u00fcbreye her alanda destek<\/p>\n<p>\u0130nsan sa\u011fl\u0131\u011f\u0131n\u0131n, \u00e7evrenin, yer alt\u0131 sular\u0131n\u0131n, do\u011fal biyo \u00e7e\u015fitlili\u011finin korumas\u0131 amac\u0131yla ba\u015flat\u0131lan proje kapsam\u0131nda hastal\u0131k ve zararl\u0131lara dayan\u0131kl\u0131 bitki \u00e7e\u015fitleri kullan\u0131m\u0131n\u0131n art\u0131r\u0131lmas\u0131 da ama\u00e7lan\u0131yor. Bu kapsamda B\u00fcy\u00fck\u015fehir Belediyesi tarihinde ilk kez ba\u015flat\u0131lan \u201cOrganik Tar\u0131m Projesi\u201d \u00fcreticilere de \u00f6nemli faydalar sa\u011fl\u0131yor. \u00dcr\u00fcn\u00fcn \u00fcretilmesi, i\u015flenmesi ve depolanmas\u0131 gibi her a\u015famada yetkili sertifikaland\u0131r\u0131lmas\u0131n\u0131 hedefleyen proje, \u00fcreticilere bu alanda sunulacak \u00e7e\u015fitli destekleri kaps\u0131yor. Proje sayesinde organik tar\u0131m e\u011fitimleri ve organik sertifikasyon al\u0131m\u0131 a\u015famalar\u0131ndan yararlanma f\u0131rsat\u0131 yakalayacak her \u00fcreticiye 250 kilogram organik g\u00fcbre deste\u011fi de sa\u011flanacak.<\/p>\n<p>\u00dcreticiler projenin tan\u0131t\u0131m etkinli\u011fine kat\u0131ld\u0131<\/p>\n<p>Projenin \u00f6nemli ad\u0131mlar\u0131ndan birini tamamlayan B\u00fcy\u00fck\u015fehir, Tarsus\u2019ta 32, Toroslar\u2019da ise 10 mahalleyi kapsayan projenin tan\u0131t\u0131m e\u011fitimlerini ger\u00e7ekle\u015ftirdi. Bu e\u011fitimlerde \u00fcreticilere proje hakk\u0131nda bilgiler verilirken, organik tar\u0131m\u0131n \u00f6nemli noktalar\u0131 anlat\u0131ld\u0131. \u00dcreticiler ise merak ettikleri sorular\u0131 y\u00f6nelterek, kafalar\u0131ndaki soru i\u015faretlerine i\u015fin uzmanlar\u0131ndan yan\u0131t ald\u0131. B\u00fcy\u00fck\u015fehir, tamamlanan tan\u0131t\u0131m e\u011fitimlerinin ard\u0131ndan projeyi; organik g\u00fcbre da\u011f\u0131t\u0131m\u0131, \u00fcr\u00fcn \u00e7e\u015fidine g\u00f6re hasat d\u00f6neminde numune al\u0131m\u0131, arazinin bulundu\u011fu konumun tespiti ve uygulamal\u0131 organik tar\u0131m e\u011fitimi verilmesi ad\u0131mlar\u0131yla s\u00fcrd\u00fcrecek.<\/p>\n<p>\u201cBu \u00fcr\u00fcnlerin katma de\u011ferli \u00fcr\u00fcnler haline gelmesi konusunda \u00e7al\u0131\u015fma yapaca\u011f\u0131z\u201d<\/p>\n<p>Mersinden Kad\u0131n Kooperatifi Ba\u015fkan\u0131 Meral Se\u00e7er, Toroslar il\u00e7esi Dar\u0131sekisi Mahallesi\u2019nde ger\u00e7ekle\u015ftirilen e\u011fitimlere kat\u0131ld\u0131. Meral Se\u00e7er, kooperatif olarak projenin \u00fcretim a\u015famas\u0131na katk\u0131 sunacaklar\u0131n\u0131 belirterek, \u201c\u0130nsan sa\u011fl\u0131\u011f\u0131n\u0131n ve do\u011fam\u0131z\u0131n korunmas\u0131n\u0131n pandemiden sonra \u00e7ok\u00e7a konu\u015fuldu\u011fu \u015fu g\u00fcnlerde; organik tar\u0131m\u0131n, organik tar\u0131mdan \u00fcretilmi\u015f \u00fcr\u00fcnlerin, katma de\u011ferli \u00fcr\u00fcnlerin ne kadar \u00f6nemli oldu\u011funu daha \u00e7ok g\u00f6zler \u00f6n\u00fcne koydu. Bu projede B\u00fcy\u00fck\u015fehir\u2019in \u00fcreticilerimize verece\u011fi destek \u00e7ok \u00f6nemli. Biz de Mersinden Kad\u0131n Kooperatifi olarak proje s\u00fcrecinde, ge\u00e7i\u015f d\u00f6neminde ve sertifika al\u0131nd\u0131ktan sonraki d\u00f6nemde bu \u00fcr\u00fcnlerin katma de\u011ferli \u00fcr\u00fcnler haline gelmesi konusunda \u00e7al\u0131\u015fma yapaca\u011f\u0131z\u201d dedi.<\/p>\n<p>\u201c\u00dcr\u00fcnlerin katma de\u011ferli \u00fcr\u00fcnler halinde pazara sunulmas\u0131nda destek olaca\u011f\u0131z\u201d<\/p>\n<p>Mersinden Kad\u0131n Kooperatifi\u2019nin Dar\u0131sekisi \u00d6rnek K\u00f6y Projesi\u2019nde bulunan \u00fcretim at\u00f6lyesinde \u00fcretilecek organik \u00fcr\u00fcnleri katma de\u011fere d\u00f6n\u00fc\u015ft\u00fcreceklerini s\u00f6zlerine ekleyen Meral Se\u00e7er, \u201cMersin Hali\u2019nde bulunan kurutma tesisimizde de bu organik \u00fcr\u00fcnleri de\u011ferlendirerek katma de\u011ferli \u00fcr\u00fcnler halinde pazara sunulmas\u0131na destek olaca\u011f\u0131z. \u00dcr\u00fcnlerin katma de\u011ferli hale getirilmesi kullan\u0131m ve raf \u00f6mr\u00fc a\u00e7\u0131s\u0131ndan \u00e7ok \u00f6nemli. Bu zincirde kooperatif olarak verece\u011fimiz bu destek, \u00fcreticilerimizin \u00fcr\u00fcnlerinin de de\u011ferlendirilmesi konusunda \u00e7ok \u00f6nemli bir katk\u0131 sa\u011flayacak\u201d diye konu\u015ftu.<\/p>\n<p>\u201cMersin\u2019de organik tar\u0131mla alakal\u0131 B\u00fcy\u00fck\u015fehir b\u00fcnyesinde ilk defa bir proje y\u00fcr\u00fctt\u00fck\u201d<\/p>\n<p>B\u00fcy\u00fck\u015fehir Belediyesi Tar\u0131msal ve Veteriner Hizmetleri Dairesi Ba\u015fkan\u0131 Salim Serdar G\u00f6k\u00e7ek, belediye b\u00fcnyesinde ilk defa organik tar\u0131mla ilgili bir proje y\u00fcr\u00fctt\u00fcklerini vurgulayarak, \u201c\u00d6nce mutfakta bu projeler haz\u0131rland\u0131. Daha sonra organik tar\u0131m \u00fcretimi yapan \u00fcreticilerimizle g\u00f6r\u00fc\u015ft\u00fck. Baz\u0131lar\u0131 s\u0131k\u0131nt\u0131lar \u00e7ektiklerini, sertifikasyon kurulu\u015funa sertifika \u00fccretlerinin \u00f6denememesiyle ilgili birtak\u0131m zorluklardan bahsetti. Biz de B\u00fcy\u00fck\u015fehir Belediyesi olarak 100 ki\u015fiyle ba\u015flatt\u0131\u011f\u0131m\u0131z, Tarsus ve Toroslar\u2019da olmak \u00fczere bu \u00fcreticilerimizin gerek e\u011fitimleri gerek sertifika \u00fccretleri gerekse kendilerine bir miktar organik g\u00fcbre yard\u0131m\u0131nda bulunaca\u011f\u0131z. B\u00fcy\u00fck\u015fehir Belediyesi olarak tar\u0131m\u0131n her alan\u0131nda var\u0131z\u201d ifadelerine yer verdi. G\u00f6k\u00e7ek, B\u00fcy\u00fck\u015fehir\u2019in sa\u011flayaca\u011f\u0131 desteklerle \u00fcreticilerin elde edece\u011fi organik \u00fcr\u00fcnlerin Mersin B\u00fcy\u00fck\u015fehir Belediyesi\u2019nin a\u00e7aca\u011f\u0131 \u00fcretici pazarlar\u0131nda ve Mersinden Kad\u0131n Kooperatifi arac\u0131l\u0131\u011f\u0131yla katma de\u011fere d\u00f6n\u00fc\u015ft\u00fcr\u00fclerek sat\u0131\u015fa sunulaca\u011f\u0131n\u0131 vurgulad\u0131.<\/p>\n<p>Tarsus\u2019ta da proje tan\u0131t\u0131m e\u011fitimi ger\u00e7ekle\u015ftirildi<\/p>\n<p>Projeye ili\u015fkin olarak Tarsus Ziraat Odas\u0131\u2019nda da tan\u0131t\u0131m e\u011fitimi ger\u00e7ekle\u015ftirildi. Ziraat M\u00fchendisi Ya\u011fmur Arslan\u2019\u0131n slayt e\u015fli\u011finde organik tar\u0131m\u0131n tarihsel s\u00fcreci ile ilgili detayl\u0131 bilgiler verdi\u011fi toplant\u0131da, \u00fcreticilerden gelen sorular cevapland\u0131r\u0131ld\u0131.<\/p>\n<p>\u201cMersin\u2019de ilk defa organik tar\u0131ma \u00f6nem veren bir ba\u015fkan\u0131m\u0131zla bulu\u015fmu\u015f olduk\u201d<\/p>\n<p>Ekotar Kontrol ve Sertifikasyon Kurulu\u015fu Genel M\u00fcd\u00fcr\u00fc Ziraat Y\u00fcksek M\u00fchendisi Vahap Ery\u0131lmaz ise Toroslar il\u00e7esi Dar\u0131s\u0131sekisi Mahallesi\u2019nde projenin tan\u0131t\u0131m e\u011fitiminde yapt\u0131\u011f\u0131 konu\u015fmada projeyle d\u00fc\u015f\u00fcncelerini \u015fu \u015fekilde aktard\u0131:<\/p>\n<p>\u201cTelefonlar\u0131m\u0131z 24 saat a\u00e7\u0131k. \u00c7ekinmeden aray\u0131p gerekli bilgileri sorabilirsiniz. Biz o konuda da yard\u0131mc\u0131 olaca\u011f\u0131z. Ekiplerimiz var. Ayn\u0131 zamanda da belediyede meslekta\u015f arkada\u015f\u0131m\u0131z var. Bunlarla birlikte biz bu projeyi sa\u011fl\u0131kl\u0131 bir \u015fekilde g\u00f6t\u00fcrece\u011fiz. B\u00fcy\u00fck\u015fehir Belediye Ba\u015fkan\u0131m\u0131z Say\u0131n Vahap Se\u00e7er\u2019e te\u015fekk\u00fcrlerimi ve sayg\u0131lar\u0131m\u0131 sunuyorum. Ger\u00e7ekten Mersin\u2019de ilk defa tar\u0131ma, organik tar\u0131ma \u00f6nem veren bir ba\u015fkan\u0131m\u0131zla bulu\u015fmu\u015f olduk. \u0130stifade etmemiz laz\u0131m. El ele vererek Mersinimizi belirli bir noktaya getirmeye \u00e7al\u0131\u015faca\u011f\u0131z.\u201d<\/p>\n<p>\u201cOrganik tar\u0131m\u0131n nas\u0131l yap\u0131ld\u0131\u011f\u0131n\u0131, ne oldu\u011funu ilk defa duyanlar var\u201d<\/p>\n<p>Dar\u0131sekisi Mahalle Muhtar\u0131 Yakup Yetkin, hem \u00fcretici hem de mahalle muhtar\u0131 olarak yap\u0131lan projeden memnun kald\u0131\u011f\u0131n\u0131 vurgulayarak, \u201cOrganik tar\u0131m insanlar\u0131n sa\u011fl\u0131\u011f\u0131 a\u00e7\u0131s\u0131ndan \u00f6nemli. Ama insanlar hen\u00fcz organik tar\u0131m\u0131n ne oldu\u011funu, nas\u0131l oldu\u011funu bilmedikleri i\u00e7in ilgi var, \u00f6\u011frenmeye \u00e7al\u0131\u015f\u0131yorlar.  Bizim \u00f6ncelikle organik tar\u0131m\u0131n nas\u0131l yap\u0131ld\u0131\u011f\u0131n\u0131 \u00f6\u011frenmemiz laz\u0131m. Buna destek tabii ki B\u00fcy\u00fck\u015fehir\u2019den gelecek, bunu biliyoruz. Organik tar\u0131m\u0131n nas\u0131l yap\u0131ld\u0131\u011f\u0131n\u0131, ne oldu\u011funu ilk defa duyanlar var. Vahap Ba\u015fkan\u0131n arkam\u0131zda oldu\u011funu, k\u00f6yl\u00fclere, \u00fcreticilere destek verdi\u011fini biliyoruz\u201d dedi.<\/p>\n<p>\u201c\u00d6nemsendi\u011fimizi hissedince daha g\u00fczel \u015feyler yapma iste\u011fimiz do\u011fuyor\u201d<\/p>\n<p>\u00dcreticilerden Asiye T\u00f6r, organik tar\u0131ma merak\u0131n\u0131n oldu\u011funu, bu merak\u0131 \u00fcretime d\u00f6n\u00fc\u015ft\u00fcrmek istedi\u011fini belirtti. Proje sayesinde alacaklar\u0131 sertifikan\u0131n kendileri i\u00e7in b\u00fcy\u00fck \u00f6nem ta\u015f\u0131d\u0131\u011f\u0131n\u0131 s\u00f6zlerine ekleyen T\u00f6r, \u015funlar\u0131 s\u00f6yledi:<\/p>\n<p>\u201cOrganik tar\u0131m yapabilmek i\u00e7in devlet deste\u011fine ihtiyac\u0131m\u0131z var. Kendi g\u00fcc\u00fcm\u00fcz yetmiyor. Maddi manevi b\u00fct\u00fcn sorunlar\u0131 \u00e7\u00f6zebilmek i\u00e7in bu sertifikaya ihtiyac\u0131m\u0131z var. Ayn\u0131 zamanda e\u011fitim olarak ihtiyac\u0131m\u0131z var. E\u011fitimimizi al\u0131p sonucunda da sertifikam\u0131z\u0131 al\u0131rsak devletimizin, \u00f6zellikle de B\u00fcy\u00fck\u015fehir Belediye Ba\u015fkan\u0131m\u0131z\u2019\u0131n bize olan deste\u011finin artaca\u011f\u0131n\u0131 d\u00fc\u015f\u00fcn\u00fcyorum. Bu proje onun i\u00e7in ba\u015flat\u0131ld\u0131 zaten. B\u00fcy\u00fck\u015fehir Belediye Ba\u015fkan\u0131m\u0131za b\u00f6yle g\u00fczel projelere imza att\u0131\u011f\u0131 i\u00e7in te\u015fekk\u00fcr ediyorum. Ara mahallelere, bizlere, k\u00f6yl\u00fclere ve kad\u0131n \u00fcreticilere verdi\u011fi desteklerden dolay\u0131 ger\u00e7ekten \u00e7ok te\u015fekk\u00fcr ediyorum. \u00d6nemsiyor, \u00f6nemseniyoruz, \u00f6nemsendi\u011fimizi hissedince de daha g\u00fczel \u015feyler yapma iste\u011fimiz do\u011fuyor.\u201d<\/p>\n","protected":false},"excerpt":{"rendered":"<p>Mersin B\u00fcy\u00fck\u015fehir Belediyesi Tar\u0131msal ve Veteriner Hizmetleri Dairesi\u2019nin Tarsus ve Toroslar il\u00e7elerinde 100 \u00fcreticiyi kapsayan \u201cOrganik Tar\u0131m Projesi\u201dnin tan\u0131t\u0131m e\u011fitimleri ger\u00e7ekle\u015fti. \u00dcreticileri organik tar\u0131ma te\u015fvik eden projeye Mersinden Kad\u0131n Kooperatifi &hellip; <a href=\"https:\/\/akdenizolaygazetesi.com\/?p=13445\" class=\"more-link\">Devam\u0131n\u0131 Oku&#8230;<\/a><\/p>\n","protected":false},"author":2,"featured_media":13446,"comment_status":"open","ping_status":"open","sticky":false,"template":"","format":"standard","meta":[],"categories":[1,3,5],"tags":[],"_links":{"self":[{"href":"https:\/\/akdenizolaygazetesi.com\/index.php?rest_route=\/wp\/v2\/posts\/13445"}],"collection":[{"href":"https:\/\/akdenizolaygazetesi.com\/index.php?rest_route=\/wp\/v2\/posts"}],"about":[{"href":"https:\/\/akdenizolaygazetesi.com\/index.php?rest_route=\/wp\/v2\/types\/post"}],"author":[{"embeddable":true,"href":"https:\/\/akdenizolaygazetesi.com\/index.php?rest_route=\/wp\/v2\/users\/2"}],"replies":[{"embeddable":true,"href":"https:\/\/akdenizolaygazetesi.com\/index.php?rest_route=%2Fwp%2Fv2%2Fcomments&post=13445"}],"version-history":[{"count":1,"href":"https:\/\/akdenizolaygazetesi.com\/index.php?rest_route=\/wp\/v2\/posts\/13445\/revisions"}],"predecessor-version":[{"id":13447,"href":"https:\/\/akdenizolaygazetesi.com\/index.php?rest_route=\/wp\/v2\/posts\/13445\/revisions\/13447"}],"wp:featuredmedia":[{"embeddable":true,"href":"https:\/\/akdenizolaygazetesi.com\/index.php?rest_route=\/wp\/v2\/media\/13446"}],"wp:attachment":[{"href":"https:\/\/akdenizolaygazetesi.com\/index.php?rest_route=%2Fwp%2Fv2%2Fmedia&parent=13445"}],"wp:term":[{"taxonomy":"category","embeddable":true,"href":"https:\/\/akdenizolaygazetesi.com\/index.php?rest_route=%2Fwp%2Fv2%2Fcategories&post=13445"},{"taxonomy":"post_tag","embeddable":true,"href":"https:\/\/akdenizolaygazetesi.com\/index.php?rest_route=%2Fwp%2Fv2%2Ftags&post=13445"}],"curies":[{"name":"wp","href":"https:\/\/api.w.org\/{rel}","templated":true}]}}