{"id":1345,"date":"2020-11-04T18:21:55","date_gmt":"2020-11-04T15:21:55","guid":{"rendered":"http:\/\/mersinekonomipolitikagazetesi.com\/?p=1345"},"modified":"2020-11-04T18:21:55","modified_gmt":"2020-11-04T15:21:55","slug":"mut-festivali-necdet-kaya-ve-atiye-konseriyle-sona-erdi","status":"publish","type":"post","link":"https:\/\/akdenizolaygazetesi.com\/?p=1345","title":{"rendered":"Mut Festivali, Necdet Kaya ve Atiye konseriyle sona erdi"},"content":{"rendered":"<p>Mersin&#8217;in Mut il\u00e7esinde 55. Uluslararas\u0131 Mut Karacao\u011flan, Kay\u0131s\u0131 K\u00fclt\u00fcr ve Sanat Festivali&#8217;nin final ak\u015fam\u0131nda, Halk m\u00fczi\u011fi sanat\u00e7\u0131s\u0131 Necdet Kaya ve ard\u0131ndan da pop m\u00fczi\u011fin sevilen sanat\u00e7\u0131lar\u0131ndan Atiye sahne alarak hayranlar\u0131na unutamayacaklar\u0131 bir konser verdiler.<\/p>\n<p>Sahneye \u00e7\u0131kan Halk m\u00fczi\u011fi sanat\u00e7\u0131s\u0131 Necdet Kaya, halk m\u00fczi\u011fi dal\u0131nda en g\u00fczel eserlerini okuyarak hayranlar\u0131na ne\u015feli dakikalar ya\u015fatt\u0131. Ard\u0131ndan Atiye sahne ald\u0131. Gecenin ilerleyen saatlerine kadar hayranlar\u0131n\u0131 co\u015fturan Atiye, Mut halk\u0131na ne\u015feli ve muhte\u015fem bir konser verdi. Eski ve yeni alb\u00fcm\u00fcn\u00fcn be\u011fenilen \u015fark\u0131lar\u0131n\u0131 seslendiren sanat\u00e7\u0131, yakla\u015f\u0131k iki saat sahnede kalarak Mut\u2019lular i\u00e7in haz\u0131rlad\u0131\u011f\u0131 repertuar\u0131 ve Latin dans\u0131 ile izlemeye de\u011fer bir performans sergiledi. Ayr\u0131ca giydi\u011fi sahne kost\u00fcm\u00fc ile g\u00f6z dolduran Atiye\u2019nin neredeyse t\u00fcm \u015fark\u0131lar\u0131na bulunduklar\u0131 yerden e\u015flik eden hayranlar\u0131, unutulmayacak bir gece ya\u015fad\u0131. Atiye, konserin sonunda hayranlar\u0131 taraf\u0131ndan uzun s\u00fcre alk\u0131\u015fland\u0131.<br \/>\nKonserde Belediye Ba\u015fkan\u0131 Nebi Y\u0131lmaz, \u00fcnl\u00fc sanat\u00e7\u0131 Necdet Kaya ve Atiye\u2019ye Kay\u0131s\u0131 ve Karacao\u011flan plaketi takdim ederek, \u201c55. Uluslararas\u0131 Mut Karacao\u011flan, Kay\u0131s\u0131 K\u00fclt\u00fcr ve Sanat Festivalimizin final ak\u015fam\u0131nda \u00fcnl\u00fc sanat\u00e7\u0131lar\u0131m\u0131z\u0131 a\u011f\u0131rlamaktan b\u00fcy\u00fck mutluluk duyuyoruz. \u0130ki g\u00fcn s\u00fcresince festival ak\u015famlar\u0131m\u0131za birbirinden de\u011ferli sanat\u00e7\u0131lar\u0131m\u0131zla s\u00fcslendirdik. Mut halk\u0131yla ne\u015fe dolu g\u00fczel bir festival ge\u00e7irdik. Festival alan\u0131n\u0131 dolduran binlerce vatanda\u015f\u0131m\u0131za, Necdet Kaya ve Atiye sanat\u00e7\u0131lar\u0131m\u0131z\u0131n g\u00fczel konserleri i\u00e7in te\u015fekk\u00fcr ediyor, festival s\u00fcresince eme\u011fi ge\u00e7en herkese te\u015fekk\u00fcr ediyorum\u201d dedi.<\/p>\n","protected":false},"excerpt":{"rendered":"<p>Mersin&#8217;in Mut il\u00e7esinde 55. Uluslararas\u0131 Mut Karacao\u011flan, Kay\u0131s\u0131 K\u00fclt\u00fcr ve Sanat Festivali&#8217;nin final ak\u015fam\u0131nda, Halk m\u00fczi\u011fi sanat\u00e7\u0131s\u0131 Necdet Kaya ve ard\u0131ndan da pop m\u00fczi\u011fin sevilen sanat\u00e7\u0131lar\u0131ndan Atiye sahne alarak hayranlar\u0131na &hellip; <a href=\"https:\/\/akdenizolaygazetesi.com\/?p=1345\" class=\"more-link\">Devam\u0131n\u0131 Oku&#8230;<\/a><\/p>\n","protected":false},"author":1,"featured_media":0,"comment_status":"open","ping_status":"open","sticky":false,"template":"","format":"standard","meta":[],"categories":[],"tags":[],"_links":{"self":[{"href":"https:\/\/akdenizolaygazetesi.com\/index.php?rest_route=\/wp\/v2\/posts\/1345"}],"collection":[{"href":"https:\/\/akdenizolaygazetesi.com\/index.php?rest_route=\/wp\/v2\/posts"}],"about":[{"href":"https:\/\/akdenizolaygazetesi.com\/index.php?rest_route=\/wp\/v2\/types\/post"}],"author":[{"embeddable":true,"href":"https:\/\/akdenizolaygazetesi.com\/index.php?rest_route=\/wp\/v2\/users\/1"}],"replies":[{"embeddable":true,"href":"https:\/\/akdenizolaygazetesi.com\/index.php?rest_route=%2Fwp%2Fv2%2Fcomments&post=1345"}],"version-history":[{"count":0,"href":"https:\/\/akdenizolaygazetesi.com\/index.php?rest_route=\/wp\/v2\/posts\/1345\/revisions"}],"wp:attachment":[{"href":"https:\/\/akdenizolaygazetesi.com\/index.php?rest_route=%2Fwp%2Fv2%2Fmedia&parent=1345"}],"wp:term":[{"taxonomy":"category","embeddable":true,"href":"https:\/\/akdenizolaygazetesi.com\/index.php?rest_route=%2Fwp%2Fv2%2Fcategories&post=1345"},{"taxonomy":"post_tag","embeddable":true,"href":"https:\/\/akdenizolaygazetesi.com\/index.php?rest_route=%2Fwp%2Fv2%2Ftags&post=1345"}],"curies":[{"name":"wp","href":"https:\/\/api.w.org\/{rel}","templated":true}]}}