{"id":13451,"date":"2021-07-27T15:30:28","date_gmt":"2021-07-27T12:30:28","guid":{"rendered":"http:\/\/akdenizolaygazetesi.com\/?p=13451"},"modified":"2021-07-27T15:30:28","modified_gmt":"2021-07-27T12:30:28","slug":"chpli-ali-mahir-basarir-mersin-il-saglik-mudurlugundeki-skandal-iddialar-derhal-arastirilmalidir","status":"publish","type":"post","link":"https:\/\/akdenizolaygazetesi.com\/?p=13451","title":{"rendered":"CHP\u2019L\u0130 AL\u0130 MAH\u0130R BA\u015eARIR: \u201cMERS\u0130N \u0130L SA\u011eLIK M\u00dcD\u00dcRL\u00dc\u011e\u00dcNDEK\u0130 SKANDAL \u0130DD\u0130ALAR DERHAL ARA\u015eTIRILMALIDIR\u201d"},"content":{"rendered":"<p>CHP Mersin Milletvekili Ali Mahir Ba\u015far\u0131r, Mersin \u0130l Sa\u011fl\u0131k M\u00fcd\u00fcrl\u00fc\u011f\u00fc taraf\u0131ndan yap\u0131lan bir ihaledeki usuls\u00fczl\u00fck iddialar\u0131n\u0131 Meclis g\u00fcndemine ta\u015f\u0131d\u0131.<br \/>\nCHP\u2019li Ba\u015far\u0131r, s\u00f6z konusu ihaledeki iddialar\u0131n vahim oldu\u011funu belirterek, bu iddialar\u0131n bir an \u00f6nce ara\u015ft\u0131r\u0131lmas\u0131 gerekti\u011fini ve ortada i\u015flenen bir su\u00e7 varsa sorumlulara gerekli cezalar\u0131n verilmesi gerekti\u011fini belirtti.<\/p>\n<p>Kamunun Zarara U\u011frat\u0131ld\u0131\u011f\u0131 Her Bir Kuru\u015fta T\u00fcy\u00fc Bitmemi\u015f Yetimin Hakk\u0131 Vard\u0131r<\/p>\n<p>AKP \u0130ktidar\u0131n\u0131n hesap verilebilirlik ilkesini ayaklar alt\u0131na ald\u0131\u011f\u0131n\u0131 belirten CHP\u2019li Ba\u015far\u0131r, \u201cTicaret Bakan\u0131 \u00e7\u0131k\u0131yor kendi bakanl\u0131\u011f\u0131ndaki ihaleyi kendi \u015firketine alabiliyor, bir\u00e7ok ihalede usuls\u00fczl\u00fckler havada u\u00e7u\u015fuyor, i\u015fte yine bir ihalede ciddi bir \u015fekilde ihaleye fesat kar\u0131\u015ft\u0131rma iddialar\u0131 var. Hi\u00e7bir kamu g\u00f6revlisinin kamuyu zarara sokmas\u0131 affedilemez. Kamunun zarara u\u011frat\u0131ld\u0131\u011f\u0131 her bir kuru\u015fta t\u00fcy\u00fc bitmemi\u015f yetimin hakk\u0131 vard\u0131r. Vatanda\u015flar\u0131m\u0131z ge\u00e7im zorlu\u011fu ya\u015farken birilerinin kolay yoldan, haks\u0131z ve hukuk d\u0131\u015f\u0131 para kazanmas\u0131 ne hukuki ne ahlaki ne de vicdanidir\u201d dedi.<br \/>\nCHP\u2019li Ali Mahir Ba\u015far\u0131r, Sa\u011fl\u0131k Bakan\u0131 Fahrettin Koca\u2019n\u0131n yaz\u0131l\u0131 olarak yan\u0131tlamas\u0131 istemiyle vermi\u015f oldu\u011fu yaz\u0131l\u0131 soru \u00f6nergesinde;<\/p>\n<p>\u201cMersin \u0130l Sa\u011fl\u0131k M\u00fcd\u00fcrl\u00fc\u011f\u00fc\u2019nce 8 milyon TL\u2019lik donan\u0131m al\u0131m ihalesi yap\u0131ld\u0131\u011f\u0131; ihalenin teknik \u015fartnamesi haz\u0131rlan\u0131rken al\u0131nacak \u00fcr\u00fcnlerin HP markas\u0131 olmas\u0131na karar verildi\u011fi; Teknik \u015fartnameyi haz\u0131rlayan kurum g\u00f6revlisinin t\u00fcm yetkiyi alarak \u015fartnamenin t\u00fcm a\u015famalar\u0131n\u0131 y\u00fcr\u00fctt\u00fc\u011f\u00fc hatta yakla\u015f\u0131k maliyetin de ayn\u0131 kurum g\u00f6revlisi taraf\u0131ndan ortaya \u00e7\u0131kar\u0131ld\u0131\u011f\u0131 ve ihaleyi Evant adl\u0131 firman\u0131n almas\u0131 i\u00e7in adrese teslim ihale \u015fartnamesi haz\u0131rland\u0131\u011f\u0131 konu\u015fulan iddialar aras\u0131ndad\u0131r.<br \/>\nS\u00f6z konusu ihale \u015fartnamesinin, Evant firmas\u0131ndan al\u0131nacak HP \u00fcr\u00fcnlerine g\u00f6re ayarland\u0131\u011f\u0131 dillenince, teknik \u015fartnameyi haz\u0131rlayan kurum g\u00f6revlisinin yeni teknik \u015fartname haz\u0131rlad\u0131\u011f\u0131; yeni \u015fartnameyi, itiraz eden firmalara g\u00f6ndermedi\u011fi ve yakla\u015f\u0131k maliyet istenmedi\u011fi, sadece Evant Firmas\u0131 yetkilisinin belirtti\u011fi firmalardan yakla\u015f\u0131k maliyet al\u0131nd\u0131\u011f\u0131; HP, bayisi olan Evant ile ihaleye kat\u0131l\u0131rken, Evant Firma yetkilisinin partner olarak Entegard firmas\u0131n\u0131 da ihaleye soktu\u011fu; haz\u0131rlanan yeni \u015fartnamede i\u015f deneyim ve mali yeterlilik belgelerinin istenmedi\u011fi ve ihaleyi de Ko\u00e7 Sistem\u2019e ba\u011fl\u0131 Entegard Firmas\u0131\u2019n\u0131n  Dell marka \u00fcr\u00fcnlerle kazand\u0131\u011f\u0131; t\u00fcm bu organizasyonu, teknik \u015fartnameyi haz\u0131rlayan kurum g\u00f6revlisi ile Evant Firma yetkilisinin birlikte yaparak y\u00fcr\u00fctt\u00fc\u011f\u00fc yine konu\u015fulan iddialar aras\u0131ndad\u0131r.<br \/>\nAyr\u0131ca ihalede, Entegard Firmas\u0131\u2019n\u0131n 6 milyon 997 bin 784 TL teklif verdi\u011fi, Evant Firmas\u0131\u2019n\u0131n ise 7 milyon 142 bin 443 TL teklif verdi\u011fi, Evant Firmas\u0131\u2019n\u0131n teklif mektubunun \u00fcst sayfas\u0131n\u0131 bilerek imzalamad\u0131\u011f\u0131 ve dikkatleri \u00fczerinden \u00e7ekmek i\u00e7in ihaleden kendi firmas\u0131n\u0131 eletti\u011fi; ihale s\u00f6zle\u015fme s\u00fcresinin Sa\u011fl\u0131k Bakanl\u0131\u011f\u0131\u2019n\u0131n benzer ihalelerinde 62 ay olmas\u0131na ra\u011fmen s\u00f6z konusu ihalede 6 ayla s\u0131n\u0131rland\u0131r\u0131ld\u0131\u011f\u0131 s\u00f6ylenmektedir\u201d a\u00e7\u0131klamalar\u0131na yer vererek \u015fu sorular\u0131n yan\u0131tlanmas\u0131n\u0131 istedi:<\/p>\n<p>Yukar\u0131da belirtilen s\u00f6z konusu ihaleyle ilgili, ihaleye fesat kar\u0131\u015ft\u0131r\u0131ld\u0131\u011f\u0131 y\u00f6n\u00fcndeki iddialar do\u011fru mudur? Do\u011fru ise Mersin \u0130l Sa\u011fl\u0131k M\u00fcd\u00fcrl\u00fc\u011f\u00fc\u2019ndeki sorumlular hakk\u0131nda herhangi bir yasal i\u015flem ba\u015flat\u0131lm\u0131\u015f m\u0131d\u0131r? Ba\u015flat\u0131lm\u0131\u015fsa sonu\u00e7lar\u0131 ne olmu\u015ftur?<br \/>\n\u00d6nergemizin a\u00e7\u0131klama k\u0131sm\u0131nda belirtilen iddialar do\u011fru ise;<\/p>\n<p>A-) Haz\u0131rlanan ikinci \u015fartnamede i\u015f deneyim ve mali yeterlilik belgelerinin istenmemesi gerek\u00e7eleri nelerdir?<\/p>\n<p>B-) Sa\u011fl\u0131k Bakanl\u0131\u011f\u0131\u2019n\u0131n benzer ihalelerinde, idari \u015fartnamenin 12.2.3. maddesine g\u00f6re ihaleyi alan firman\u0131n sorumlulu\u011funu artt\u0131rmak i\u00e7in 62 ay s\u00fcre \u015fart\u0131 konulurken, s\u00f6z konusu ihalede bu s\u00fcrenin 6 ayla s\u0131n\u0131rl\u0131 kalmas\u0131n\u0131n gerek\u00e7eleri nelerdir? 6 ay sonra al\u0131nan donan\u0131m \u00fcr\u00fcnlerinin bozulmas\u0131 durumunda sorumlu kim ya da kimler olacakt\u0131r?  Yap\u0131lan bu uygulama kamuyu zarara u\u011fratmak de\u011fil midir?<\/p>\n<p>C-) Mersin \u0130l Sa\u011fl\u0131k M\u00fcd\u00fcrl\u00fc\u011f\u00fc\u2019nce mal al\u0131m hizmeti i\u00e7in a\u00e7\u0131lan di\u011fer ihalelerde de usuls\u00fczl\u00fck yap\u0131l\u0131p yap\u0131lmad\u0131\u011f\u0131 incelenmi\u015f midir? \u0130ncelenmi\u015fse sonu\u00e7lar\u0131 ne olmu\u015ftur?<\/p>\n","protected":false},"excerpt":{"rendered":"<p>CHP Mersin Milletvekili Ali Mahir Ba\u015far\u0131r, Mersin \u0130l Sa\u011fl\u0131k M\u00fcd\u00fcrl\u00fc\u011f\u00fc taraf\u0131ndan yap\u0131lan bir ihaledeki usuls\u00fczl\u00fck iddialar\u0131n\u0131 Meclis g\u00fcndemine ta\u015f\u0131d\u0131. CHP\u2019li Ba\u015far\u0131r, s\u00f6z konusu ihaledeki iddialar\u0131n vahim oldu\u011funu belirterek, bu iddialar\u0131n &hellip; <a href=\"https:\/\/akdenizolaygazetesi.com\/?p=13451\" class=\"more-link\">Devam\u0131n\u0131 Oku&#8230;<\/a><\/p>\n","protected":false},"author":2,"featured_media":13452,"comment_status":"open","ping_status":"open","sticky":false,"template":"","format":"standard","meta":[],"categories":[3,5,6],"tags":[],"_links":{"self":[{"href":"https:\/\/akdenizolaygazetesi.com\/index.php?rest_route=\/wp\/v2\/posts\/13451"}],"collection":[{"href":"https:\/\/akdenizolaygazetesi.com\/index.php?rest_route=\/wp\/v2\/posts"}],"about":[{"href":"https:\/\/akdenizolaygazetesi.com\/index.php?rest_route=\/wp\/v2\/types\/post"}],"author":[{"embeddable":true,"href":"https:\/\/akdenizolaygazetesi.com\/index.php?rest_route=\/wp\/v2\/users\/2"}],"replies":[{"embeddable":true,"href":"https:\/\/akdenizolaygazetesi.com\/index.php?rest_route=%2Fwp%2Fv2%2Fcomments&post=13451"}],"version-history":[{"count":1,"href":"https:\/\/akdenizolaygazetesi.com\/index.php?rest_route=\/wp\/v2\/posts\/13451\/revisions"}],"predecessor-version":[{"id":13453,"href":"https:\/\/akdenizolaygazetesi.com\/index.php?rest_route=\/wp\/v2\/posts\/13451\/revisions\/13453"}],"wp:featuredmedia":[{"embeddable":true,"href":"https:\/\/akdenizolaygazetesi.com\/index.php?rest_route=\/wp\/v2\/media\/13452"}],"wp:attachment":[{"href":"https:\/\/akdenizolaygazetesi.com\/index.php?rest_route=%2Fwp%2Fv2%2Fmedia&parent=13451"}],"wp:term":[{"taxonomy":"category","embeddable":true,"href":"https:\/\/akdenizolaygazetesi.com\/index.php?rest_route=%2Fwp%2Fv2%2Fcategories&post=13451"},{"taxonomy":"post_tag","embeddable":true,"href":"https:\/\/akdenizolaygazetesi.com\/index.php?rest_route=%2Fwp%2Fv2%2Ftags&post=13451"}],"curies":[{"name":"wp","href":"https:\/\/api.w.org\/{rel}","templated":true}]}}