{"id":13455,"date":"2021-07-28T11:40:46","date_gmt":"2021-07-28T08:40:46","guid":{"rendered":"http:\/\/akdenizolaygazetesi.com\/?p=13455"},"modified":"2021-07-28T11:40:46","modified_gmt":"2021-07-28T08:40:46","slug":"bakan-selcuk-masal-kulturumuzun-aktariminda-temel-araclardan-bir-tanesidir","status":"publish","type":"post","link":"https:\/\/akdenizolaygazetesi.com\/?p=13455","title":{"rendered":"Bakan Sel\u00e7uk; &#8220;Masal, K\u00fclt\u00fcr\u00fcm\u00fcz\u00fcn Aktar\u0131m\u0131nda Temel Ara\u00e7lardan Bir Tanesidir&#8221;"},"content":{"rendered":"<p>Toroslar Belediye Ba\u015fkan\u0131 Ats\u0131z Af\u015f\u0131n Y\u0131lmaz, bir dizi programlara kat\u0131lmak \u00fczere Mersin&#8217;e gelen Milli E\u011fitim Bakan\u0131 Ziya Sel\u00e7uk&#8217;a, Toroslar&#8217;da Masal Evi a\u00e7acaklar\u0131n\u0131n s\u00f6z\u00fcn\u00fc verdi.<\/p>\n<p>Bakan Sel\u00e7uk&#8217;a g\u00fcn\u00fcn an\u0131s\u0131na Orhun Kitabelerinin minyat\u00fcr \u00f6rne\u011fini de takdim eden Ba\u015fkan Y\u0131lmaz, \u00e7ocuklar\u0131n sosyal geli\u015fimlerine katk\u0131da bulanacak projeleri \u00f6nemsediklerini s\u00f6yledi.<\/p>\n<p>Toroslar Belediye Ba\u015fkan\u0131 Ats\u0131z Af\u015f\u0131n Y\u0131lmaz, Milli E\u011fitim Bakan\u0131 Ziya Sel\u00e7uk&#8217;un Mersin program\u0131na e\u015flik etti.<\/p>\n<p>Mersin Valisi Ali \u0130hsan Su, Mersin Milletvekilleri Baki \u015eim\u015fek, Olcay K\u0131lavuz, Hac\u0131 \u00d6zkan, Zeynep G\u00fcl Y\u0131lmaz, Ali Cumhur Ta\u015fk\u0131n, Toroslar Belediye Ba\u015fkan\u0131 Ats\u0131z Af\u015f\u0131n Y\u0131lmaz, Mersin \u0130l Milli E\u011fitim M\u00fcd\u00fcr\u00fc Adem Koca ve kent protokol\u00fcn\u00fcn kat\u0131l\u0131m\u0131yla ger\u00e7ekle\u015ftirilen program kapsam\u0131nda Bakan Sel\u00e7uk, tarihi deniz fenerine yap\u0131lan Ay\u015fe Ecevit Masal Evi&#8217;nin a\u00e7\u0131l\u0131\u015f\u0131n\u0131 yapt\u0131.<\/p>\n<p>Bakan Sel\u00e7uk; &#8220;Masal, K\u00fclt\u00fcr\u00fcm\u00fcz\u00fcn Aktar\u0131m\u0131nda Temel Ara\u00e7lardan Bir Tanesidir&#8221;<\/p>\n<p>Masal evinin bah\u00e7esinde minik \u00f6\u011frenciler ve \u00f6\u011fretmenler taraf\u0131ndan kar\u015f\u0131lanan Bakan Sel\u00e7uk, UNESCO T\u00fcrkiye Milli Komisyonu i\u015f birli\u011fi ile hayata ge\u00e7irilen Anadolu Masallar\u0131 Projesi kapsam\u0131nda a\u00e7\u0131lan masal evlerinin, \u00e7ocuklar\u0131n sosyal ve duygusal geli\u015fimlerine katk\u0131da bulundu\u011funu kaydetti.<\/p>\n<p>Bakan Sel\u00e7uk; &#8220;Anadolu masallar\u0131, Y\u00f6r\u00fck masallar\u0131, Evrensel masallar, Dede Korkut masallar\u0131 konusunda yapt\u0131\u011f\u0131m\u0131z bir \u00e7al\u0131\u015fma bu. Masal, bizim i\u00e7in k\u00fclt\u00fcr\u00fcn aktar\u0131m\u0131nda temel ara\u00e7lardan bir tanesidir. Her \u015fey bu g\u00fczel \u00e7ocuklar\u0131m\u0131z ve onlar\u0131n hayallerini zenginle\u015ftirmek i\u00e7in. B\u00f6yle g\u00fczel bir mekan\u0131 a\u00e7\u0131yor olmaktan b\u00fcy\u00fck bir mutluluk duyuyorum&#8221; dedi.<\/p>\n<p>Ba\u015fkan Y\u0131lmaz, Bakan Sel\u00e7uk&#8217;a Orhun Kitabelerinin Minyat\u00fcr \u00d6rne\u011fini Takdim Etti<\/p>\n<p>Yeni\u015fehir Atat\u00fcrk K\u00fclt\u00fcr Merkezi&#8217;nde d\u00fczenlenen &#8220;Ziya \u00d6\u011fretmen ile E\u011fitim Bulu\u015fmalar\u0131&#8221; program\u0131na e\u015fi Meltem Y\u0131lmaz ile kat\u0131lan Ba\u015fkan Y\u0131lmaz, Bakan Ziya Sel\u00e7uk&#8217;a g\u00fcn\u00fcn an\u0131s\u0131na Orhun Kitabelerinin minyat\u00fcr \u00f6rne\u011fini takdim etti.<\/p>\n<p>Bakan Sel\u00e7uk da Ba\u015fkan Y\u0131lmaz&#8217;a bu anlaml\u0131 hediyesinden dolay\u0131 te\u015fekk\u00fcr etti. Sahneden kat\u0131l\u0131mc\u0131lara seslenerek Ba\u015fkan Y\u0131lmaz&#8217;\u0131n Masal Evi m\u00fcjdesini a\u00e7\u0131klayan Bakan Sel\u00e7uk; &#8220;Buradan bir m\u00fcjdemiz var. Toroslar Belediyemiz bir masal evi a\u00e7acak. Ba\u015fkan\u0131m\u0131za te\u015fekk\u00fcr ediyoruz&#8221; ifadelerini kulland\u0131.<\/p>\n<p>&#8220;\u00c7ocuklar\u0131m\u0131z\u0131n Sa\u011fl\u0131kl\u0131 ve Mutlu Bireyler Olarak Yeti\u015fmesi En B\u00fcy\u00fck Arzumuz&#8221;<\/p>\n<p>Bakan Sel\u00e7uk&#8217;u Mersin&#8217;de a\u011f\u0131rlamaktan b\u00fcy\u00fck bir onur duyduklar\u0131n\u0131 s\u00f6yleyen Ba\u015fkan Y\u0131lmaz ise; &#8220;\u00c7ocuklar\u0131m\u0131z bizim gelece\u011fimiz. Onlar\u0131n sa\u011fl\u0131kl\u0131 ve mutlu bireyler olarak yeti\u015fmesi ve en g\u00fczel e\u011fitimi almalar\u0131 en b\u00fcy\u00fck arzumuz. Bunun i\u00e7in imkanlar\u0131m\u0131z \u00f6l\u00e7\u00fcs\u00fcnde elimizden geleni yap\u0131yoruz ve yapmaya devam edece\u011fiz. \u00dclkemiz b\u00fcy\u00fck bir k\u00fclt\u00fcrel mirasa sahip. Anadolu Masallar\u0131 Projesi de \u00e7ocuklar\u0131m\u0131z\u0131n sosyal ve duygusal geli\u015fimlerine katk\u0131 sa\u011flayacak \u00f6nemli bir \u00e7al\u0131\u015fma. Bu projenin il\u00e7emizde olmas\u0131 ve \u00e7ocuklar\u0131m\u0131z\u0131n T\u00fcrk masal kahramanlar\u0131n\u0131 tan\u0131yarak b\u00fcy\u00fcmeleri bizleri de mutlu edecektir&#8221; diye konu\u015ftu.<\/p>\n","protected":false},"excerpt":{"rendered":"<p>Toroslar Belediye Ba\u015fkan\u0131 Ats\u0131z Af\u015f\u0131n Y\u0131lmaz, bir dizi programlara kat\u0131lmak \u00fczere Mersin&#8217;e gelen Milli E\u011fitim Bakan\u0131 Ziya Sel\u00e7uk&#8217;a, Toroslar&#8217;da Masal Evi a\u00e7acaklar\u0131n\u0131n s\u00f6z\u00fcn\u00fc verdi. Bakan Sel\u00e7uk&#8217;a g\u00fcn\u00fcn an\u0131s\u0131na Orhun Kitabelerinin &hellip; <a href=\"https:\/\/akdenizolaygazetesi.com\/?p=13455\" class=\"more-link\">Devam\u0131n\u0131 Oku&#8230;<\/a><\/p>\n","protected":false},"author":2,"featured_media":13456,"comment_status":"open","ping_status":"open","sticky":false,"template":"","format":"standard","meta":[],"categories":[1,3,5],"tags":[],"_links":{"self":[{"href":"https:\/\/akdenizolaygazetesi.com\/index.php?rest_route=\/wp\/v2\/posts\/13455"}],"collection":[{"href":"https:\/\/akdenizolaygazetesi.com\/index.php?rest_route=\/wp\/v2\/posts"}],"about":[{"href":"https:\/\/akdenizolaygazetesi.com\/index.php?rest_route=\/wp\/v2\/types\/post"}],"author":[{"embeddable":true,"href":"https:\/\/akdenizolaygazetesi.com\/index.php?rest_route=\/wp\/v2\/users\/2"}],"replies":[{"embeddable":true,"href":"https:\/\/akdenizolaygazetesi.com\/index.php?rest_route=%2Fwp%2Fv2%2Fcomments&post=13455"}],"version-history":[{"count":1,"href":"https:\/\/akdenizolaygazetesi.com\/index.php?rest_route=\/wp\/v2\/posts\/13455\/revisions"}],"predecessor-version":[{"id":13457,"href":"https:\/\/akdenizolaygazetesi.com\/index.php?rest_route=\/wp\/v2\/posts\/13455\/revisions\/13457"}],"wp:featuredmedia":[{"embeddable":true,"href":"https:\/\/akdenizolaygazetesi.com\/index.php?rest_route=\/wp\/v2\/media\/13456"}],"wp:attachment":[{"href":"https:\/\/akdenizolaygazetesi.com\/index.php?rest_route=%2Fwp%2Fv2%2Fmedia&parent=13455"}],"wp:term":[{"taxonomy":"category","embeddable":true,"href":"https:\/\/akdenizolaygazetesi.com\/index.php?rest_route=%2Fwp%2Fv2%2Fcategories&post=13455"},{"taxonomy":"post_tag","embeddable":true,"href":"https:\/\/akdenizolaygazetesi.com\/index.php?rest_route=%2Fwp%2Fv2%2Ftags&post=13455"}],"curies":[{"name":"wp","href":"https:\/\/api.w.org\/{rel}","templated":true}]}}