{"id":1346,"date":"2020-11-04T18:21:55","date_gmt":"2020-11-04T15:21:55","guid":{"rendered":"http:\/\/mersinekonomipolitikagazetesi.com\/?p=1346"},"modified":"2020-11-04T18:21:55","modified_gmt":"2020-11-04T15:21:55","slug":"mut-halk-egitim-merkezinden-yilsonu-sergisi","status":"publish","type":"post","link":"https:\/\/akdenizolaygazetesi.com\/?p=1346","title":{"rendered":"Mut Halk E\u011fitim merkezinden y\u0131lsonu sergisi"},"content":{"rendered":"<p>Mersin\u2019in Mut il\u00e7esinde Halk E\u011fitim Merkezi M\u00fcd\u00fcrl\u00fc\u011f\u00fcnce a\u00e7\u0131lan kurslarda yap\u0131lan el eme\u011fi g\u00f6z nuru \u00fcr\u00fcnler sergilendi.<\/p>\n<p>Mut Halk E\u011fitimi Merkezi bah\u00e7esinde d\u00fczenlenen serginin a\u00e7\u0131l\u0131\u015f\u0131na, \u0130l\u00e7e Kaymakam Mehmet Ali Aky\u00fcz, Belediye Ba\u015fkan\u0131 Nebi Y\u0131lmaz, \u0130l\u00e7e Milli E\u011fitim M\u00fcd\u00fcr\u00fc Harun Gergin, Halk E\u011fitim Merkezi M\u00fcd\u00fcr\u00fc Tuna Mutluyol, okul m\u00fcd\u00fcrleri, \u00f6\u011fretmenler, \u00f6\u011frenciler ve davetliler kat\u0131ld\u0131.<br \/>\nMut Halk E\u011fitim Merkezi M\u00fcd\u00fcr\u00fc Tuna Mutluyol, yapt\u0131\u011f\u0131 a\u00e7\u0131l\u0131\u015f konu\u015fmas\u0131nda, Halk e\u011fitim merkezi olarak 7 den 77&#8217;ye her ya\u015ftan insan\u0131n ilgi, yetenek ve beklentilerine uygun kurslar d\u00fczenlediklerini s\u00f6yledi.<br \/>\nKurslar\u0131n halk\u0131n bilin\u00e7lenmesi ve e\u011fitilmesi y\u00f6n\u00fcnde katk\u0131 sa\u011flayaca\u011f\u0131n\u0131 ifade eden Mutluyol, &#8220;Sene ba\u015f\u0131nda Halk E\u011fitim Merkezi olarak il\u00e7enin en \u00fccra mahallelerinde ya\u015fayan halk\u0131m\u0131za bu hizmeti g\u00f6t\u00fcrebilmeyi ama\u00e7layarak yola \u00e7\u0131kt\u0131k. Y\u0131l boyunca \u00f6zverili \u00e7al\u0131\u015fmalar\u0131yla kurumu en g\u00fczel \u015fekilde temsil eden usta \u00f6\u011freticiler ile yaz k\u0131\u015f, ya\u011fmur \u00e7amur demeden kurslara devam ettik. Kursiyerlerimizin el eme\u011fi, g\u00f6z nuru bu g\u00fczel eserleri meydana getiren kursiyerlere te\u015fekk\u00fcr ederim\u201d dedi.<br \/>\nKonu\u015fman\u0131n ard\u0131ndan, \u00f6\u011frenciler halk oyunlar\u0131, M\u00fczik ve spor g\u00f6sterisi sundu. Ard\u0131ndan ise kursiyerlere mesleki yeterlilik belgeleri verildi.<\/p>\n","protected":false},"excerpt":{"rendered":"<p>Mersin\u2019in Mut il\u00e7esinde Halk E\u011fitim Merkezi M\u00fcd\u00fcrl\u00fc\u011f\u00fcnce a\u00e7\u0131lan kurslarda yap\u0131lan el eme\u011fi g\u00f6z nuru \u00fcr\u00fcnler sergilendi. Mut Halk E\u011fitimi Merkezi bah\u00e7esinde d\u00fczenlenen serginin a\u00e7\u0131l\u0131\u015f\u0131na, \u0130l\u00e7e Kaymakam Mehmet Ali Aky\u00fcz, Belediye &hellip; <a href=\"https:\/\/akdenizolaygazetesi.com\/?p=1346\" class=\"more-link\">Devam\u0131n\u0131 Oku&#8230;<\/a><\/p>\n","protected":false},"author":1,"featured_media":0,"comment_status":"open","ping_status":"open","sticky":false,"template":"","format":"standard","meta":[],"categories":[],"tags":[],"_links":{"self":[{"href":"https:\/\/akdenizolaygazetesi.com\/index.php?rest_route=\/wp\/v2\/posts\/1346"}],"collection":[{"href":"https:\/\/akdenizolaygazetesi.com\/index.php?rest_route=\/wp\/v2\/posts"}],"about":[{"href":"https:\/\/akdenizolaygazetesi.com\/index.php?rest_route=\/wp\/v2\/types\/post"}],"author":[{"embeddable":true,"href":"https:\/\/akdenizolaygazetesi.com\/index.php?rest_route=\/wp\/v2\/users\/1"}],"replies":[{"embeddable":true,"href":"https:\/\/akdenizolaygazetesi.com\/index.php?rest_route=%2Fwp%2Fv2%2Fcomments&post=1346"}],"version-history":[{"count":0,"href":"https:\/\/akdenizolaygazetesi.com\/index.php?rest_route=\/wp\/v2\/posts\/1346\/revisions"}],"wp:attachment":[{"href":"https:\/\/akdenizolaygazetesi.com\/index.php?rest_route=%2Fwp%2Fv2%2Fmedia&parent=1346"}],"wp:term":[{"taxonomy":"category","embeddable":true,"href":"https:\/\/akdenizolaygazetesi.com\/index.php?rest_route=%2Fwp%2Fv2%2Fcategories&post=1346"},{"taxonomy":"post_tag","embeddable":true,"href":"https:\/\/akdenizolaygazetesi.com\/index.php?rest_route=%2Fwp%2Fv2%2Ftags&post=1346"}],"curies":[{"name":"wp","href":"https:\/\/api.w.org\/{rel}","templated":true}]}}