{"id":13461,"date":"2021-07-28T11:44:15","date_gmt":"2021-07-28T08:44:15","guid":{"rendered":"http:\/\/akdenizolaygazetesi.com\/?p=13461"},"modified":"2021-07-28T11:44:15","modified_gmt":"2021-07-28T08:44:15","slug":"buyuksehirin-goruntulu-destek-hatti-ile-isitme-engelli-vatandaslara-tam-destek","status":"publish","type":"post","link":"https:\/\/akdenizolaygazetesi.com\/?p=13461","title":{"rendered":"B\u00dcY\u00dcK\u015eEH\u0130R\u2019\u0130N G\u00d6R\u00dcNT\u00dcL\u00dc DESTEK HATTI \u0130LE \u0130\u015e\u0130TME ENGELL\u0130 VATANDA\u015eLARA TAM DESTEK"},"content":{"rendered":"<p>Mersin B\u00fcy\u00fck\u015fehir Belediyesi Engelliler ve Sa\u011fl\u0131k Hizmetleri Dairesi\u2019nin \u2018\u0130\u015faret Dili ile G\u00f6r\u00fcnt\u00fcl\u00fc Destek ve \u015eikayet Hatt\u0131\u2019, i\u015fitme engelli vatanda\u015flara destek olmaya devam ediyor. \u0130\u015fitme engelli vatanda\u015flar kamu kurum ve kurulu\u015flar\u0131nda y\u00fcr\u00fctt\u00fckleri i\u015flemlerinde kamu g\u00f6revlisiyle ileti\u015fim kurmakta zorland\u0131klar\u0131nda B\u00fcy\u00fck\u015fehir\u2019in G\u00f6r\u00fcnt\u00fcl\u00fc Destek Hatt\u0131\u2019n\u0131 arayarak destek alabiliyor. G\u00f6r\u00fcnt\u00fcl\u00fc Destek Hatt\u0131 ile i\u015fitme engelli bireylerin kamu kurumlar\u0131ndaki i\u015flemlerinin daha h\u0131zl\u0131 ve sa\u011fl\u0131kl\u0131 bir \u015fekilde \u00e7\u00f6z\u00fcme kavu\u015fturulmas\u0131 ama\u00e7lan\u0131yor.<\/p>\n<p>B\u00fcy\u00fck\u015fehir\u2019in projeleri engelleri a\u015f\u0131yor<\/p>\n<p>\u201cEngelsiz Mersin\u201d hedefine her ge\u00e7en g\u00fcn bir ad\u0131m daha yakla\u015fan B\u00fcy\u00fck\u015fehir, \u00f6zel gereksinimli bireyler i\u00e7in hayata ge\u00e7irdi\u011fi projelerle engelleri bir bir a\u015f\u0131yor. B\u00fcy\u00fck\u015fehir\u2019in G\u00f6r\u00fcnt\u00fcl\u00fc Destek Hatt\u0131 projesi sayesinde i\u015fitme engelli vatanda\u015flar\u0131n ileti\u015fim kurma s\u0131k\u0131nt\u0131s\u0131 ortadan kalk\u0131yor. \u20180533 360 27 03\u2019 numaral\u0131 hattan verilen hizmet sayesinde hem i\u015fitme engelli vatanda\u015flar\u0131n hem de i\u015faret dili bilmeyen personelin i\u015fi kolayla\u015f\u0131yor.<\/p>\n<p>Yeminli terc\u00fcmanlar e\u015fli\u011finde ileti\u015fim sa\u011flan\u0131yor<\/p>\n<p>Engelliler ve Sa\u011fl\u0131k Hizmetleri Dairesi\u2019nde g\u00f6rev yapan ana dili T\u00fcrk \u0130\u015faret Dili olan yeminli CODA (sa\u011f\u0131r yeti\u015fkinlerin \u00e7ocu\u011fu), kendisine ileti\u015fim deste\u011fi sa\u011flanacak i\u015fitme engelli bireyin i\u015faret dili ile sorununu \u00f6\u011frenip kar\u015f\u0131 taraftaki g\u00f6revliye sesli olarak iletiyor. G\u00f6revlinin s\u00f6yledikleri ise i\u015faret dili kullan\u0131larak i\u015fitme engelli bireye aktar\u0131l\u0131p ileti\u015fim deste\u011fi sa\u011flan\u0131yor. G\u00f6r\u00fcnt\u00fcl\u00fc Destek Hatt\u0131 sayesinde B\u00fcy\u00fck\u015fehir Belediyesi, i\u015fitme engelli vatanda\u015flara bir telefon kadar yak\u0131n oluyor.<\/p>\n<p>\u201cAnla\u015famad\u0131\u011f\u0131 noktada bizim destek hatt\u0131m\u0131z\u0131 ar\u0131yorlar\u201d<\/p>\n<p>Engelliler ve Sa\u011fl\u0131k Hizmetleri Dairesi\u2019nde g\u00f6rev yapan \u0130\u015faret Dili Terc\u00fcman\u0131 Esra Alkan, i\u015fitme engelli vatanda\u015flar\u0131n ihtiya\u00e7 duyduklar\u0131nda kendilerini arad\u0131klar\u0131n\u0131 belirterek, \u201cVatanda\u015f, 0 533 360 27 03\u2019\u00fc arad\u0131ktan sonra bize ihtiya\u00e7 duydu\u011fu alanla ilgili bilgilendirmeyi yap\u0131yor. Ne istedi\u011fini, neye ihtiya\u00e7 duydu\u011funu, kar\u015f\u0131 tarafa ne s\u00f6ylememiz gerekti\u011fini bize aktard\u0131ktan sonra biz ileti\u015fim kurdu\u011fu ki\u015fiye neye ihtiya\u00e7 duydu\u011funu anlat\u0131yoruz ya da kendisine s\u00f6yl\u00fcyoruz. Daha sonras\u0131nda bize aktard\u0131\u011f\u0131 c\u00fcmleleri i\u015fitme engelli vatanda\u015f\u0131m\u0131za s\u00f6yl\u00fcyoruz, bilgilendiriyoruz\u201d dedi.<\/p>\n<p>\u0130\u015fitme engelli vatanda\u015flar\u0131n hayatlar\u0131n\u0131 kolayla\u015ft\u0131rd\u0131klar\u0131 i\u00e7in mutlu olduklar\u0131n\u0131 dile getiren Alkan, \u201cBu zamana kadar bir\u00e7ok kez arama ald\u0131k. Hem i\u015fitme engelli vatanda\u015f\u0131m\u0131z\u0131n hayat\u0131n\u0131 kolayla\u015ft\u0131rm\u0131\u015f oluyoruz hem de kar\u015f\u0131 taraftaki i\u015faret dili bilmeyen personelin i\u015fini kolayla\u015ft\u0131r\u0131yoruz. Bu duruma arac\u0131l\u0131k etti\u011fimiz i\u00e7in Mersin B\u00fcy\u00fck\u015fehir Belediyesi olarak mutluluk duyuyoruz\u201d diye konu\u015ftu.<\/p>\n","protected":false},"excerpt":{"rendered":"<p>Mersin B\u00fcy\u00fck\u015fehir Belediyesi Engelliler ve Sa\u011fl\u0131k Hizmetleri Dairesi\u2019nin \u2018\u0130\u015faret Dili ile G\u00f6r\u00fcnt\u00fcl\u00fc Destek ve \u015eikayet Hatt\u0131\u2019, i\u015fitme engelli vatanda\u015flara destek olmaya devam ediyor. \u0130\u015fitme engelli vatanda\u015flar kamu kurum ve kurulu\u015flar\u0131nda &hellip; <a href=\"https:\/\/akdenizolaygazetesi.com\/?p=13461\" class=\"more-link\">Devam\u0131n\u0131 Oku&#8230;<\/a><\/p>\n","protected":false},"author":2,"featured_media":13462,"comment_status":"open","ping_status":"open","sticky":false,"template":"","format":"standard","meta":[],"categories":[2,3,5,9],"tags":[],"_links":{"self":[{"href":"https:\/\/akdenizolaygazetesi.com\/index.php?rest_route=\/wp\/v2\/posts\/13461"}],"collection":[{"href":"https:\/\/akdenizolaygazetesi.com\/index.php?rest_route=\/wp\/v2\/posts"}],"about":[{"href":"https:\/\/akdenizolaygazetesi.com\/index.php?rest_route=\/wp\/v2\/types\/post"}],"author":[{"embeddable":true,"href":"https:\/\/akdenizolaygazetesi.com\/index.php?rest_route=\/wp\/v2\/users\/2"}],"replies":[{"embeddable":true,"href":"https:\/\/akdenizolaygazetesi.com\/index.php?rest_route=%2Fwp%2Fv2%2Fcomments&post=13461"}],"version-history":[{"count":1,"href":"https:\/\/akdenizolaygazetesi.com\/index.php?rest_route=\/wp\/v2\/posts\/13461\/revisions"}],"predecessor-version":[{"id":13463,"href":"https:\/\/akdenizolaygazetesi.com\/index.php?rest_route=\/wp\/v2\/posts\/13461\/revisions\/13463"}],"wp:featuredmedia":[{"embeddable":true,"href":"https:\/\/akdenizolaygazetesi.com\/index.php?rest_route=\/wp\/v2\/media\/13462"}],"wp:attachment":[{"href":"https:\/\/akdenizolaygazetesi.com\/index.php?rest_route=%2Fwp%2Fv2%2Fmedia&parent=13461"}],"wp:term":[{"taxonomy":"category","embeddable":true,"href":"https:\/\/akdenizolaygazetesi.com\/index.php?rest_route=%2Fwp%2Fv2%2Fcategories&post=13461"},{"taxonomy":"post_tag","embeddable":true,"href":"https:\/\/akdenizolaygazetesi.com\/index.php?rest_route=%2Fwp%2Fv2%2Ftags&post=13461"}],"curies":[{"name":"wp","href":"https:\/\/api.w.org\/{rel}","templated":true}]}}