{"id":13464,"date":"2021-07-28T11:46:19","date_gmt":"2021-07-28T08:46:19","guid":{"rendered":"http:\/\/akdenizolaygazetesi.com\/?p=13464"},"modified":"2021-07-28T11:46:19","modified_gmt":"2021-07-28T08:46:19","slug":"baskan-gultak-turkiye-sampiyonasinin-bir-ayaginin-mersinde-duzenlenmesi-icin-calisacagiz","status":"publish","type":"post","link":"https:\/\/akdenizolaygazetesi.com\/?p=13464","title":{"rendered":"Ba\u015fkan G\u00fcltak; \u201cT\u00fcrkiye \u015eampiyonas\u0131\u2019n\u0131n bir aya\u011f\u0131n\u0131n Mersin\u2019de d\u00fczenlenmesi i\u00e7in \u00e7al\u0131\u015faca\u011f\u0131z\u201d"},"content":{"rendered":"<p>T\u00fcrkiye Motosiklet Federasyonu temsilcileri, Akdeniz Belediyesi\u2019nin de deste\u011fiyle Mersin\u2019de ilk kez d\u00fczenlenen ve binlerce motosiklet tutkununu bir araya getiren \u2018MotoDrag Yar\u0131\u015flar\u0131\u2019 nedeniyle Ba\u015fkan G\u00fcltak\u2019a plaket takdim etti.<br \/>\nT\u00fcrkiye Motosiklet Federasyonu Y\u00f6netim Kurulu \u00dcyesi Ganim Umu, beraberinde T\u00fcrkiye Motosiklet Federasyonu Mersin \u0130l Temsilcisi ve ayn\u0131 zamanda Mersin Motosiklet Spor Kul\u00fcb\u00fc Ba\u015fkan\u0131 Yusuf G\u00fcder ve kul\u00fcp y\u00f6neticileri ile birlikte Akdeniz Belediye Ba\u015fkan\u0131 M. Mustafa G\u00fcltak\u2019\u0131 makam\u0131nda ziyaret etti. Bulu\u015fmaya, MotoDrag yar\u0131\u015flar\u0131na da kat\u0131larak dikkat \u00e7eken 7 ya\u015f\u0131ndaki lisansl\u0131 motosiklet sporcusu Can Alp de kat\u0131lerken, Ba\u015fkan Mustafa G\u00fcltak, yar\u0131\u015f esnas\u0131nda da b\u00fcy\u00fck sempati toplayan k\u00fc\u00e7\u00fck motosiklet\u00e7iyi hediyesiz b\u0131rakmad\u0131.<br \/>\nBa\u015fkan G\u00fcltak; \u201cT\u00fcrkiye \u015eampiyonas\u0131\u2019n\u0131n bir aya\u011f\u0131n\u0131n Mersin\u2019de d\u00fczenlenmesi i\u00e7in \u00e7al\u0131\u015faca\u011f\u0131z\u201d<br \/>\nZiyaretleri nedeniyle Motosiklet Federasyonu \u00fcyelerine te\u015fekk\u00fcr eden Akdeniz Belediye Ba\u015fkan\u0131 M. Mustafa G\u00fcltak; Mersin\u2019de bir ilki daha ger\u00e7ekle\u015ftirmi\u015f olduklar\u0131n\u0131 belirterek; \u201cFederasyonumuza te\u015fekk\u00fcr ediyorum. \u00c7\u00fcnk\u00fc ger\u00e7ekten heyecanl\u0131 ve epey kalabal\u0131\u011f\u0131n kat\u0131ld\u0131\u011f\u0131 co\u015fkulu bir etkinlik oldu. Motosiklet tutkunlar\u0131 y\u0131llar ge\u00e7se unutamayacaklar\u0131 anlara \u015fahitlik ettiler, b\u00fcy\u00fck heyecan ya\u015fad\u0131lar. Arkada\u015flar\u0131m\u0131zla g\u00f6r\u00fc\u015ft\u00fck; T\u00fcrkiye \u015eampiyonas\u0131\u2019n\u0131n bir aya\u011f\u0131n\u0131 da Mersin\u2019e ta\u015f\u0131maya \u00e7al\u0131\u015faca\u011f\u0131z. Say\u0131n L\u00fctfi Elvan Bakan\u0131m\u0131z ve Milletvekilimiz Say\u0131n Kenan Sofuo\u011flu\u2019ndan da destek isteyece\u011fiz. Gen\u00e7lerimizin, sokak aralar\u0131nda de\u011fil, g\u00fcvenli\u011fi al\u0131nm\u0131\u015f alanlarda bu heyecan\u0131 ya\u015famalar\u0131n\u0131 sa\u011flayaca\u011f\u0131z. Bu sayede hem Akdeniz\u2019i T\u00fcrkiye\u2019ye tan\u0131tmak, hem de farkl\u0131l\u0131k yaratmak istiyoruz. \u00d6n\u00fcm\u00fczdeki aylarda yeniden d\u00fczenlemeyi planlad\u0131\u011f\u0131m\u0131z bal\u0131k festivalimizi de Motosiklet Federasyonu ile payla\u015f\u0131p, farkl\u0131 etkinlikleri Mersin ve Akdeniz\u2019e ta\u015f\u0131yaca\u011f\u0131z\u201d diye konu\u015ftu.<br \/>\nUmu; \u201cYar\u0131\u015flar\u0131n devam\u0131 gelecek\u201d<br \/>\nT\u00fcrkiye Motosiklet Federasyonu Y\u00f6netim Kurulu \u00dcyesi Ganim Umu ise yapt\u0131\u011f\u0131 konu\u015fmada, MotoDrag yar\u0131\u015flar\u0131na destekleri nedeniyle Ba\u015fkan Mustafa G\u00fcltak\u2019a te\u015fekk\u00fcr etti. \u201cMotodrag yar\u0131\u015flar\u0131n\u0131n yeniden d\u00fczenlenmesini temenni ediyoruz. Say\u0131n Ba\u015fkan\u0131m\u0131z da bu konuda bize o s\u00f6z\u00fc verdi. \u0130n\u015fallah ilerleyen zamanlarda yar\u0131\u015flar\u0131m\u0131z\u0131n devam\u0131n\u0131 ger\u00e7ekle\u015ftirece\u011fiz\u201d dedi.<br \/>\nG\u00fcder; \u201cYar\u0131\u015flar, T\u00fcrkiye\u2019de ses getirdi\u201d<br \/>\nMersin Motosiklet Spor Kul\u00fcb\u00fc Ba\u015fkan\u0131 Yusuf G\u00fcder de konu\u015fmas\u0131nda; \u201cAkdeniz Belediyesi\u2019nin de katk\u0131lar\u0131yla, \u2018Caddelerden Piste\u2019 slogan\u0131yla d\u00fczenledi\u011fimiz motodrag yar\u0131\u015flar\u0131nda, gen\u00e7lerimizin cadde veya sokaklarda yar\u0131\u015f\u0131p canlar\u0131n\u0131 tehlikeye atmalar\u0131ndansa, trafi\u011fe kapal\u0131 alanda, g\u00fcvenli\u011fi al\u0131nm\u0131\u015f pistte yar\u0131\u015fmalar\u0131 i\u00e7in b\u00f6yle bir organizasyon ger\u00e7ekle\u015ftirdik. Tabi Ba\u015fkan\u0131m\u0131z\u0131n da b\u00fcy\u00fck deste\u011fini alarak bu yar\u0131\u015f\u0131 d\u00fczenledik. Mersin ve T\u00fcrkiye\u2019de ses getiren g\u00fczel bir etkinlik oldu. Motor sporcular\u0131 ad\u0131na Ba\u015fkan\u0131m\u0131za te\u015fekk\u00fcr ediyorum\u201d \u015feklinde konu\u015ftu.<br \/>\nMotodrag Yar\u0131\u015flar\u0131 Hakk\u0131nda\u2026<br \/>\nMersin Valili\u011fi ve Gen\u00e7lik ve Spor \u0130l M\u00fcd\u00fcrl\u00fc\u011f\u00fc&#8217;n\u00fcn deste\u011fi; Akdeniz Belediyesi, T\u00fcrkiye Motosiklet Federasyonu ve Motosiklet Spor Kul\u00fcb\u00fc i\u015fbirli\u011finde, 4 Temmuz 2021 tarihinde Adanal\u0131o\u011flu Kulak Mahallesi\u2019nde ilk kez d\u00fczenlenen ve nefesleri kesen \u00f6d\u00fcll\u00fc \u201cMotodrag Yar\u0131\u015flar\u0131\u201d; 50 sporcu ve her ya\u015ftan binlerce motosiklet severin kat\u0131l\u0131m\u0131yla yo\u011fun ilgi alt\u0131nda ger\u00e7ekle\u015fmi\u015fti. <\/p>\n","protected":false},"excerpt":{"rendered":"<p>T\u00fcrkiye Motosiklet Federasyonu temsilcileri, Akdeniz Belediyesi\u2019nin de deste\u011fiyle Mersin\u2019de ilk kez d\u00fczenlenen ve binlerce motosiklet tutkununu bir araya getiren \u2018MotoDrag Yar\u0131\u015flar\u0131\u2019 nedeniyle Ba\u015fkan G\u00fcltak\u2019a plaket takdim etti. T\u00fcrkiye Motosiklet Federasyonu &hellip; <a href=\"https:\/\/akdenizolaygazetesi.com\/?p=13464\" class=\"more-link\">Devam\u0131n\u0131 Oku&#8230;<\/a><\/p>\n","protected":false},"author":2,"featured_media":13465,"comment_status":"open","ping_status":"open","sticky":false,"template":"","format":"standard","meta":[],"categories":[34,1,3,5,10],"tags":[],"_links":{"self":[{"href":"https:\/\/akdenizolaygazetesi.com\/index.php?rest_route=\/wp\/v2\/posts\/13464"}],"collection":[{"href":"https:\/\/akdenizolaygazetesi.com\/index.php?rest_route=\/wp\/v2\/posts"}],"about":[{"href":"https:\/\/akdenizolaygazetesi.com\/index.php?rest_route=\/wp\/v2\/types\/post"}],"author":[{"embeddable":true,"href":"https:\/\/akdenizolaygazetesi.com\/index.php?rest_route=\/wp\/v2\/users\/2"}],"replies":[{"embeddable":true,"href":"https:\/\/akdenizolaygazetesi.com\/index.php?rest_route=%2Fwp%2Fv2%2Fcomments&post=13464"}],"version-history":[{"count":1,"href":"https:\/\/akdenizolaygazetesi.com\/index.php?rest_route=\/wp\/v2\/posts\/13464\/revisions"}],"predecessor-version":[{"id":13466,"href":"https:\/\/akdenizolaygazetesi.com\/index.php?rest_route=\/wp\/v2\/posts\/13464\/revisions\/13466"}],"wp:featuredmedia":[{"embeddable":true,"href":"https:\/\/akdenizolaygazetesi.com\/index.php?rest_route=\/wp\/v2\/media\/13465"}],"wp:attachment":[{"href":"https:\/\/akdenizolaygazetesi.com\/index.php?rest_route=%2Fwp%2Fv2%2Fmedia&parent=13464"}],"wp:term":[{"taxonomy":"category","embeddable":true,"href":"https:\/\/akdenizolaygazetesi.com\/index.php?rest_route=%2Fwp%2Fv2%2Fcategories&post=13464"},{"taxonomy":"post_tag","embeddable":true,"href":"https:\/\/akdenizolaygazetesi.com\/index.php?rest_route=%2Fwp%2Fv2%2Ftags&post=13464"}],"curies":[{"name":"wp","href":"https:\/\/api.w.org\/{rel}","templated":true}]}}