{"id":1347,"date":"2020-11-04T18:21:55","date_gmt":"2020-11-04T15:21:55","guid":{"rendered":"http:\/\/mersinekonomipolitikagazetesi.com\/?p=1347"},"modified":"2020-11-04T18:21:55","modified_gmt":"2020-11-04T15:21:55","slug":"suriyeli-multeci-cocuklarin-diploma-sevinci","status":"publish","type":"post","link":"https:\/\/akdenizolaygazetesi.com\/?p=1347","title":{"rendered":"Suriyeli m\u00fclteci \u00e7ocuklar\u0131n diploma sevinci"},"content":{"rendered":"<p>\u00dclkelerindeki sava\u015ftan ka\u00e7arak aileleriyle birlikte T\u00fcrkiye\u2019ye s\u0131\u011f\u0131nan ve Mersin\u2019in Adanal\u0131o\u011flu Mahallesindeki \u00e7ad\u0131rlarda ya\u015fayan Suriyeli m\u00fclteci \u00e7ocuklar, Maya Derne\u011fi \u00f6nc\u00fcl\u00fc\u011f\u00fcnde ba\u015flat\u0131lan \u2018K\u0131\u015f Okulu\u2019 projesi \u00e7er\u00e7evesinde ald\u0131klar\u0131 e\u011fitimin ard\u0131ndan diploma sevinci ya\u015fad\u0131lar. Kartondan kepler takarak diplomalar\u0131n\u0131 alan \u00e7ocuklar, s\u00f6yledikleri Arap\u00e7a ve T\u00fcrk\u00e7e \u015fark\u0131larla heyecanlar\u0131n\u0131 payla\u015ft\u0131lar.<\/p>\n<p>Maya Derne\u011fi, Mersin Kent Konseyi ve Mersin Tabip Odas\u0131\u2019n\u0131n i\u015fbirli\u011finde, merkez il\u00e7e Akdeniz Belediyesi\u2019nin deste\u011fiyle ba\u015flat\u0131lan \u2018Yaz Okulu\u2019 ve \u2018K\u0131\u015f Okulu\u2019 projeleri \u00e7er\u00e7evesinde, resimden m\u00fczi\u011fe, T\u00fcrk\u00e7e dil e\u011fitiminden \u00e7i\u00e7ek dikimi ve oyunlara kadar bir\u00e7ok farkl\u0131 alanda e\u011flenceli etkinliklerle e\u011fitim alan Suriyeli \u00e7ocuklar, \u2018K\u0131\u015f Okulu\u2019ndan mezun olman\u0131n mutlulu\u011funu ya\u015fad\u0131lar. K\u00fclt\u00fcrler aras\u0131 k\u00f6pr\u00fc kurma hedefiyle yola \u00e7\u0131kan Maya Derne\u011fi\u2019nin, Kongre ve Sergi Saray\u0131nda d\u00fczenledi\u011fi \u2018Adanal\u0131o\u011flu M\u00fclteci \u00c7ocuklar K\u0131\u015f Okulu Y\u0131l Sonu Etkinli\u011fi\u2019ne kat\u0131lan \u00e7ocuklar, hem diploma ald\u0131lar hem de h\u00fcnerlerini sergilediler.<br \/>\nEtkinlikte bir konu\u015fma yapan Maya Derne\u011fi Ba\u015fkan\u0131 Volkan G\u00fcltekin, 2-3 ayl\u0131k yeni kurulmu\u015f bir dernek olmalar\u0131na kar\u015f\u0131n yakla\u015f\u0131k 3 y\u0131ll\u0131k bir hikayeleri oldu\u011funu s\u00f6yledi. Hikayelerinin Suriye\u2019de ya\u015fanan sava\u015fla ba\u015flad\u0131\u011f\u0131n\u0131 belirten G\u00fcltekin, \u201cBiz o d\u00f6nemde Mersin Kent Konseyi ortakl\u0131\u011f\u0131nda Akdeniz Belediyesi\u2019nin deste\u011fiyle bir yolculu\u011fa ba\u015flad\u0131k. Adanal\u0131o\u011flu\u2019ndaki Suriyeli \u00e7ocuklarla bir entegrasyon s\u00fcreci ba\u015flatmak i\u00e7in T\u00fcrk\u00e7e e\u011fitimine ba\u015flad\u0131k, farkl\u0131 etkinliklerle devam ettik. Buradaki \u00e7al\u0131\u015fmam\u0131z yakla\u015f\u0131k 1,5 y\u0131ld\u0131r devam ediyor. \u015eu ana kadar \u00e7ocuklarla \u00fc\u00e7 kuru tamamlad\u0131k ve yakla\u015f\u0131k 150 Suriyeli m\u00fclteci \u00e7ocuk bu s\u00fcre\u00e7ten faydaland\u0131. Biz, silahlar\u0131n alt\u0131nda ya\u015fam\u0131\u015f \u00e7ocuklar\u0131m\u0131za ruhsal anlamda dokunmak istedik. Bug\u00fcn itibariyle \u00fc\u00e7\u00fcnc\u00fc kuru tamamlad\u0131k ve yakla\u015f\u0131k 30 \u00e7ocuk birazdan \u2018K\u0131\u015f Okulu\u2019 projemizden mezun olacak. Biz \u00e7al\u0131\u015fmalar\u0131m\u0131za devam edece\u011fiz\u201d dedi.<br \/>\nG\u00fcltekin, bu s\u00fcre\u00e7te yanlar\u0131nda olan herkese te\u015fekk\u00fcr eden G\u00fcltekin, \u00f6zellikle lojistik destek sa\u011flayan Mersin Kent Konseyi Ba\u015fkan\u0131 Yasmina Lokmano\u011flu\u2019na, Suriyeli \u00e7ocuklar ve ailelerinin sa\u011fl\u0131klar\u0131yla ilgili \u00e7ok g\u00fczel \u00e7al\u0131\u015fmalar yapan Mersin Tabip Odas\u0131\u2019na ve bir\u00e7ok katk\u0131 sa\u011flayan Akdeniz Belediyesi\u2019ne te\u015fekk\u00fcr etti.<br \/>\nKonu\u015fmalar\u0131n ard\u0131ndan y\u00fczleri palya\u00e7o taraf\u0131ndan boyanan m\u00fclteci \u00e7ocuklar, Arap\u00e7a ve T\u00fcrk\u00e7e \u015fark\u0131lardan olu\u015fan mini bir konser verdiler. Daha sonra kartondan yap\u0131lm\u0131\u015f ye\u015fil kepler takan Suriyeli \u00e7ocuklar diplomalar\u0131n\u0131 ald\u0131lar.<br \/>\nEtkinlikte, proje boyunca ger\u00e7ekle\u015ftirilen etkinliklerin konu edildi\u011fi foto\u011fraf sergisi ile m\u00fclteci \u00e7ocuklar\u0131n \u00e7izdi\u011fi resimler de sergilenirken, Sal\u0131ncak gurubu da \u00e7ocuk \u015fark\u0131lar\u0131n\u0131n yer ald\u0131\u011f\u0131 bir konser verdi.<\/p>\n","protected":false},"excerpt":{"rendered":"<p>\u00dclkelerindeki sava\u015ftan ka\u00e7arak aileleriyle birlikte T\u00fcrkiye\u2019ye s\u0131\u011f\u0131nan ve Mersin\u2019in Adanal\u0131o\u011flu Mahallesindeki \u00e7ad\u0131rlarda ya\u015fayan Suriyeli m\u00fclteci \u00e7ocuklar, Maya Derne\u011fi \u00f6nc\u00fcl\u00fc\u011f\u00fcnde ba\u015flat\u0131lan \u2018K\u0131\u015f Okulu\u2019 projesi \u00e7er\u00e7evesinde ald\u0131klar\u0131 e\u011fitimin ard\u0131ndan diploma sevinci ya\u015fad\u0131lar. &hellip; <a href=\"https:\/\/akdenizolaygazetesi.com\/?p=1347\" class=\"more-link\">Devam\u0131n\u0131 Oku&#8230;<\/a><\/p>\n","protected":false},"author":1,"featured_media":0,"comment_status":"open","ping_status":"open","sticky":false,"template":"","format":"standard","meta":[],"categories":[],"tags":[],"_links":{"self":[{"href":"https:\/\/akdenizolaygazetesi.com\/index.php?rest_route=\/wp\/v2\/posts\/1347"}],"collection":[{"href":"https:\/\/akdenizolaygazetesi.com\/index.php?rest_route=\/wp\/v2\/posts"}],"about":[{"href":"https:\/\/akdenizolaygazetesi.com\/index.php?rest_route=\/wp\/v2\/types\/post"}],"author":[{"embeddable":true,"href":"https:\/\/akdenizolaygazetesi.com\/index.php?rest_route=\/wp\/v2\/users\/1"}],"replies":[{"embeddable":true,"href":"https:\/\/akdenizolaygazetesi.com\/index.php?rest_route=%2Fwp%2Fv2%2Fcomments&post=1347"}],"version-history":[{"count":0,"href":"https:\/\/akdenizolaygazetesi.com\/index.php?rest_route=\/wp\/v2\/posts\/1347\/revisions"}],"wp:attachment":[{"href":"https:\/\/akdenizolaygazetesi.com\/index.php?rest_route=%2Fwp%2Fv2%2Fmedia&parent=1347"}],"wp:term":[{"taxonomy":"category","embeddable":true,"href":"https:\/\/akdenizolaygazetesi.com\/index.php?rest_route=%2Fwp%2Fv2%2Fcategories&post=1347"},{"taxonomy":"post_tag","embeddable":true,"href":"https:\/\/akdenizolaygazetesi.com\/index.php?rest_route=%2Fwp%2Fv2%2Ftags&post=1347"}],"curies":[{"name":"wp","href":"https:\/\/api.w.org\/{rel}","templated":true}]}}