{"id":13473,"date":"2021-07-29T11:37:44","date_gmt":"2021-07-29T08:37:44","guid":{"rendered":"http:\/\/akdenizolaygazetesi.com\/?p=13473"},"modified":"2021-07-29T11:37:44","modified_gmt":"2021-07-29T08:37:44","slug":"gadir-i-hum-bayramini-yurekten-tebrik-ediyorum","status":"publish","type":"post","link":"https:\/\/akdenizolaygazetesi.com\/?p=13473","title":{"rendered":"&#8220;Gadir-i Hum Bayram\u0131&#8217;n\u0131 y\u00fcrekten tebrik ediyorum&#8221;"},"content":{"rendered":"<p> Akdeniz Belediye Ba\u015fkan\u0131 M. Mustafa G\u00fcltak, Gadir-i Hum Bayram\u0131 dolay\u0131s\u0131yla il\u00e7edeki Alevi kanaat \u00f6nderlerine ziyarette bulunarak bayramlar\u0131n\u0131 tebrik etti. Ba\u015fkan G\u00fcltak konu\u015fmas\u0131nda, &#8220;\u0130l\u00e7emizde bir\u00e7ok k\u00fclt\u00fcr ve inanca mensup vatanda\u015f\u0131m\u0131z\u0131n olmas\u0131 bizim en b\u00fcy\u00fck \u015fans\u0131m\u0131z ve zenginli\u011fimizdir. Bu anlay\u0131\u015fla, bizler Akdeniz&#8217;e hizmet etmekten dolay\u0131 gurur duyuyoruz&#8221; dedi.<br \/>\nGadir-i Hum Bayram\u0131 m\u00fcnasebeti ile Akdeniz il\u00e7esindeki Karacailyas, Adanal\u0131o\u011flu, Kazanl\u0131 ve Karaduvar Mahallelerinde Alevi kanaat \u00f6nderleri S\u00fcleyman \u00dcrgev, Hasan Akg\u00f6l, Abdullah Canpolat, Necdet Kurtulu\u015f, Mahmut Kurtulu\u015f ve Mithat Yeral&#8217;\u0131 ziyaret eden Ba\u015fkan Mustafa G\u00fcltak, kanaat \u00f6nderlerinin bayramlar\u0131n\u0131 kutlay\u0131p, talep ve \u00f6nerilerini dinledi. Ziyaretlere Akdeniz Belediyesi Meclis \u00dcyesi Ayd\u0131n E\u011fin de e\u015flik etti.<br \/>\n&#8220;Gadir-i Hum Bayram\u0131&#8217;n\u0131 y\u00fcrekten tebrik ediyorum&#8221;<br \/>\nBa\u015fkan Mustafa G\u00fcltak, &#8220;Akdeniz, farkl\u0131 k\u00fclt\u00fcr ve inan\u0131\u015flara mensup vatanda\u015flar\u0131m\u0131z\u0131n uzun y\u0131llard\u0131r bir arada ya\u015fad\u0131\u011f\u0131 en \u00f6nemli il\u00e7elerimizden birisidir. Bu farkl\u0131l\u0131klar bizi biz yapan en b\u00fcy\u00fck zenginli\u011fimizdir.  Akdeniz&#8217;de ya\u015fayan her vatanda\u015f\u0131m\u0131z\u0131n bayram sevinci bizim de sevincimiz, mutlulu\u011fu mutlulu\u011fumuz, derdi de ortak derdimizdir. Bu ba\u011flamda k\u00fclt\u00fcrel ve inan\u00e7sal zenginlikler a\u00e7\u0131s\u0131ndan il\u00e7emizde  \u015f\u00fcphesiz de\u011feri b\u00fcy\u00fck olan ve her y\u0131l co\u015fkuyla kutlanan Gadir-i Hum Bayram\u0131&#8217;n\u0131 y\u00fcrekten tebrik ediyorum&#8221; diye konu\u015ftu.<br \/>\n&#8220;Bu birlik duygusunu gelecek nesillere de aktaraca\u011f\u0131z&#8221;<br \/>\nAkdeniz&#8217;de her anlamda oldu\u011fu gibi bar\u0131\u015f, huzur ve g\u00fcven anlam\u0131nda da k\u00f6kl\u00fc de\u011fi\u015fimlerin ya\u015fand\u0131\u011f\u0131na dikkat \u00e7eken Ba\u015fkan G\u00fcltak, &#8220;\u0130l\u00e7emizde istisnas\u0131z herkese kar\u015f\u0131 temelde ho\u015fg\u00f6r\u00fcn\u00fcn bir ya\u015fam bi\u00e7imi haline geldi\u011fini g\u00f6rmek bizler i\u00e7in mutluluk vericidir. Bu birlik duygusunu bizler bug\u00fcn oldu\u011fu gibi yar\u0131n da gelecek nesillere aktaraca\u011f\u0131m\u0131zdan kimsenin \u015f\u00fcphesi olmas\u0131n. Bu duygu ve d\u00fc\u015f\u00fcncelerle, Alevi hem\u015ferilerimizin, Hz. Muhammed&#8217;in veda hacc\u0131 d\u00f6n\u00fc\u015f\u00fcnde Ehl-i Beyt&#8217;inden Hz. Ali&#8217;yi taltif etti\u011fi g\u00fcn olarak kutlanan Gadir-i Hum Bayram\u0131n\u0131 kutlar, ba\u015fta il\u00e7emiz Akdeniz&#8217;e, kentimiz Mersin&#8217;e ve t\u00fcm \u00fclkemize bar\u0131\u015f, karde\u015flik ve huzur getirmesini temenni ederim\u201d ifadelerini kulland\u0131.<\/p>\n","protected":false},"excerpt":{"rendered":"<p>Akdeniz Belediye Ba\u015fkan\u0131 M. Mustafa G\u00fcltak, Gadir-i Hum Bayram\u0131 dolay\u0131s\u0131yla il\u00e7edeki Alevi kanaat \u00f6nderlerine ziyarette bulunarak bayramlar\u0131n\u0131 tebrik etti. Ba\u015fkan G\u00fcltak konu\u015fmas\u0131nda, &#8220;\u0130l\u00e7emizde bir\u00e7ok k\u00fclt\u00fcr ve inanca mensup vatanda\u015f\u0131m\u0131z\u0131n olmas\u0131 &hellip; <a href=\"https:\/\/akdenizolaygazetesi.com\/?p=13473\" class=\"more-link\">Devam\u0131n\u0131 Oku&#8230;<\/a><\/p>\n","protected":false},"author":2,"featured_media":13474,"comment_status":"open","ping_status":"open","sticky":false,"template":"","format":"standard","meta":[],"categories":[3],"tags":[],"_links":{"self":[{"href":"https:\/\/akdenizolaygazetesi.com\/index.php?rest_route=\/wp\/v2\/posts\/13473"}],"collection":[{"href":"https:\/\/akdenizolaygazetesi.com\/index.php?rest_route=\/wp\/v2\/posts"}],"about":[{"href":"https:\/\/akdenizolaygazetesi.com\/index.php?rest_route=\/wp\/v2\/types\/post"}],"author":[{"embeddable":true,"href":"https:\/\/akdenizolaygazetesi.com\/index.php?rest_route=\/wp\/v2\/users\/2"}],"replies":[{"embeddable":true,"href":"https:\/\/akdenizolaygazetesi.com\/index.php?rest_route=%2Fwp%2Fv2%2Fcomments&post=13473"}],"version-history":[{"count":1,"href":"https:\/\/akdenizolaygazetesi.com\/index.php?rest_route=\/wp\/v2\/posts\/13473\/revisions"}],"predecessor-version":[{"id":13475,"href":"https:\/\/akdenizolaygazetesi.com\/index.php?rest_route=\/wp\/v2\/posts\/13473\/revisions\/13475"}],"wp:featuredmedia":[{"embeddable":true,"href":"https:\/\/akdenizolaygazetesi.com\/index.php?rest_route=\/wp\/v2\/media\/13474"}],"wp:attachment":[{"href":"https:\/\/akdenizolaygazetesi.com\/index.php?rest_route=%2Fwp%2Fv2%2Fmedia&parent=13473"}],"wp:term":[{"taxonomy":"category","embeddable":true,"href":"https:\/\/akdenizolaygazetesi.com\/index.php?rest_route=%2Fwp%2Fv2%2Fcategories&post=13473"},{"taxonomy":"post_tag","embeddable":true,"href":"https:\/\/akdenizolaygazetesi.com\/index.php?rest_route=%2Fwp%2Fv2%2Ftags&post=13473"}],"curies":[{"name":"wp","href":"https:\/\/api.w.org\/{rel}","templated":true}]}}