{"id":13476,"date":"2021-07-29T11:39:23","date_gmt":"2021-07-29T08:39:23","guid":{"rendered":"http:\/\/akdenizolaygazetesi.com\/?p=13476"},"modified":"2021-07-29T11:39:23","modified_gmt":"2021-07-29T08:39:23","slug":"baskan-yilmaz-hemsehrileriyle-bagda-uzum-kesti","status":"publish","type":"post","link":"https:\/\/akdenizolaygazetesi.com\/?p=13476","title":{"rendered":"Ba\u015fkan Y\u0131lmaz, Hem\u015fehrileriyle Ba\u011fda \u00dcz\u00fcm Kesti"},"content":{"rendered":"<p>Toroslar Belediyesi, ge\u00e7imin ba\u011fc\u0131l\u0131kla s\u00fcrd\u00fcr\u00fcld\u00fc\u011f\u00fc \u00c7elebili Mahallesi&#8217;nde Ba\u011f Bozumu etkinli\u011fi d\u00fczenledi.<\/p>\n<p>Resul ve Musal\u0131 Mahalleleri&#8217;nden de \u00fcretici ve \u00e7ift\u00e7ilerin kat\u0131ld\u0131\u011f\u0131 etkinlikte Toroslar Belediye Ba\u015fkan\u0131 Ats\u0131z Af\u015f\u0131n Y\u0131lmaz, y\u0131l\u0131n ilk \u00fcz\u00fcm hasad\u0131n\u0131 sembolik olarak yapt\u0131.<\/p>\n<p>T\u00fcrkiye&#8217;nin en kaliteli \u00fcz\u00fcmlerinin yeti\u015fti\u011fi Toroslar&#8217;da \u00fcz\u00fcm hasad\u0131 ba\u015flad\u0131.<\/p>\n<p>Kendine has e\u015fsiz tad\u0131yla ilgi g\u00f6ren \u00fcz\u00fcmlerin sembolik ba\u011f bozumu, Toroslar Belediyesi taraf\u0131ndan \u00c7elebili Mahallesi&#8217;nde d\u00fczenlenen etkinlik ile \u015fenlik havas\u0131nda yap\u0131ld\u0131. Toroslar&#8217;\u0131n bereketli topraklar\u0131yla bulu\u015fan \u00fcz\u00fcm ba\u011flar\u0131nda hasat co\u015fkuya d\u00f6n\u00fc\u015ft\u00fc.<\/p>\n<p>Toroslar Belediye Ba\u015fkan\u0131 Ats\u0131z Af\u015f\u0131n Y\u0131lmaz, bu y\u0131l ilkini d\u00fczenlendikleri etkinlikte \u00e7ift\u00e7i ve \u00fcreticiler taraf\u0131ndan yo\u011fun ilgiyle kar\u015f\u0131land\u0131.<\/p>\n<p>Etkinli\u011fe; AK Parti Toroslar \u0130l\u00e7e Ba\u015fkan\u0131 Bekir Top\u00e7u, MHP Toroslar \u0130l\u00e7e Ba\u015fkan\u0131 H\u00fcsn\u00fc Do\u011fan, Mersin Ticaret ve Sanayi Odas\u0131 Ba\u015fkan\u0131 Ayhan  K\u0131z\u0131ltan, Tar\u0131m ve Orman \u0130l M\u00fcd\u00fcr\u00fc Arif Abal\u0131, Toroslar \u0130l\u00e7e Milli E\u011fitim M\u00fcd\u00fcr\u00fc Nazmi Kendigelen, Toroslar \u0130l\u00e7e M\u00fcft\u00fcs\u00fc Bayram Danac\u0131, Toroslar \u0130l\u00e7e Tar\u0131m ve Orman M\u00fcd\u00fcr Vekili Mustafa Kemal \u0130lcay, Toroslar \u00dclk\u00fc Ocaklar\u0131 Ba\u015fkan\u0131 Vural Koparan, AK Parti Toroslar Gen\u00e7lik Kollar\u0131 Ba\u015fkan\u0131 Necdet Yeni, Belediye Meclis \u00dcyeleri, Mahalle Muhtarlar\u0131, \u00e7ift\u00e7iler, \u00fcreticiler ve mahalle sakinleri kat\u0131ld\u0131.<\/p>\n<p>Program, sayg\u0131 duru\u015fu ve \u0130stiklal Mar\u015f\u0131&#8217;n\u0131n okunmas\u0131n\u0131n ard\u0131ndan Kuran-\u0131 Kerim Tilavetiyle devam etti.<\/p>\n<p>&#8220;Bu Y\u0131l \u00dcz\u00fcm Hasad\u0131m\u0131z\u0131 B\u00fcy\u00fck Bir Heyecanla Ba\u015flatt\u0131k&#8221;<\/p>\n<p>Resul Mahalle Muhtar\u0131 Sel\u00e7uk Karak, etkinli\u011fi d\u00fczenleyen Toroslar Belediye Ba\u015fkan\u0131 Ats\u0131z Af\u015f\u0131n Y\u0131lmaz&#8217;a te\u015fekk\u00fcr ederek; &#8220;\u00dcz\u00fcm, mahallemizin \u00f6nemli bir ge\u00e7im kayna\u011f\u0131. Ba\u015fkan\u0131m\u0131za b\u00f6yle bir etkinlik d\u00fczenledi\u011fi ve bizleri bu g\u00fczel ortamda bulu\u015fturdu\u011fu i\u00e7in te\u015fekk\u00fcr ederiz&#8221; dedi.<\/p>\n<p>Musal\u0131 Mahalle Muhtar\u0131 H\u00fcseyin Tek ise 2021 y\u0131l\u0131n\u0131n \u00fcz\u00fcm hasad\u0131n\u0131n hay\u0131rlar getirmesini dileyerek; &#8220;\u00dcz\u00fcm hasad\u0131m\u0131z ba\u015flad\u0131. Bu etkinlik i\u00e7in Ba\u015fkan\u0131m\u0131za te\u015fekk\u00fcr ediyoruz ve devam\u0131n\u0131 diliyoruz&#8221; ifadelerini kulland\u0131.<\/p>\n<p>\u00c7elebili Mahalle Muhtar\u0131 Ertu\u011frul Doygun da \u00e7ift\u00e7i ve \u00fcreticilerin her zaman yan\u0131nda olan Toroslar  Belediye Ba\u015fkan\u0131 Ats\u0131z Af\u015f\u0131n Y\u0131lmaz&#8217;a, d\u00fczenledi\u011fi Ba\u011f Bozumu etkinli\u011fi i\u00e7in te\u015fekk\u00fcr etti.<\/p>\n<p>MTSO Ba\u015fkan\u0131 K\u0131z\u0131ltan; &#8220;Bu Etkinlik, B\u00fcy\u00fck Bir Festivalin Ba\u015flang\u0131c\u0131&#8221;<\/p>\n<p>&#8220;\u00c7ift\u00e7ilerimiz, \u00e7al\u0131\u015f\u0131yor ve \u00fcretiyor. Onlar\u0131n eme\u011fini de\u011ferlendirip, duyurabilmek \u00e7ok \u00f6nemli&#8221; diyen Mersin Ticaret ve Sanayi Odas\u0131 Ba\u015fkan\u0131 Ayhan K\u0131z\u0131ltan, Mersin&#8217;in b\u00f6yle etkinliklere ihtiyac\u0131 oldu\u011funu vurgulayarak, Ba\u015fkan Y\u0131lmaz&#8217;a te\u015fekk\u00fcr etti.<\/p>\n<p>K\u0131z\u0131ltan; &#8220;K\u00fclt\u00fcr\u00fcm\u00fcz\u00fcn ve geleneklerimizin ya\u015fat\u0131ld\u0131\u011f\u0131 \u00e7ok g\u00fczel bir ortam haz\u0131rlanm\u0131\u015f. Bu etkinlik, b\u00fcy\u00fck bir festivalin de ba\u015flang\u0131c\u0131. \u0130lk ad\u0131m\u0131 Say\u0131n Ba\u015fkan\u0131m\u0131z Ats\u0131z Af\u015f\u0131n Y\u0131lmaz atm\u0131\u015f. \u00c7ift\u00e7ilerimizin umutland\u0131\u011f\u0131n\u0131 biliyorum. Bu b\u00f6lgede bunu b\u00fcy\u00fck bir festivale d\u00f6n\u00fc\u015ft\u00fcrelim. MTSO olarak yan\u0131n\u0131zday\u0131z&#8221; diye konu\u015ftu.<\/p>\n<p>Tar\u0131m ve Orman \u0130l M\u00fcd\u00fcr\u00fc Abal\u0131; &#8220;Toroslar, \u00dcz\u00fcm \u00dcretiminde \u00d6nc\u00fc Bir \u0130l\u00e7e&#8221;<\/p>\n<p>Ba\u011f bozumunun, \u00fcz\u00fcme duyulan sayg\u0131y\u0131 ifade etti\u011fini belirten Tar\u0131m ve Orman \u0130l M\u00fcd\u00fcr\u00fc Arif Abal\u0131; &#8220;Bu sayg\u0131y\u0131 \u015fenli\u011fe d\u00f6n\u00fc\u015ft\u00fcren ve temellerini atan Say\u0131n Ba\u015fkan\u0131m\u0131z Ats\u0131z Af\u015f\u0131n Y\u0131lmaz&#8217;a te\u015fekk\u00fcr ediyorum&#8221; ifadelerini kulland\u0131.<\/p>\n<p>Mersin&#8217;in \u00fcretimde bir\u00e7ok alanda tonaj ve miktar olarak birinci oldu\u011funa dikkat \u00e7eken Abal\u0131; &#8220;T\u00fcrkiye&#8217;nin ya\u015f meyve ve sebze ihracat\u0131nda y\u00fczde 24&#8217;\u00fcn\u00fc Mersin&#8217;den ger\u00e7ekle\u015ftirmekteyiz. Tar\u0131m alan\u0131nda b\u00fcy\u00fck bir kentiz. \u00dcz\u00fcm\u00fcn de b\u00fcy\u00fck bir katk\u0131 verdi\u011fini g\u00f6rmekteyiz. T\u00fcrkiye&#8217;nin y\u00fczde 8&#8217;ini Mersin olarak siz de\u011ferli \u00fcreticilerimizle \u00fcretiyoruz. Mersin&#8217;in y\u00fczde 5&#8217;ini ise Toroslar \u0130l\u00e7emiz \u00fcretmekte. Bu rakamlara bakt\u0131\u011f\u0131m\u0131zda 338 bin ton Mersin&#8217;den y\u0131ll\u0131k \u00fcz\u00fcm \u00fcretimimiz var.  Bunun 16 bin tonu Toroslar&#8217;dan \u00fcretiliyor&#8221; \u015feklinde konu\u015ftu.<\/p>\n<p>Ba\u015fkan Y\u0131lmaz; &#8220;Sizler \u00dcrettik\u00e7e Biz G\u00fc\u00e7l\u00fcy\u00fcz&#8221;<\/p>\n<p>Toroslar Belediye Ba\u015fkan\u0131 Ats\u0131z Af\u015f\u0131n Y\u0131lmaz ise ba\u011f bozumunun hay\u0131rl\u0131 olmas\u0131n\u0131 dileyerek, \u00e7ift\u00e7ilere seslendi; &#8220;Siz \u00fcrettik\u00e7e biz g\u00fc\u00e7l\u00fcy\u00fcz&#8221; dedi.<\/p>\n<p>Toroslar&#8217;\u0131n \u00fcreten bir il\u00e7e oldu\u011funa dikkat \u00e7eken Ba\u015fkan Y\u0131lmaz; &#8220;B\u00f6lgemizde \u00e7ok farkl\u0131 \u00e7e\u015fitlerde \u00fcz\u00fcm \u00fcretimi var. \u00dcz\u00fcm, tonaj\u0131 da y\u00fcksek bir \u00fcr\u00fcn. Gen\u00e7lik y\u0131llar\u0131mda bu da\u011flarda ba\u011f bozumu yapt\u0131m. Ba\u011f bozumunda; kesiciler, \u00e7ekiciler, ayak\u00e7\u0131lar ve diziciler olur. Diziciler, uzun s\u00fcre dayanmas\u0131 ve tonaj\u0131n\u0131n y\u00fcksek olmas\u0131 a\u00e7\u0131s\u0131ndan \u00fcz\u00fcm\u00fc kalitesine g\u00f6re ay\u0131r\u0131r ve dizerler. Bir de verimli ve kaliteli ba\u011flarda \u00e7al\u0131\u015fmak daha da iyi olur. \u00c7ift\u00e7ilerimiz  sabah saat 04.00&#8217;de i\u015fe ba\u015flar, ak\u015fam saat 10.00&#8217;a kadar emek verirler. Sembolik olarak \u00c7elebili Mahallemizdeki ba\u011f\u0131m\u0131zda ba\u011f bozumu ger\u00e7ekle\u015ftiriyoruz. K\u00f6yl\u00fcm\u00fcz\u00fcn bir y\u0131l boyunca verdi\u011fi emeklerin sonu\u00e7 ald\u0131\u011f\u0131 ba\u011f bozumunun hay\u0131rl\u0131 olmas\u0131n\u0131 diliyor, \u00fcz\u00fcm \u00fcretimi yapan t\u00fcm k\u00f6yl\u00fcm\u00fcz\u00fc, \u00e7ift\u00e7imizi alk\u0131\u015fl\u0131yorum. Onlar \u00fcretiyorlar. Onlar \u00fcrettikleri i\u00e7in biz g\u00fc\u00e7l\u00fcy\u00fcz. Ne kadar \u00e7ok \u00fcretirler ise biz de o kadar g\u00fc\u00e7l\u00fc olaca\u011f\u0131z&#8221; diye konu\u015ftu.<\/p>\n<p>Toroslar Belediyesi Halk Oyunlar\u0131 ekibinin g\u00f6sterilerinin renk katt\u0131\u011f\u0131 programda Ba\u015fkan Y\u0131lmaz, i\u00e7erisinde hijyen seti, \u015fapka, ba\u011f eldiveni ve makas\u0131n oldu\u011fu hediyeleri \u00e7ift\u00e7i ve \u00fcreticilere vererek, emeklerinden dolay\u0131 te\u015fekk\u00fcr etti ve kendileriyle gurur duyduklar\u0131n\u0131 s\u00f6yledi.<\/p>\n<p>Ba\u015fkan Y\u0131lmaz, daha sonra protokol \u00fcyeleri ve hem\u015fehrileriyle birlikte y\u0131l\u0131n ilk \u00fcz\u00fcm hasad\u0131n\u0131 ger\u00e7ekle\u015ftirdi. Ba\u015fkan Y\u0131lmaz, asmadan \u00f6zenle ay\u0131rd\u0131\u011f\u0131 \u00fcz\u00fcmleri yine hem\u015fehrileriyle payla\u015ft\u0131.<\/p>\n","protected":false},"excerpt":{"rendered":"<p>Toroslar Belediyesi, ge\u00e7imin ba\u011fc\u0131l\u0131kla s\u00fcrd\u00fcr\u00fcld\u00fc\u011f\u00fc \u00c7elebili Mahallesi&#8217;nde Ba\u011f Bozumu etkinli\u011fi d\u00fczenledi. Resul ve Musal\u0131 Mahalleleri&#8217;nden de \u00fcretici ve \u00e7ift\u00e7ilerin kat\u0131ld\u0131\u011f\u0131 etkinlikte Toroslar Belediye Ba\u015fkan\u0131 Ats\u0131z Af\u015f\u0131n Y\u0131lmaz, y\u0131l\u0131n ilk \u00fcz\u00fcm &hellip; <a href=\"https:\/\/akdenizolaygazetesi.com\/?p=13476\" class=\"more-link\">Devam\u0131n\u0131 Oku&#8230;<\/a><\/p>\n","protected":false},"author":2,"featured_media":13477,"comment_status":"open","ping_status":"open","sticky":false,"template":"","format":"standard","meta":[],"categories":[8,1,3,5],"tags":[],"_links":{"self":[{"href":"https:\/\/akdenizolaygazetesi.com\/index.php?rest_route=\/wp\/v2\/posts\/13476"}],"collection":[{"href":"https:\/\/akdenizolaygazetesi.com\/index.php?rest_route=\/wp\/v2\/posts"}],"about":[{"href":"https:\/\/akdenizolaygazetesi.com\/index.php?rest_route=\/wp\/v2\/types\/post"}],"author":[{"embeddable":true,"href":"https:\/\/akdenizolaygazetesi.com\/index.php?rest_route=\/wp\/v2\/users\/2"}],"replies":[{"embeddable":true,"href":"https:\/\/akdenizolaygazetesi.com\/index.php?rest_route=%2Fwp%2Fv2%2Fcomments&post=13476"}],"version-history":[{"count":1,"href":"https:\/\/akdenizolaygazetesi.com\/index.php?rest_route=\/wp\/v2\/posts\/13476\/revisions"}],"predecessor-version":[{"id":13478,"href":"https:\/\/akdenizolaygazetesi.com\/index.php?rest_route=\/wp\/v2\/posts\/13476\/revisions\/13478"}],"wp:featuredmedia":[{"embeddable":true,"href":"https:\/\/akdenizolaygazetesi.com\/index.php?rest_route=\/wp\/v2\/media\/13477"}],"wp:attachment":[{"href":"https:\/\/akdenizolaygazetesi.com\/index.php?rest_route=%2Fwp%2Fv2%2Fmedia&parent=13476"}],"wp:term":[{"taxonomy":"category","embeddable":true,"href":"https:\/\/akdenizolaygazetesi.com\/index.php?rest_route=%2Fwp%2Fv2%2Fcategories&post=13476"},{"taxonomy":"post_tag","embeddable":true,"href":"https:\/\/akdenizolaygazetesi.com\/index.php?rest_route=%2Fwp%2Fv2%2Ftags&post=13476"}],"curies":[{"name":"wp","href":"https:\/\/api.w.org\/{rel}","templated":true}]}}