{"id":13479,"date":"2021-07-29T11:41:27","date_gmt":"2021-07-29T08:41:27","guid":{"rendered":"http:\/\/akdenizolaygazetesi.com\/?p=13479"},"modified":"2021-07-29T11:41:27","modified_gmt":"2021-07-29T08:41:27","slug":"buyuksehir-sebze-ureticilerine-can-suyu-oluyor","status":"publish","type":"post","link":"https:\/\/akdenizolaygazetesi.com\/?p=13479","title":{"rendered":"B\u00dcY\u00dcK\u015eEH\u0130R, SEBZE \u00dcRET\u0130C\u0130LER\u0130NE CAN SUYU OLUYOR"},"content":{"rendered":"<p>Mersin B\u00fcy\u00fck\u015fehir Belediye Ba\u015fkan\u0131 Vahap Se\u00e7er, B\u00fcy\u00fck\u015fehir Belediyesi Tar\u0131msal ve Veteriner Hizmetleri Dairesi taraf\u0131ndan Akdeniz il\u00e7esi Kazanl\u0131 Mahallesi\u2019nde ger\u00e7ekle\u015ftirilen \u2018Sera Naylonu, Sera \u0130pi ve Mikrobiyal G\u00fcbre Da\u011f\u0131t\u0131m\u0131\u2019 t\u00f6renine kat\u0131ld\u0131. Ba\u015fkan Se\u00e7er, \u00fcretimin \u00f6nemine dikkat \u00e7ekerek, \u201c\u00dcretim, \u00fcretim, \u00fcretim&#8230; Bizi kurtaracak olan \u00fcretim. \u00dcretmezsek t\u00fckeniriz\u201d dedi. Da\u011f\u0131t\u0131mlar kapsam\u0131nda B\u00fcy\u00fck\u015fehir Belediyesi toplam 1071 \u00fcreticiye sera naylonu, sera ipi ve mikrobiyal g\u00fcbre deste\u011finde bulundu.<\/p>\n<p>\u201cEmek ediyoruz, 24 saat \u00e7al\u0131\u015f\u0131yoruz. Gecemizi g\u00fcnd\u00fcz\u00fcm\u00fcz\u00fc halk\u0131m\u0131z i\u00e7in vakfetmi\u015fiz\u201d<\/p>\n<p>Kazanl\u0131 Hal Tesisi\u2019nde yap\u0131lan t\u00f6rene Ba\u015fkan Se\u00e7er\u2019in yan\u0131 s\u0131ra CHP Mersin Milletvekilleri Alpay Antmen ve Cengiz G\u00f6k\u00e7el, Mersin Ticaret ve Sanayi Odas\u0131 (MTSO) Y\u00f6netim Kurulu Ba\u015fkan\u0131 Ayhan K\u0131z\u0131ltan, Mersin Akdeniz Ziraat Odas\u0131 Ba\u015fkan\u0131 Musa Y\u0131lmaz, Ziraat M\u00fchendisleri Odas\u0131 (ZMO) Mersin \u015eube Ba\u015fkan\u0131 Necmi Birim, Mersin Ya\u015f Sebze ve Meyve Komisyoncular\u0131 Derne\u011fi Ba\u015fkan\u0131 M\u00fcnir \u015een, Mersin Muhtarlar Derne\u011fi Ba\u015fkan\u0131 Ali G\u00fclgen, CHP il ve il\u00e7e y\u00f6neticileri, Meclis \u00fcyeleri, sivil toplum kurulu\u015flar\u0131 ve oda temsilcileri ile muhtarlar ve \u00e7ok say\u0131da \u00fcretici kat\u0131ld\u0131. T\u00f6rendeki konu\u015fmalar\u0131n ard\u0131ndan Ba\u015fkan Se\u00e7er taraf\u0131ndan kad\u0131n \u00fcreticilere temsili olarak sera ipi, sera naylonu ve mikrobiyal g\u00fcbre verildi. Tar\u0131m\u0131n t\u00fcm d\u00fcnya i\u00e7in \u00f6nemini vurgulayarak konu\u015fmas\u0131na ba\u015flayan Se\u00e7er, \u015funlar\u0131 s\u00f6yledi:<\/p>\n<p>\u201cBurada tevazu sahibi olamayaca\u011f\u0131z. \u015eu g\u00fcn \u00fclkeyi y\u00f6neten T\u00fcrkiye\u2019deki makro tar\u0131m politikalar\u0131n\u0131 yapan bakandan b\u00fcrokrasisine kadar Cumhuriyet Halk Partisi\u2019nin kadrolar\u0131ndan tar\u0131m\u0131 \u00e7ok daha iyi bilmiyor ya da bizden \u00e7ok daha iyi y\u00f6nettiklerini hatta iyi y\u00f6nettiklerini s\u00f6yleyemem. Bu konu\u015fmay\u0131 2,5 y\u0131l \u00f6nce yapsayd\u0131m biraz havada kal\u0131rd\u0131 ama bu tarihte yapmam \u00f6nemli. 31 Mart se\u00e7imlerinden sonra ge\u00e7en s\u00fcre yakla\u015f\u0131k olarak 27 ay. 28. ay\u0131n i\u00e7ine evrilece\u011fiz. Bu k\u0131s\u0131tl\u0131 s\u00fcre i\u00e7erisinde T\u00fcrkiye n\u00fcfusunun % 45\u2019i T\u00fcrkiye ekonomisinin %72 hacmini y\u00f6neten Ankara\u2019dan \u0130stanbul\u2019a, \u0130stanbul\u2019dan Hayat\u2019a, Antalya\u2019ya, Adana\u2019ya, Mersin\u2019e, Eski\u015fehir\u2019e, Tekirda\u011f\u2019a, Mu\u011fla\u2019ya, Ayd\u0131n\u2019a kadar 11 b\u00fcy\u00fck\u015fehir belediye ba\u015fkanlar\u0131n\u0131n y\u00f6netim anlay\u0131\u015f\u0131n\u0131n, ferasetinin, \u00e7al\u0131\u015fkanl\u0131\u011f\u0131n\u0131n ortaya koydu\u011fu vizyonu elini vicdan\u0131na koyup d\u00fc\u015f\u00fcnen herkes der ki \u2018Vahap Se\u00e7er do\u011fru s\u00f6yl\u00fcyor\u2019.\u201d <\/p>\n<p>Se\u00e7er, CHP\u2019li belediyelerin tar\u0131m\u0131n, tar\u0131msal \u00fcretimin de\u011ferini bildi\u011fini, b\u00fct\u00e7elerinin \u00f6nemli bir k\u0131sm\u0131n\u0131 tar\u0131ma ay\u0131rd\u0131klar\u0131n\u0131 ve \u00fcreticilere destek olduklar\u0131n\u0131 ifade ederek, \u201cMersin B\u00fcy\u00fck\u015fehir Belediyesi de bu de\u011ferli belediyelerden bir tanesi. Emek ediyoruz, 24 saat \u00e7al\u0131\u015f\u0131yoruz. Gecemizi g\u00fcnd\u00fcz\u00fcm\u00fcz\u00fc halk\u0131m\u0131z i\u00e7in vakfetmi\u015fiz. Burada art\u0131k ba\u011f\u0131rarak s\u00f6yleyelim herkes duysun ki iktidar bu kadrolara verilsin. T\u00fcrkiye\u2019deki her b\u00f6lgedeki tar\u0131m\u0131 Ankara\u2019dan y\u00f6netecek olan bakan bizim anlay\u0131\u015f\u0131m\u0131zda, bizim zihniyetimizde olsun. Di\u011fer alanlar\u0131 y\u00f6netenler bizim anlay\u0131\u015f\u0131m\u0131zda, bizim ferasetimizde olsun da T\u00fcrkiye\u2019ye bak\u0131n neler yap\u0131yoruz hep beraber g\u00f6rece\u011fiz. \u0130n\u015fallah bug\u00fcnler de yak\u0131ndad\u0131r ben g\u00f6r\u00fcyorum. \u0130ktidar olaca\u011f\u0131m\u0131z\u0131 g\u00f6r\u00fcyorum\u201d diye konu\u015ftu.<\/p>\n<p>Tar\u0131m ve hayvanc\u0131l\u0131k destekleri devam edecek<\/p>\n<p>Anamur\u2019dan \u00c7aml\u0131yayla\u2019ya kadar kentin her noktas\u0131na ayr\u0131mc\u0131l\u0131k yapmadan, taraf tutmadan hizmet g\u00f6t\u00fcrd\u00fcklerini belirten Se\u00e7er, yapt\u0131klar\u0131 \u00f6nemli tar\u0131msal desteklerde de hayvanc\u0131l\u0131k desteklerinde de kad\u0131nlara pozitif ayr\u0131mc\u0131l\u0131k yapt\u0131klar\u0131n\u0131 s\u00f6yledi. Ba\u015fkan Se\u00e7er, ayaklar\u0131 yere basan projeler ile bu destekleri sa\u011flarken siyasi taraf tutmad\u0131klar\u0131n\u0131n alt\u0131n\u0131 \u00e7izdi. Kaz da\u011f\u0131t\u0131m\u0131 i\u00e7eren Kazan\u00e7 Projesi\u2019nden k\u00fc\u00e7\u00fckba\u015f hayvan deste\u011fine y\u00f6nelik Haydi Gel K\u00f6y\u00fcm\u00fcze Destek Verelim Projesi\u2019ne, ar\u0131 yeti\u015ftiricilerine yap\u0131lan malzeme deste\u011finden lavanta distilasyon \u00fcnitesine, hamur yo\u011furma makinesinden erik ve zeytin boylama makinesine her b\u00f6lgenin ihtiyac\u0131na g\u00f6re her t\u00fcrl\u00fc deste\u011fin yap\u0131ld\u0131\u011f\u0131n\u0131 ve yap\u0131lmaya devam etti\u011fini s\u00f6yledi. Se\u00e7er, fide, fidan ve tohum desteklerinin de devam edece\u011fini, aya\u011f\u0131 yere basan projeleri hayata ge\u00e7irdiklerini vurgulad\u0131.<\/p>\n<p>\u201cSu olmazsa \u00fcretim olmuyor\u201d<\/p>\n<p>Tar\u0131msal \u00fcretimin can damar\u0131 olan sulaman\u0131n \u00f6nemini vurgulayan Se\u00e7er, \u201cSu olmazsa \u00fcretim olmuyor. Biz sulama kooperatifleri arac\u0131l\u0131\u011f\u0131yla proje kar\u015f\u0131l\u0131\u011f\u0131nda, mutlaka projesi olacak. Ya biz yapaca\u011f\u0131z ya onlar projeyi yapm\u0131\u015fsa \u015fube m\u00fcd\u00fcrl\u00fc\u011f\u00fcm\u00fcz bunu onaylayacak, bu yard\u0131mlar\u0131 yapaca\u011f\u0131z. \u015eu anda 40 kilometre \u00e7elik boru deste\u011fini yapt\u0131k. Geri kalan 60 kilometrelik HDPE borular\u0131 da \u00f6n\u00fcm\u00fczdeki g\u00fcnlerde \u00fcreticilerimize verece\u011fiz\u201d dedi. <\/p>\n<p>B\u00fcy\u00fck\u015fehir\u2019in sa\u011flad\u0131\u011f\u0131 al\u0131m garantileriyle \u00fcretime can geliyor<\/p>\n<p>Ge\u00e7en y\u0131l ba\u015flayan, pazar de\u011feri y\u00fcksek olan ve bu y\u0131l 4 bin adet y\u00fczde 50 hibe ile avokado fidan\u0131 da\u011f\u0131t\u0131mlar\u0131n\u0131n yap\u0131laca\u011f\u0131n\u0131 s\u00f6yleyen Se\u00e7er, 2 y\u0131ld\u0131r Silifke Baland\u0131z\u2019da devam ettikleri atal\u0131k sar\u0131 bu\u011fday \u00fcretimini ve bu sene ilk kez ger\u00e7ekle\u015ftirilen G\u00fclnar\u2019daki ata tohumu nohut \u00fcretimini hat\u0131rlatarak, al\u0131mlar\u0131n\u0131 kendilerinin yapt\u0131klar\u0131n\u0131 ifade etti. Se\u00e7er, \u201cMersinden Kad\u0131n Kooperatifimiz\u2019le \u00e7ok g\u00fczel i\u015f birliklerimiz var. Ad\u0131ndan anla\u015f\u0131ld\u0131\u011f\u0131 gibi kad\u0131nlar\u0131n y\u00f6netti\u011fi, kad\u0131nlar\u0131n \u00fcretti\u011fi \u00fcr\u00fcnlerin pazara sunuldu\u011fu bir kooperatif. Bu kooperatif \u00e7ok de\u011ferli i\u015fler yap\u0131yor\u201d dedi.<\/p>\n<p>Se\u00e7er, Birle\u015fmi\u015f Milletler G\u00f6\u00e7 \u00d6rg\u00fct\u00fc taraf\u0131ndan hibe sa\u011flanan, B\u00fcy\u00fck\u015fehir Belediyesi ve Mersinden Kad\u0131n Kooperatifi\u2019nin i\u015f birli\u011fiyle tamamlanan G\u00fcne\u015f Enerjisi ile Kurutma Tesisi\u2019nde 25 kad\u0131n\u0131n istihdam edildi\u011fini ve b\u00f6lgenin \u00fcr\u00fcnlerinin kurutuldu\u011funu an\u0131msatt\u0131. Se\u00e7er, 1936 y\u0131l\u0131nda tar\u0131m\u0131 \u00f6\u011fretmek ve tar\u0131m kooperatiflerini yayg\u0131nla\u015ft\u0131rmak amac\u0131yla Ulu \u00d6nder Mustafa Kemal Atat\u00fcrk\u2019\u00fcn kurdu\u011fu ve yak\u0131n zamanda a\u00e7\u0131l\u0131\u015f\u0131 ger\u00e7ekle\u015ftirilen Gazi \u00c7iftli\u011fi\u2019nde kad\u0131n \u00fcreticilerin kent genelinde ref\u00fcjleri s\u00fcsleyen zakkum fidelerini \u00fcrettiklerini s\u00f6yledi. Se\u00e7er, \u201c\u00dcretim, \u00fcretim, \u00fcretim&#8230; Bizi kurtaracak olan \u00fcretim. \u00dcretmezsek t\u00fckeniriz\u201d diye konu\u015ftu.<\/p>\n<p>B\u00fcy\u00fck\u015fehir, kaba yem deste\u011fi verecek<\/p>\n<p>\u0130lerleyen g\u00fcnlerde Tarsus, Akdeniz, Mezitli, Toroslar, \u00c7aml\u0131yayla ve Yeni\u015fehir\u2019de 40 \u00fcreticiye kaba yem deste\u011fi verilece\u011fini belirten Se\u00e7er, \u201cEn fazla 10 ba\u015f b\u00fcy\u00fckba\u015f\u0131 olan, s\u00fct \u00fcreten \u00fcreticimize her birine 5 ton silaj, kaba yem verece\u011fiz y\u00fczde 50 hibeli. Bunlar\u0131n da\u011f\u0131t\u0131m\u0131n\u0131 \u00f6n\u00fcm\u00fczdeki g\u00fcnlerde devam edecek\u201d dedi.<\/p>\n<p>\u201cBize hay\u0131r duas\u0131 etmeleri vatanda\u015f\u0131m\u0131z\u0131n bize sa\u011flad\u0131\u011f\u0131 en b\u00fcy\u00fck servet\u201d<\/p>\n<p>Bayram boyunca k\u00f6y ve yayla gezileri yapt\u0131\u011f\u0131n\u0131 ve ziyaretleri s\u0131ras\u0131nda yap\u0131lan desteklerden memnun olan vatanda\u015flarla kar\u015f\u0131la\u015ft\u0131\u011f\u0131n\u0131 belirten Se\u00e7er, \u201cBize hay\u0131r duas\u0131 etmeleri; vatanda\u015f\u0131m\u0131z\u0131n bize sa\u011flad\u0131\u011f\u0131 en b\u00fcy\u00fck servet bu. Ba\u015fka bir \u015fey yok, bekledi\u011fimiz hi\u00e7bir \u015fey yok. Bize hay\u0131r duas\u0131n\u0131 etsin. Hizmetlerimiz iyiyse se\u00e7imde de sand\u0131k ba\u015f\u0131na gider, alt\u0131 okun alt\u0131na m\u00fchr\u00fcn\u00fc basar. Kand\u0131rmayaca\u011f\u0131z, vatanda\u015fa yalan s\u00f6ylemeyece\u011fiz. G\u00f6z\u00fcn\u00fc boyamayaca\u011f\u0131z. Biz hizmet a\u015fk\u0131yla tutu\u015fuyoruz. Hizmet ettik\u00e7e de mutlu oluyoruz. Meclisi l\u00fctfen izleyin. Orada her \u015feyi konu\u015fuyorum. Sosyal medyada yay\u0131nlan\u0131yor. Allah\u2019tan ba\u015fka da kimseden korkmuyoruz. Orada olanlar\u0131 do\u011fru d\u00fczg\u00fcn anlat\u0131yoruz. Biz hizmet yapmak istiyoruz, \u2018siyaseten elimizi aya\u011f\u0131m\u0131z\u0131 ba\u011flamay\u0131n\u2019 diyoruz\u201d ifadelerine yer verdi.<\/p>\n<p>\u201cGer\u00e7ekten ihtiya\u00e7 sahiplerine bu tar\u0131msal destekleri sa\u011fl\u0131yoruz, k\u0131l\u0131 k\u0131rk yar\u0131yoruz\u201d<\/p>\n<p>Ba\u015fkan Se\u00e7er, ge\u00e7en y\u0131l Kazanl\u0131\u2019da sar\u0131 yap\u0131\u015fkan tuzak da\u011f\u0131tt\u0131klar\u0131n\u0131, serac\u0131lar\u0131n en b\u00fcy\u00fck sorunu olan sinekle m\u00fccadele i\u00e7in bu deste\u011fi sa\u011flad\u0131klar\u0131n\u0131 belirterek, bu y\u0131l da 3 farkl\u0131 alanda desteklerin devam edece\u011fini s\u00f6yledi. Se\u00e7er, s\u00f6zlerine \u015f\u00f6yle devam etti:<\/p>\n<p>\u201cBir tanesi \u00f6rt\u00fc alt\u0131 \u00fcreticiler i\u00e7in sera naylonu, bir di\u011feri sera ipi deste\u011fi, bir di\u011feri de mikrobiyal g\u00fcbre. Ger\u00e7ekten \u00f6rt\u00fc alt\u0131 \u00fcretim en fazla birim alana bir \u00e7ift\u00e7inin sermaye bulmas\u0131 ya da i\u015fletme sermayesi gerekli olan bir \u00fcretim alan\u0131. Birim alana yapaca\u011f\u0131n\u0131z masraf \u00e7ok fazla. Biz Adanal\u0131o\u011flu Mahallesi, Limonlu Mahallesi ve Akdeniz Mahallesi\u2019ne yine buraya Kazanl\u0131\u2019ya ba\u011fl\u0131 Kazanl\u0131, H\u00fcrriyet ve Cumhuriyet ile Karaduvar\u2019da toplam 7 mahallemize bu deste\u011fi veriyoruz. Baz\u0131 spek\u00fclasyonlar oldu. Biz zengin \u00fcreticilere falan bu deste\u011fi vermiyoruz. Spek\u00fclatif, provakatif haberlere de pek itibar etmeyin. Ben \u00fcz\u00fcl\u00fcyorum, bana bu bilgiler geliyor. Ben ne yapt\u0131\u011f\u0131n\u0131 bilen bir belediye ba\u015fkan\u0131y\u0131m. Biz ger\u00e7ekten ihtiya\u00e7 sahiplerine bu tar\u0131msal destekleri sa\u011fl\u0131yoruz, k\u0131l\u0131 k\u0131rk yar\u0131yoruz. Bizden sera naylonu deste\u011fi alacak \u00fcreticinin en fazla 5 dekarl\u0131k \u00fcretim alan\u0131 olacak. Biz \u015fu anda 12\u2019si kad\u0131n toplam 71 \u00fcreticimize destek veriyoruz. \u00dcreticilerimizin 2 dekarl\u0131k sera alan\u0131n\u0131n 1 dekarl\u0131k k\u0131sm\u0131n\u0131n naylonunu veriyoruz. Yani y\u00fczde 50 sera \u00f6rt\u00fcs\u00fcn\u00fc biz sa\u011flam\u0131\u015f olaca\u011f\u0131z. Her 1 dekarda da yakla\u015f\u0131k 300 kilogram naylon verece\u011fiz. Bu naylonlar 350 mikron ve 300 mikron kal\u0131nl\u0131kta 36 ve 24 ay \u00f6m\u00fcr garantili farkl\u0131 \u00e7e\u015fitler. Karaduvar\u2019da al\u00e7ak t\u00fcnelde di\u011ferlerinde normal. Y\u00fcksek t\u00fcnellerde kullan\u0131lacak sera naylonlar\u0131. Di\u011fer bir deste\u011fimiz; sera ipi deste\u011fi. Limonlu, Akdeniz, Adanal\u0131o\u011flu Mahallelerinde, Kazanl\u0131, Cumhuriyet, H\u00fcrriyet Mahallelerinde bu b\u00f6lgede. Yine Sar\u0131ibrahimli, Abdullah \u015eahuto\u011flu ve Homurlu Mahalleleri olmak \u00fczere toplam 9 mahallede \u00fcreticilerimize destek verece\u011fiz. Bu \u00fcreticilerimiz 82\u2019si kad\u0131n toplamda 800 \u00fcretici. Her bir \u00fcreticiye 1 dekarda kullan\u0131lmak \u00fczere bir \u00e7uval yani 15 kilograml\u0131k sera ipi deste\u011fi verece\u011fiz. Toplamda da s\u00f6yledi\u011fim gibi 800 \u00fcreticimiz 800 dekar alan i\u00e7in bizden 12 bin adet bobin alm\u0131\u015f olacaklar. Di\u011fer bir destek kalemimiz; mikrobiyal g\u00fcbre. Bu g\u00fcbre \u00e7e\u015fidi \u00f6nemli. Burada a\u015f\u0131r\u0131 bir kimyasal kullan\u0131m\u0131n\u0131n da \u00f6n\u00fcne ge\u00e7iliyor mikrobiyal g\u00fcbrede. Bu da toprak i\u00e7in iyi bir durum \u00e7\u00fcnk\u00fc verimlili\u011fi, kaliteyi artt\u0131ran bir durum. Burada da Homurlu, Abdullah \u015eahuto\u011flu, \u015eakirg\u00fclmen ve Karacaillyas\u2019ta 5\u2019i kad\u0131n toplam 200 \u00e7ift\u00e7imize ki\u015fi ba\u015f\u0131na 3 litre mikrobiyal g\u00fcbre deste\u011fini veriyoruz. Burada \u00fcretici ba\u015f\u0131na da 5 dekar alanda kullan\u0131lmak \u00fczere 3 litre mikrobiyal g\u00fcbreyi \u00fcreticilerimize verece\u011fiz. Bunlarda \u00fc\u00e7 periyot halinde uygulama yapacaklar. Toplam \u00fc\u00e7 projemizde de 1071 \u00fcreticimizi desteklemi\u015f olaca\u011f\u0131z.\u201d<\/p>\n<p>Hamileler i\u00e7in B\u00fcy\u00fck\u015fehir\u2019den \u201cMerhaba S\u00fct\u00fc\u201d<\/p>\n<p>Ba\u015fkan Se\u00e7er, \u00e7ocuklar i\u00e7in s\u00fcrd\u00fcrd\u00fckleri ve bu y\u0131l 1 milyon 500 bin pakete \u00e7\u0131kard\u0131klar\u0131 s\u00fct da\u011f\u0131t\u0131m\u0131nda yeni bir ad\u0131m atarak, hamileler i\u00e7in de \u201cMerhaba S\u00fct\u00fc\u201d deste\u011fine ba\u015flad\u0131klar\u0131n\u0131 dile getirerek, \u201cKad\u0131nlar\u0131m\u0131za 45 g\u00fcnde 12 litre s\u00fct da\u011f\u0131tmalar\u0131 gerekiyor. Bize ilgili sa\u011fl\u0131k kurulu\u015flar\u0131ndan belge al\u0131p m\u00fcracaat edecekler. Teksin arac\u0131l\u0131\u011f\u0131yla yapabilirler. Teksin demek Mersin B\u00fcy\u00fck\u015fehir Belediyesi demek. Teksin demek Mersin B\u00fcy\u00fck\u015fehir Belediye Ba\u015fkan\u0131 demek. Bir hamile bac\u0131m, karde\u015fim, k\u0131z\u0131m bizden \u2018ben hamileyim s\u00fct istiyorum\u2019 dedi\u011fi noktada Teksin\u2019den m\u00fcracaat\u0131n\u0131 yapabiliyor\u201d dedi.<\/p>\n<p>B\u00fcy\u00fck\u015fehir, Kazanl\u0131\u2019ya LGS i\u00e7in E\u011fitim Merkezi kazand\u0131r\u0131yor<\/p>\n<p>E\u011fitimin \u00e7ok \u00f6nemli oldu\u011funu bir kez daha vurgulayan Se\u00e7er, Kazanl\u0131\u2019ya bu y\u0131l LGS s\u0131navlar\u0131 i\u00e7in bir merkez kazand\u0131racaklar\u0131n\u0131n m\u00fcjdesini verdi. Se\u00e7er, \u201cBize e\u011fitimli, okuyan, ilim yapan Atat\u00fcrk\u2019\u00fcn dedi\u011fi gibi ilmin pe\u015finden giden \u00e7ocuklar laz\u0131m. Burada LGS s\u0131navlar\u0131 i\u00e7in bir e\u011fitim merkezi olu\u015fturuyor arkada\u015flar\u0131m\u0131z. E\u011fitim \u00f6\u011fretim sezonuna yeti\u015ftirecekler. 250 \u00f6\u011frenci bu b\u00f6lgeden oraya kay\u0131t olabilecek. \u00dcniversiteye haz\u0131rl\u0131k i\u00e7in merkezde merkezimiz var, \u00e7ocuklar\u0131m\u0131z oraya gidebilirler. 4 bin \u00f6\u011frencimiz e\u011fitim merkezlerinde \u00fcniversiteye haz\u0131rlan\u0131yor. \u015eimdi 750 ilave LGS e\u011fitim merkezi olu\u015fturuyoruz 4 bin 750 \u00f6\u011frencimiz \u00fcniversite ve LGS\u2019ye haz\u0131rl\u0131k i\u00e7in herhangi bir \u00fccret olmadan, tertemiz dershanelerde, binalar\u0131m\u0131zda \u00e7a\u011fda\u015f \u00f6\u011fretmenlerimizden e\u011fitim al\u0131yorlar. Gen\u00e7lerimiz T\u00fcrkiye\u2019nin, d\u00fcnyan\u0131n en g\u00fczel okullar\u0131nda \u00fcniversitelerinde okusun diye katk\u0131y\u0131 sa\u011fl\u0131yoruz ve her bir aileye emin olun onun maliyeti 20 bin liradan a\u015fa\u011f\u0131 de\u011fildir. Biz Mersin B\u00fcy\u00fck\u015fehir Belediyesi olarak bunu \u00f6\u011frencilerimize haz\u0131rl\u0131yoruz. \u0130n\u015fallah Kazanl\u0131\u2019da da hizmete girdi\u011fi zaman gelip ziyaret edip g\u00f6rd\u00fc\u011f\u00fcm manzara kar\u015f\u0131s\u0131nda da mutlu, huzurlu olaca\u011f\u0131m. Belediyemizle, anlay\u0131\u015f\u0131m\u0131zla, d\u00fcnyaya bak\u0131\u015f\u0131m\u0131zla gurur duyaca\u011f\u0131z. Bu yapt\u0131\u011f\u0131m\u0131z desteklerin de yerini bulaca\u011f\u0131n\u0131, \u00fcretime d\u00f6n\u00fc\u015fece\u011fini, bereketli \u00fcr\u00fcnler olaca\u011f\u0131na ekonomiye de\u011fer kataca\u011f\u0131n\u0131 d\u00fc\u015f\u00fcn\u00fcyorum, diliyorum\u201d ifadelerine yer verdi.<\/p>\n<p>Antmen: \u201cBu kadar \u00e7al\u0131\u015fkan bir Belediye Ba\u015fkan\u0131 olmas\u0131ndan dolay\u0131 \u015fansl\u0131y\u0131z\u201d<\/p>\n<p>CHP Mersin Milletvekili Alpay Antmen, t\u00f6rende yapt\u0131\u011f\u0131 konu\u015fmada, \u201cAkdeniz B\u00f6lgesi olarak, Mersin olarak B\u00fcy\u00fck\u015fehir Belediyemizin ba\u015f\u0131nda tar\u0131mdan anlayan, ziraat\u00e7\u0131 ve bu kadar \u00e7al\u0131\u015fkan bir Belediye Ba\u015fkan\u0131 olmas\u0131ndan dolay\u0131 ger\u00e7ekten \u015fansl\u0131y\u0131z. Mersin\u2019de tar\u0131m i\u00e7in elimizden geleni yap\u0131yoruz ve \u00e7ok daha b\u00fcy\u00fck ba\u015far\u0131lara B\u00fcy\u00fck\u015fehir Belediyemizin imza ataca\u011f\u0131na inan\u0131yorum\u201d dedi.<\/p>\n<p>G\u00f6k\u00e7el: \u201cTar\u0131ma verilen destek bug\u00fcn Akdeniz il\u00e7esinde neyse di\u011fer il\u00e7elerde de ayn\u0131\u201d<\/p>\n<p>CHP Mersin Milletvekili Cengiz G\u00f6k\u00e7el, \u201cTar\u0131m\u0131n geli\u015fmesi, T\u00fcrkiye\u2019de \u00fcretimin artmas\u0131, sizlerin ekonomik olarak yapt\u0131\u011f\u0131n\u0131z i\u015flerden para kazanman\u0131z i\u00e7in el birli\u011fi ile m\u00fccadele ettik, el birli\u011fi ile m\u00fccadele etmeye devam edece\u011fiz. \u00c7\u00fcnk\u00fc \u00fclke topraklar\u0131 ger\u00e7ekten \u00e7ok k\u0131ymetli, \u00e7ok de\u011ferli. Tar\u0131ma verilen destek bug\u00fcn Akdeniz il\u00e7esinde neyse, Toroslar\u2019da da, Erdemli\u2019de de, Silifke\u2019de de, di\u011fer il\u00e7elerde de ayn\u0131. Biz, \u00fclke e\u011fer kalk\u0131nacaksa ticareti ile \u00fcretimi ile ama esas tar\u0131msal \u00fcretimi ile artaca\u011f\u0131n\u0131 biliyoruz\u201d ifadelerine yer verdi.<\/p>\n<p>K\u0131z\u0131ltan: \u201cBu destek \u00e7ift\u00e7imize b\u00fcy\u00fck bir g\u00fc\u00e7 verecek\u201d<\/p>\n<p>Mersin Ticaret ve Sanayi Odas\u0131 (MTSO) Y\u00f6netim Kurulu Ba\u015fkan\u0131 Ayhan K\u0131z\u0131ltan, \u201cBiz 2 sene \u00f6nce B\u00fcy\u00fck\u015fehir Belediyemizle birlikte bir tar\u0131m konferans\u0131 yapm\u0131\u015ft\u0131k. O konferans\u0131n temas\u0131 \u00fcretmezsek t\u00fckenirizdi. \u0130\u015fte Kazanl\u0131 ve b\u00f6lgesi \u00fcretiyor. Bu \u00fcreticinin bir\u00e7ok sorunu var. \u00dcretime devam etmesi i\u00e7in bu sorunlar\u0131n \u00e7\u00f6z\u00fclmesi gerekir. Bu ba\u011flamda i\u015fte B\u00fcy\u00fck\u015fehir Belediye Ba\u015fkanl\u0131\u011f\u0131m\u0131z\u0131n yapt\u0131\u011f\u0131 bu destek \u00e7ift\u00e7imize b\u00fcy\u00fck bir g\u00fc\u00e7 verecektir\u201d dedi.<\/p>\n<p>Mersin Akdeniz Ziraat Odas\u0131 Ba\u015fkan\u0131 Musa Y\u0131lmaz, \u201cB\u00fcy\u00fck\u015fehir Belediye Ba\u015fkan\u0131m\u0131z\u0131n tar\u0131msal kimli\u011fine \u00f6nem verdi\u011fimizi her f\u0131rsatta s\u00f6yl\u00fcyorum. Kendisinin \u00fcretim alanlar\u0131m\u0131zda yapm\u0131\u015f oldu\u011fu tar\u0131msal \u00e7al\u0131\u015fmalar\u0131 \u00e7ok \u00f6nemsiyoruz. Bu \u00e7al\u0131\u015fmalar\u0131n, bu hizmetlerin \u00f6n\u00fcm\u00fczdeki y\u0131llarda artarak devam etmesini talep ediyor, kendisine \u00e7ift\u00e7ilerimiz ad\u0131na te\u015fekk\u00fcrlerimi, \u015f\u00fckranlar\u0131m\u0131 iletiyorum\u201d diye konu\u015ftu.<\/p>\n<p>Adanal\u0131o\u011flu Limonlu Mahalle Muhtar\u0131 \u0130sa Sakar, B\u00fcy\u00fck\u015fehir Belediyesi taraf\u0131ndan ge\u00e7en y\u0131l da tar\u0131msal projeler kapsam\u0131nda tuzak da\u011f\u0131t\u0131ld\u0131\u011f\u0131n\u0131 aktard\u0131 ve \u201cBu sene de bizim buradaki vatanda\u015flar\u0131m\u0131za naylon, ip ve g\u00fcbre deste\u011fi, ayn\u0131 zamanda da kaz da\u011f\u0131t\u0131m\u0131 ger\u00e7ekle\u015ftirildi. Hayvan da\u011f\u0131t\u0131m\u0131 ger\u00e7ekle\u015ftiriliyor. Bu konudaki \u00e7al\u0131\u015fmalar\u0131ndan dolay\u0131 \u00e7ok te\u015fekk\u00fcr ediyoruz\u201d dedi.  Kazanl\u0131 H\u00fcrriyet Mahalle Muhtar\u0131 Orhan Deli ise Kazanl\u0131\u2019n\u0131n bir tar\u0131m b\u00f6lgesi oldu\u011funu kaydederek, Ba\u015fkan Se\u00e7er\u2019e \u00e7al\u0131\u015fmalar\u0131ndan dolay\u0131 te\u015fekk\u00fcrlerini iletti ve \u201cS\u0131k\u0131nt\u0131lar ya\u015f\u0131yoruz evet. Ba\u015fkan\u0131m\u0131z da bununla ilgili ger\u00e7ekten bize yard\u0131mc\u0131 oluyor. Ba\u015far\u0131lar\u0131n\u0131n devam\u0131n\u0131 diliyorum\u201d diye konu\u015ftu.<\/p>\n","protected":false},"excerpt":{"rendered":"<p>Mersin B\u00fcy\u00fck\u015fehir Belediye Ba\u015fkan\u0131 Vahap Se\u00e7er, B\u00fcy\u00fck\u015fehir Belediyesi Tar\u0131msal ve Veteriner Hizmetleri Dairesi taraf\u0131ndan Akdeniz il\u00e7esi Kazanl\u0131 Mahallesi\u2019nde ger\u00e7ekle\u015ftirilen \u2018Sera Naylonu, Sera \u0130pi ve Mikrobiyal G\u00fcbre Da\u011f\u0131t\u0131m\u0131\u2019 t\u00f6renine kat\u0131ld\u0131. Ba\u015fkan &hellip; <a href=\"https:\/\/akdenizolaygazetesi.com\/?p=13479\" class=\"more-link\">Devam\u0131n\u0131 Oku&#8230;<\/a><\/p>\n","protected":false},"author":2,"featured_media":13480,"comment_status":"open","ping_status":"open","sticky":false,"template":"","format":"standard","meta":[],"categories":[8,1,2,3,5],"tags":[],"_links":{"self":[{"href":"https:\/\/akdenizolaygazetesi.com\/index.php?rest_route=\/wp\/v2\/posts\/13479"}],"collection":[{"href":"https:\/\/akdenizolaygazetesi.com\/index.php?rest_route=\/wp\/v2\/posts"}],"about":[{"href":"https:\/\/akdenizolaygazetesi.com\/index.php?rest_route=\/wp\/v2\/types\/post"}],"author":[{"embeddable":true,"href":"https:\/\/akdenizolaygazetesi.com\/index.php?rest_route=\/wp\/v2\/users\/2"}],"replies":[{"embeddable":true,"href":"https:\/\/akdenizolaygazetesi.com\/index.php?rest_route=%2Fwp%2Fv2%2Fcomments&post=13479"}],"version-history":[{"count":1,"href":"https:\/\/akdenizolaygazetesi.com\/index.php?rest_route=\/wp\/v2\/posts\/13479\/revisions"}],"predecessor-version":[{"id":13481,"href":"https:\/\/akdenizolaygazetesi.com\/index.php?rest_route=\/wp\/v2\/posts\/13479\/revisions\/13481"}],"wp:featuredmedia":[{"embeddable":true,"href":"https:\/\/akdenizolaygazetesi.com\/index.php?rest_route=\/wp\/v2\/media\/13480"}],"wp:attachment":[{"href":"https:\/\/akdenizolaygazetesi.com\/index.php?rest_route=%2Fwp%2Fv2%2Fmedia&parent=13479"}],"wp:term":[{"taxonomy":"category","embeddable":true,"href":"https:\/\/akdenizolaygazetesi.com\/index.php?rest_route=%2Fwp%2Fv2%2Fcategories&post=13479"},{"taxonomy":"post_tag","embeddable":true,"href":"https:\/\/akdenizolaygazetesi.com\/index.php?rest_route=%2Fwp%2Fv2%2Ftags&post=13479"}],"curies":[{"name":"wp","href":"https:\/\/api.w.org\/{rel}","templated":true}]}}