{"id":1349,"date":"2020-11-04T18:21:55","date_gmt":"2020-11-04T15:21:55","guid":{"rendered":"http:\/\/mersinekonomipolitikagazetesi.com\/?p=1349"},"modified":"2020-11-04T18:21:55","modified_gmt":"2020-11-04T15:21:55","slug":"ramazan-pidesinde-fiyat-degismedi","status":"publish","type":"post","link":"https:\/\/akdenizolaygazetesi.com\/?p=1349","title":{"rendered":"Ramazan pidesinde fiyat de\u011fi\u015fmedi"},"content":{"rendered":"<p>Mersin&#8217;in Mut il\u00e7esinde, iftar ve sahur sofralar\u0131n\u0131n olmazsa olmazlar\u0131 aras\u0131nda yer alan ramazan pidesi, ge\u00e7en y\u0131l\u0131n fiyat\u0131ndan sat\u0131\u015fa sunuluyor.<\/p>\n<p>F\u0131r\u0131nc\u0131 Kemal D\u00f6nmez, sat\u0131\u015f\u0131na ba\u015flad\u0131klar\u0131 Ramazan pidesinin 350 gram oldu\u011funu ve ge\u00e7en y\u0131l oldu\u011fu gibi 1,5 liradan satt\u0131klar\u0131n\u0131 belirtti.<br \/>\nRamazan ay\u0131 boyunca iftar sofralar\u0131n\u0131n vazge\u00e7ilmezi olan pide fiyatlar\u0131na bu y\u0131l da zam yap\u0131lmayaca\u011f\u0131n\u0131 kaydeden D\u00f6nmez, \u201cBiz f\u0131r\u0131nc\u0131lar\u0131n umudu Ramazan pidesinde. Ekmek fiyatlar\u0131nda ya\u015fanan rekabet nedeniyle 250 gram ekmek 1 liraya, 350 graml\u0131k ramazan pidesi ise 1,5 liradan sat\u0131l\u0131yor\u201d dedi.<br \/>\nedildi.<\/p>\n","protected":false},"excerpt":{"rendered":"<p>Mersin&#8217;in Mut il\u00e7esinde, iftar ve sahur sofralar\u0131n\u0131n olmazsa olmazlar\u0131 aras\u0131nda yer alan ramazan pidesi, ge\u00e7en y\u0131l\u0131n fiyat\u0131ndan sat\u0131\u015fa sunuluyor. F\u0131r\u0131nc\u0131 Kemal D\u00f6nmez, sat\u0131\u015f\u0131na ba\u015flad\u0131klar\u0131 Ramazan pidesinin 350 gram oldu\u011funu ve &hellip; <a href=\"https:\/\/akdenizolaygazetesi.com\/?p=1349\" class=\"more-link\">Devam\u0131n\u0131 Oku&#8230;<\/a><\/p>\n","protected":false},"author":1,"featured_media":0,"comment_status":"open","ping_status":"open","sticky":false,"template":"","format":"standard","meta":[],"categories":[],"tags":[],"_links":{"self":[{"href":"https:\/\/akdenizolaygazetesi.com\/index.php?rest_route=\/wp\/v2\/posts\/1349"}],"collection":[{"href":"https:\/\/akdenizolaygazetesi.com\/index.php?rest_route=\/wp\/v2\/posts"}],"about":[{"href":"https:\/\/akdenizolaygazetesi.com\/index.php?rest_route=\/wp\/v2\/types\/post"}],"author":[{"embeddable":true,"href":"https:\/\/akdenizolaygazetesi.com\/index.php?rest_route=\/wp\/v2\/users\/1"}],"replies":[{"embeddable":true,"href":"https:\/\/akdenizolaygazetesi.com\/index.php?rest_route=%2Fwp%2Fv2%2Fcomments&post=1349"}],"version-history":[{"count":0,"href":"https:\/\/akdenizolaygazetesi.com\/index.php?rest_route=\/wp\/v2\/posts\/1349\/revisions"}],"wp:attachment":[{"href":"https:\/\/akdenizolaygazetesi.com\/index.php?rest_route=%2Fwp%2Fv2%2Fmedia&parent=1349"}],"wp:term":[{"taxonomy":"category","embeddable":true,"href":"https:\/\/akdenizolaygazetesi.com\/index.php?rest_route=%2Fwp%2Fv2%2Fcategories&post=1349"},{"taxonomy":"post_tag","embeddable":true,"href":"https:\/\/akdenizolaygazetesi.com\/index.php?rest_route=%2Fwp%2Fv2%2Ftags&post=1349"}],"curies":[{"name":"wp","href":"https:\/\/api.w.org\/{rel}","templated":true}]}}