{"id":13491,"date":"2021-07-30T10:37:09","date_gmt":"2021-07-30T07:37:09","guid":{"rendered":"http:\/\/akdenizolaygazetesi.com\/?p=13491"},"modified":"2021-07-30T10:37:09","modified_gmt":"2021-07-30T07:37:09","slug":"chpli-antmen-saraya-13-ucak-var-ama-yangina-1-ucak-bile-yok","status":"publish","type":"post","link":"https:\/\/akdenizolaygazetesi.com\/?p=13491","title":{"rendered":"CHP\u2019L\u0130 ANTMEN \u2018SARAYA 13 U\u00c7AK VAR AMA YANGINA 1 U\u00c7AK B\u0130LE YOK\u2019"},"content":{"rendered":"<p>T\u00fcrkiye&#8217;nin g\u00fcneyinde orman yang\u0131nlar\u0131 her yeri sard\u0131. Adana, Osmaniye, Mersin, Kayseri, Antalya&#8217;n\u0131n ard\u0131ndan Mu\u011fla&#8217;n\u0131n Marmaris ve Milas il\u00e7eleri ile Ayd\u0131n Didim&#8217;de alevler y\u00fckselmeye ba\u015flad\u0131. \u015eu ana kadar Antalya Manavgat&#8217;ta 3, Akseki&#8217;de 1 ki\u015fi hayat\u0131n\u0131 kaybetti. Mersin\u2019de yang\u0131n\u0131 yerinde inceleyen CHP Mersin Milletvekili Alpay Antmen, orman yang\u0131nlar\u0131n\u0131n \u00e7\u0131kma nedeninin en h\u0131zl\u0131 \u015fekilde ara\u015ft\u0131r\u0131lmas\u0131 gerekti\u011fini ifade ederek \u201cBir sabotaj var m\u0131 yok mu mutlaka incelenmesi laz\u0131m. Yakanlara da ihmali olanlara da lanet olsun. Ci\u011ferlerimiz yan\u0131yor, gelece\u011fimiz yok oluyor. \u015eu ana kadar tek bir yang\u0131n s\u00f6nd\u00fcrme u\u00e7a\u011f\u0131 gelmedi. Yaz\u0131klar olsun. Sarayda l\u00fcks ve g\u00f6steri\u015f i\u00e7in 13 tane u\u00e7ak var ama orman yang\u0131nlar\u0131n\u0131 s\u00f6nd\u00fcrmek i\u00e7in 1 tek u\u00e7ak yok\u201d dedi.<\/p>\n<p>Antmen, konuyla ilgili olarak Meclis Ba\u015fkanl\u0131\u011f\u0131na bir de soru \u00f6nergesi verdi. Antmen, Tar\u0131m ve Orman Bakan\u0131 Bekir Pakdemirli taraf\u0131ndan yan\u0131tlanmas\u0131 istemiyle Meclis Ba\u015fkanl\u0131\u011f\u0131na verdi\u011fi soru \u00f6nergesinde 2019 y\u0131l\u0131ndan bu yana 1000\u2019den fazla orman yang\u0131n\u0131na u\u00e7akla m\u00fcdahale edilmedi\u011fini belirterek \u201cT\u00fcrk Hava Kurumu u\u00e7aklar\u0131 daha uygun teklifler vermesine ra\u011fmen ihaleye al\u0131nmad\u0131. Bakanl\u0131k o d\u00f6nem a\u00e7\u0131k \u015fekilde yalan s\u00f6yleyerek bu u\u00e7aklar\u0131n \u00e7al\u0131\u015fmad\u0131\u011f\u0131n\u0131 iddia etmi\u015fti. Oysa u\u00e7aklar \u00e7al\u0131\u015f\u0131yordu\u201d ifadelerini kulland\u0131. <\/p>\n<p>THK\u2019nin \u2018Ate\u015f Ku\u015fu\u2019 adl\u0131 yang\u0131n s\u00f6nd\u00fcrme u\u00e7a\u011f\u0131n\u0131n ihaleye girmemesi i\u00e7in ihalede u\u00e7aklar i\u00e7in 5 bin litre \u015fart\u0131n\u0131n kondu\u011funu hat\u0131rlatan CHP\u2019li Vekil \u201cTHK\u2019nin u\u00e7aklar\u0131 4 bin 900 litre kapasiteliyken ihalede \u20185 bin litre \u015fart\u0131\u2019 konuldu. \u0130ktidar, THK\u2019nin u\u00e7aklar\u0131 ihalelere girmesin diye elinden geleni yapt\u0131! Bu yap\u0131lan a\u00e7\u0131k s\u00f6yleyeyim \u00fclkeye ihanettir\u201d dedi. <\/p>\n<p>Alpay Antmen\u2019in \u00f6nergesinde yer alan sorular \u015fu \u015fekilde; <\/p>\n<p>1 &#8211; Antalya, Mersin, Adana, Osmaniye, Kayseri ve Mu\u011fla&#8217;da \u00e7\u0131kan yang\u0131nlarda kullan\u0131lan u\u00e7ak say\u0131s\u0131 ka\u00e7t\u0131r? Neden yeteri kadar u\u00e7ak bulunmamaktad\u0131r? Bu yang\u0131nlarda kaybetti\u011fimiz a\u011fa\u00e7 say\u0131s\u0131 ve cinsi nedir? Ne kadar hayvan ve canl\u0131 bu yang\u0131nlarda yok olmu\u015ftur? <\/p>\n<p>2 &#8211; Orman s\u00f6nd\u00fcrme i\u015flemleri i\u00e7in son 5 y\u0131lda kiralanan u\u00e7ak, helikopter, arazi arac\u0131 ve di\u011fer ara\u00e7, gere\u00e7lere ne kadar \u00f6deme yap\u0131lm\u0131\u015ft\u0131r? Bunlar hangi firmalardan kiralanm\u0131\u015ft\u0131r? Ne kadara kiralanm\u0131\u015ft\u0131r? Bu firmalar kimlere aittir? \u0130haleler ne \u015fekilde ve kimler taraf\u0131ndan yap\u0131lm\u0131\u015ft\u0131r?<\/p>\n<p>3 \u2013 Son 5 y\u0131lda \u00e7\u0131kan orman yang\u0131nlar\u0131n\u0131n ka\u00e7 tanesinde sabotaj tespit edilmi\u015ftir? Bunlar nelerdir? Konuyla ilgili ne t\u00fcr hukuki s\u00fcre\u00e7ler y\u00fcr\u00fct\u00fclm\u00fc\u015ft\u00fcr? <\/p>\n<p>4 &#8211; T\u00fcrk Hava Kurumu u\u00e7aklar\u0131 neden ihalelere girememektedir? Birtak\u0131m ki\u015filerin \u015firketi ve arac\u0131lar\u0131n komisyonlar\u0131 \u00fclke ormanlar\u0131m\u0131zdan daha m\u0131 \u00f6nemlidir? <\/p>\n","protected":false},"excerpt":{"rendered":"<p>T\u00fcrkiye&#8217;nin g\u00fcneyinde orman yang\u0131nlar\u0131 her yeri sard\u0131. Adana, Osmaniye, Mersin, Kayseri, Antalya&#8217;n\u0131n ard\u0131ndan Mu\u011fla&#8217;n\u0131n Marmaris ve Milas il\u00e7eleri ile Ayd\u0131n Didim&#8217;de alevler y\u00fckselmeye ba\u015flad\u0131. \u015eu ana kadar Antalya Manavgat&#8217;ta 3, &hellip; <a href=\"https:\/\/akdenizolaygazetesi.com\/?p=13491\" class=\"more-link\">Devam\u0131n\u0131 Oku&#8230;<\/a><\/p>\n","protected":false},"author":2,"featured_media":13492,"comment_status":"open","ping_status":"open","sticky":false,"template":"","format":"standard","meta":[],"categories":[2,3,6],"tags":[],"_links":{"self":[{"href":"https:\/\/akdenizolaygazetesi.com\/index.php?rest_route=\/wp\/v2\/posts\/13491"}],"collection":[{"href":"https:\/\/akdenizolaygazetesi.com\/index.php?rest_route=\/wp\/v2\/posts"}],"about":[{"href":"https:\/\/akdenizolaygazetesi.com\/index.php?rest_route=\/wp\/v2\/types\/post"}],"author":[{"embeddable":true,"href":"https:\/\/akdenizolaygazetesi.com\/index.php?rest_route=\/wp\/v2\/users\/2"}],"replies":[{"embeddable":true,"href":"https:\/\/akdenizolaygazetesi.com\/index.php?rest_route=%2Fwp%2Fv2%2Fcomments&post=13491"}],"version-history":[{"count":1,"href":"https:\/\/akdenizolaygazetesi.com\/index.php?rest_route=\/wp\/v2\/posts\/13491\/revisions"}],"predecessor-version":[{"id":13493,"href":"https:\/\/akdenizolaygazetesi.com\/index.php?rest_route=\/wp\/v2\/posts\/13491\/revisions\/13493"}],"wp:featuredmedia":[{"embeddable":true,"href":"https:\/\/akdenizolaygazetesi.com\/index.php?rest_route=\/wp\/v2\/media\/13492"}],"wp:attachment":[{"href":"https:\/\/akdenizolaygazetesi.com\/index.php?rest_route=%2Fwp%2Fv2%2Fmedia&parent=13491"}],"wp:term":[{"taxonomy":"category","embeddable":true,"href":"https:\/\/akdenizolaygazetesi.com\/index.php?rest_route=%2Fwp%2Fv2%2Fcategories&post=13491"},{"taxonomy":"post_tag","embeddable":true,"href":"https:\/\/akdenizolaygazetesi.com\/index.php?rest_route=%2Fwp%2Fv2%2Ftags&post=13491"}],"curies":[{"name":"wp","href":"https:\/\/api.w.org\/{rel}","templated":true}]}}