{"id":13494,"date":"2021-07-30T10:39:12","date_gmt":"2021-07-30T07:39:12","guid":{"rendered":"http:\/\/akdenizolaygazetesi.com\/?p=13494"},"modified":"2021-07-30T10:39:12","modified_gmt":"2021-07-30T07:39:12","slug":"sorumlular-en-agir-cezaya-carptirilmali","status":"publish","type":"post","link":"https:\/\/akdenizolaygazetesi.com\/?p=13494","title":{"rendered":"\u201cSorumlular en a\u011f\u0131r cezaya \u00e7arpt\u0131r\u0131lmal\u0131\u201d"},"content":{"rendered":"<p>Ba\u015fkan G\u00fcltak\u2019\u0131n talimat\u0131yla, Silifke il\u00e7esinin Ye\u015filovac\u0131k Mahallesi&#8217;nde meydana gelen yang\u0131na m\u00fcdahale etmek amac\u0131yla, belediye envanterinde bulunan arar\u00f6zler ve personeller b\u00f6lgeye y\u00f6nlendirildi.<br \/>\nT\u00fcrkiye\u2019nin farkl\u0131 bir\u00e7ok noktas\u0131nda ya\u015fanan yang\u0131nlara ili\u015fkin bir a\u00e7\u0131klama yapan Akdeniz Belediye Ba\u015fkan\u0131 M. Mustafa G\u00fcltak, \u201cYang\u0131nlarda hayat\u0131n\u0131 kaybeden vatanda\u015flar\u0131m\u0131za Allah&#8217;tan rahmet; ailelerine, yak\u0131nlar\u0131na ve milletimize ba\u015fsa\u011fl\u0131\u011f\u0131 diliyor, daha fazla kay\u0131p olmadan yang\u0131nlar\u0131n bir an \u00f6nce kontrol alt\u0131na al\u0131nmas\u0131n\u0131 temenni ediyorum. \u00dclkemiz en k\u0131sa s\u00fcrede birlik ve beraberlik duygular\u0131 i\u00e7erisinde bu yang\u0131nlar\u0131n ve t\u00fcm ac\u0131lar\u0131n yaras\u0131n\u0131 saracakt\u0131r\u201d diye konu\u015ftu.<br \/>\n\u201cSorumlular en a\u011f\u0131r cezaya \u00e7arpt\u0131r\u0131lmal\u0131\u201d<br \/>\nBa\u015fkan G\u00fcltak, a\u00e7\u0131klamas\u0131n\u0131; \u201cBelediyemiz ekiplerinin de araz\u00f6zler yard\u0131m\u0131yla yo\u011fun destek verdi\u011fi yang\u0131ndan etkilenen t\u00fcm vatanda\u015flar\u0131m\u0131za ge\u00e7mi\u015f olsun dileklerimi iletiyorum. Ci\u011ferlerimizi yakan, bize nefis olan ormanlar\u0131m\u0131z\u0131 saran yang\u0131nlara sebep olanlar\u0131n da yap\u0131lacak kapsaml\u0131 inceleme ve ara\u015ft\u0131rmalar sonucu ortaya \u00e7\u0131kar\u0131larak en a\u011f\u0131r cezaya \u00e7arpt\u0131r\u0131lmalar\u0131n\u0131 diliyorum\u201d s\u00f6zleriyle s\u00fcrd\u00fcrd\u00fc.<br \/>\nYang\u0131nlar nedeniyle konser ertelendi<br \/>\n\u00d6te yandan Ba\u015fkan G\u00fcltak; bir\u00e7ok kentte meydana gelen yang\u0131nlar sonucu ya\u015fan\u0131lan can kay\u0131plar\u0131 ve ac\u0131lar dolay\u0131s\u0131yla, 31 Temmuz 2021 Cumartesi G\u00fcn\u00fc d\u00fczenlenmesi planlanan \u201cGece Yolcular\u0131\u201d konserinin ileri bir tarihe ertelendi\u011fini de kaydetti.<\/p>\n","protected":false},"excerpt":{"rendered":"<p>Ba\u015fkan G\u00fcltak\u2019\u0131n talimat\u0131yla, Silifke il\u00e7esinin Ye\u015filovac\u0131k Mahallesi&#8217;nde meydana gelen yang\u0131na m\u00fcdahale etmek amac\u0131yla, belediye envanterinde bulunan arar\u00f6zler ve personeller b\u00f6lgeye y\u00f6nlendirildi. T\u00fcrkiye\u2019nin farkl\u0131 bir\u00e7ok noktas\u0131nda ya\u015fanan yang\u0131nlara ili\u015fkin bir a\u00e7\u0131klama &hellip; <a href=\"https:\/\/akdenizolaygazetesi.com\/?p=13494\" class=\"more-link\">Devam\u0131n\u0131 Oku&#8230;<\/a><\/p>\n","protected":false},"author":2,"featured_media":13495,"comment_status":"open","ping_status":"open","sticky":false,"template":"","format":"standard","meta":[],"categories":[1,3,5],"tags":[],"_links":{"self":[{"href":"https:\/\/akdenizolaygazetesi.com\/index.php?rest_route=\/wp\/v2\/posts\/13494"}],"collection":[{"href":"https:\/\/akdenizolaygazetesi.com\/index.php?rest_route=\/wp\/v2\/posts"}],"about":[{"href":"https:\/\/akdenizolaygazetesi.com\/index.php?rest_route=\/wp\/v2\/types\/post"}],"author":[{"embeddable":true,"href":"https:\/\/akdenizolaygazetesi.com\/index.php?rest_route=\/wp\/v2\/users\/2"}],"replies":[{"embeddable":true,"href":"https:\/\/akdenizolaygazetesi.com\/index.php?rest_route=%2Fwp%2Fv2%2Fcomments&post=13494"}],"version-history":[{"count":1,"href":"https:\/\/akdenizolaygazetesi.com\/index.php?rest_route=\/wp\/v2\/posts\/13494\/revisions"}],"predecessor-version":[{"id":13496,"href":"https:\/\/akdenizolaygazetesi.com\/index.php?rest_route=\/wp\/v2\/posts\/13494\/revisions\/13496"}],"wp:featuredmedia":[{"embeddable":true,"href":"https:\/\/akdenizolaygazetesi.com\/index.php?rest_route=\/wp\/v2\/media\/13495"}],"wp:attachment":[{"href":"https:\/\/akdenizolaygazetesi.com\/index.php?rest_route=%2Fwp%2Fv2%2Fmedia&parent=13494"}],"wp:term":[{"taxonomy":"category","embeddable":true,"href":"https:\/\/akdenizolaygazetesi.com\/index.php?rest_route=%2Fwp%2Fv2%2Fcategories&post=13494"},{"taxonomy":"post_tag","embeddable":true,"href":"https:\/\/akdenizolaygazetesi.com\/index.php?rest_route=%2Fwp%2Fv2%2Ftags&post=13494"}],"curies":[{"name":"wp","href":"https:\/\/api.w.org\/{rel}","templated":true}]}}