{"id":13497,"date":"2021-07-30T10:41:07","date_gmt":"2021-07-30T07:41:07","guid":{"rendered":"http:\/\/akdenizolaygazetesi.com\/?p=13497"},"modified":"2021-07-30T10:41:07","modified_gmt":"2021-07-30T07:41:07","slug":"buyuksehirin-itfaiye-ekipleri-mersindeki-yanginla-canla-basla-mucadele-ediyor","status":"publish","type":"post","link":"https:\/\/akdenizolaygazetesi.com\/?p=13497","title":{"rendered":"B\u00dcY\u00dcK\u015eEH\u0130R\u2019\u0130N \u0130TFA\u0130YE EK\u0130PLER\u0130 MERS\u0130N\u2019DEK\u0130 YANGINLA CANLA BA\u015eLA M\u00dcCADELE ED\u0130YOR"},"content":{"rendered":"<p>Mersin B\u00fcy\u00fck\u015fehir Belediye Ba\u015fkan\u0131 Vahap Se\u00e7er, Silifke ve Ayd\u0131nc\u0131k il\u00e7elerinde ormanl\u0131k alanlarda ve yerle\u015fim b\u00f6lgelerinde \u00e7\u0131kan yang\u0131nda incelemelerde bulunurken, vatanda\u015flara da ge\u00e7mi\u015f olsun dileklerini iletti. <\/p>\n<p>Ba\u015fkan Se\u00e7er, ilk olarak Silifke Bo\u011fsak\u2019taki yang\u0131n yerini inceledi. Ard\u0131ndan yerle\u015fim alanlar\u0131n\u0131n bulundu\u011fu b\u00f6lgeye ge\u00e7en Se\u00e7er, oradan da Ayd\u0131nc\u0131k\u2019a gitti. Ayd\u0131nc\u0131k d\u00f6n\u00fc\u015f\u00fcnde ise Silifke\u2019nin Ye\u015filovac\u0131k Mahallesi\u2019ne gelen Ba\u015fkan Se\u00e7er, yang\u0131ndan etkilenen yerleri inceleyip, vatanda\u015flarla bir araya geldi. Ba\u015fkan Se\u00e7er\u2019e incelemeleri s\u0131ras\u0131nda B\u00fcy\u00fck\u015fehir Belediyesi b\u00fcrokratlar\u0131, daire ba\u015fkanlar\u0131, Meclis \u00fcyeleri ve Cumhuriyet Halk Partisi il\u00e7e y\u00f6neticileri e\u015flik etti.<\/p>\n<p>B\u00fcy\u00fck\u015fehir itfaiye ekipleri canla ba\u015fla m\u00fccadele ediyor<\/p>\n<p>Havadan ve karadan m\u00fcdahale edilen yang\u0131n\u0131n bir an evvel s\u00f6nd\u00fcr\u00fclmesi i\u00e7in Mersin B\u00fcy\u00fck\u015fehir Belediyesi de destek veriyor. Yang\u0131nla canla ba\u015fla m\u00fccadele eden B\u00fcy\u00fck\u015fehir Belediyesi \u0130tfaiye Dairesi, toplam 14 itfaiye arac\u0131 ve araz\u00f6z, 15 i\u015f makinesi ile yang\u0131n\u0131n daha fazla b\u00fcy\u00fcmeden s\u00f6nd\u00fcr\u00fclmesi i\u00e7in m\u00fccadele veriyor. Karaman\u2019dan 2, Hatay\u2019dan 3, Ni\u011fde\u2019den 3 ve Ankara\u2019dan gelen 5 itfaiye arac\u0131 ve araz\u00f6z ile  yang\u0131n s\u00f6nd\u00fcrme \u00e7al\u0131\u015fmalar\u0131na destek veriliyor.<\/p>\n<p>B\u00fcy\u00fck\u015fehir ekipleri, \u00e7oban\u0131 hayvanlar\u0131 ile birlikte yang\u0131ndan kurtard\u0131<\/p>\n<p>B\u00fcy\u00fck\u015fehir Belediyesi ekipleri, \u00e7al\u0131\u015fmalar kapsam\u0131nda 1 \u00e7oban\u0131 hayvanlar\u0131 ile birlikte yang\u0131ndan kurtar\u0131rken,  kay\u0131p 2  ki\u015finin de arama kurtarma \u00e7al\u0131\u015fmalar\u0131 s\u00fcrd\u00fcr\u00fcl\u00fcyor. Silifke ve Ayd\u0131nc\u0131k\u2019ta \u00e7\u0131kan yang\u0131nda evleri, seralar\u0131, bah\u00e7eleri ve hayvanlar\u0131 zarar g\u00f6ren vatanda\u015flarla bir araya gelen Ba\u015fkan Se\u00e7er, ge\u00e7mi\u015f olsun dileklerini iletirken, alanda incelemeler yapt\u0131. <\/p>\n<p>Se\u00e7er, ayr\u0131ca da\u011fl\u0131k ve ormanl\u0131k alanlarda da  incelemelerde bulunurken Orman Genel M\u00fcd\u00fcrl\u00fc\u011f\u00fc yetkilileri ve itfaiyecilerden yang\u0131n\u0131n genel durumu hakk\u0131nda bilgi al\u0131p, \u00e7al\u0131\u015fmalar\u0131nda kolayl\u0131klar diledi.<\/p>\n<p>Yang\u0131n ma\u011fduru vatanda\u015flara B\u00fcy\u00fck\u015fehir\u2019den s\u0131cak yemek<\/p>\n<p>Silifke ve Ayd\u0131nc\u0131k il\u00e7elerine B\u00fcy\u00fck\u015fehir Belediyesi Sosyal Hizmetler Dairesi taraf\u0131ndan s\u0131cak yemek ula\u015ft\u0131r\u0131l\u0131rken, daha sonraki g\u00fcnlerde de Mobil Mutfak T\u0131r\u0131 ile gece-g\u00fcnd\u00fcz b\u00f6lge halk\u0131n\u0131n s\u0131cak yemek ihtiyac\u0131 kar\u015f\u0131lanacak.<\/p>\n","protected":false},"excerpt":{"rendered":"<p>Mersin B\u00fcy\u00fck\u015fehir Belediye Ba\u015fkan\u0131 Vahap Se\u00e7er, Silifke ve Ayd\u0131nc\u0131k il\u00e7elerinde ormanl\u0131k alanlarda ve yerle\u015fim b\u00f6lgelerinde \u00e7\u0131kan yang\u0131nda incelemelerde bulunurken, vatanda\u015flara da ge\u00e7mi\u015f olsun dileklerini iletti. Ba\u015fkan Se\u00e7er, ilk olarak Silifke &hellip; <a href=\"https:\/\/akdenizolaygazetesi.com\/?p=13497\" class=\"more-link\">Devam\u0131n\u0131 Oku&#8230;<\/a><\/p>\n","protected":false},"author":2,"featured_media":13498,"comment_status":"open","ping_status":"open","sticky":false,"template":"","format":"standard","meta":[],"categories":[1,2,3,5],"tags":[],"_links":{"self":[{"href":"https:\/\/akdenizolaygazetesi.com\/index.php?rest_route=\/wp\/v2\/posts\/13497"}],"collection":[{"href":"https:\/\/akdenizolaygazetesi.com\/index.php?rest_route=\/wp\/v2\/posts"}],"about":[{"href":"https:\/\/akdenizolaygazetesi.com\/index.php?rest_route=\/wp\/v2\/types\/post"}],"author":[{"embeddable":true,"href":"https:\/\/akdenizolaygazetesi.com\/index.php?rest_route=\/wp\/v2\/users\/2"}],"replies":[{"embeddable":true,"href":"https:\/\/akdenizolaygazetesi.com\/index.php?rest_route=%2Fwp%2Fv2%2Fcomments&post=13497"}],"version-history":[{"count":1,"href":"https:\/\/akdenizolaygazetesi.com\/index.php?rest_route=\/wp\/v2\/posts\/13497\/revisions"}],"predecessor-version":[{"id":13499,"href":"https:\/\/akdenizolaygazetesi.com\/index.php?rest_route=\/wp\/v2\/posts\/13497\/revisions\/13499"}],"wp:featuredmedia":[{"embeddable":true,"href":"https:\/\/akdenizolaygazetesi.com\/index.php?rest_route=\/wp\/v2\/media\/13498"}],"wp:attachment":[{"href":"https:\/\/akdenizolaygazetesi.com\/index.php?rest_route=%2Fwp%2Fv2%2Fmedia&parent=13497"}],"wp:term":[{"taxonomy":"category","embeddable":true,"href":"https:\/\/akdenizolaygazetesi.com\/index.php?rest_route=%2Fwp%2Fv2%2Fcategories&post=13497"},{"taxonomy":"post_tag","embeddable":true,"href":"https:\/\/akdenizolaygazetesi.com\/index.php?rest_route=%2Fwp%2Fv2%2Ftags&post=13497"}],"curies":[{"name":"wp","href":"https:\/\/api.w.org\/{rel}","templated":true}]}}