{"id":13500,"date":"2021-07-30T10:42:55","date_gmt":"2021-07-30T07:42:55","guid":{"rendered":"http:\/\/akdenizolaygazetesi.com\/?p=13500"},"modified":"2021-07-30T10:42:55","modified_gmt":"2021-07-30T07:42:55","slug":"evde-dusen-zeki-amcayi-buyuksehir-ekiplerinin-dikkati-kurtardi","status":"publish","type":"post","link":"https:\/\/akdenizolaygazetesi.com\/?p=13500","title":{"rendered":"EVDE D\u00dc\u015eEN ZEK\u0130 AMCAYI B\u00dcY\u00dcK\u015eEH\u0130R EK\u0130PLER\u0130N\u0130N D\u0130KKAT\u0130 KURTARDI"},"content":{"rendered":"<p>Mersin B\u00fcy\u00fck\u015fehir Belediyesi Engelliler ve Sa\u011fl\u0131k Hizmetleri Dairesi\u2019ne ba\u011fl\u0131 Ya\u015fl\u0131 Destek Birimi ekipleri, ya\u015f alm\u0131\u015f vatanda\u015flar\u0131 her g\u00fcn arayarak, yanlar\u0131nda olmaya devam ediyor. Her g\u00fcn yap\u0131lan rutin aramalar sonucu sa\u011fl\u0131k takibi yap\u0131lan ya\u015f alm\u0131\u015f yurtta\u015flardan biri olan Zeki Ekekon\u2019a ula\u015famayan ekipler, sa\u011fl\u0131\u011f\u0131ndan endi\u015fe ederek evine kadar ula\u015ft\u0131. Yaln\u0131z ya\u015fad\u0131\u011f\u0131 bilinen Zeki Amcan\u0131n yan\u0131t vermemesi \u00fczerine ekipler, polis, ambulans ve itfaiye ekipleriyle temasa ge\u00e7ti. Ekipler, kap\u0131y\u0131 k\u0131r\u0131p i\u00e7eri girdi ve yerinden kalkamayan Zeki Amcaya ilk m\u00fcdahalesini yapt\u0131. <\/p>\n<p>D\u00fc\u015fme sonucu yaralanan Zeki Amcan\u0131n sa\u011fl\u0131k durumu iyi<\/p>\n<p>G\u00fcnl\u00fck takipleri yap\u0131lan ve rutin aramalarla olu\u015fabilecek rahats\u0131zl\u0131klar\u0131 \u00f6nlemeyi ve olas\u0131 ihtiya\u00e7lar\u0131 gidermeyi ama\u00e7layan birimde, \u015fu ana kadar kayd\u0131 al\u0131nan 300 ya\u015f alm\u0131\u015f vatanda\u015f takip ediliyor. Ya\u015fl\u0131 Destek Birimi ekipleri, takibini yapt\u0131\u011f\u0131 vatanda\u015flara ula\u015famad\u0131klar\u0131 durumlarda ikamet adreslerine gidiyor. G\u00fcnl\u00fck aramalar\u0131 yapan personellerden Filiz Demir, bir g\u00fcn \u00f6nce yapt\u0131\u011f\u0131 aramada diyaliz sonras\u0131 d\u00fc\u015ft\u00fc\u011f\u00fcn\u00fc bildiren 72 ya\u015f\u0131nda yaln\u0131z ya\u015fayan Zeki Ekekon\u2019a ula\u015famay\u0131nca ambulans, itfaiye ve polis ekipleri e\u015fli\u011finde ikamet adresine gitti. Zeki Amcan\u0131n kap\u0131y\u0131 a\u00e7mamas\u0131 \u00fczerine kap\u0131y\u0131 k\u0131rarak i\u00e7eri giren ekipler, d\u00fc\u015fme sonucu yerinden kalkamad\u0131\u011f\u0131 anla\u015f\u0131lan Zeki Amcan\u0131n sa\u011fl\u0131k kontrol\u00fcn\u00fc yapt\u0131. Ciddi bir problem olmad\u0131\u011f\u0131n\u0131 g\u00f6ren ekipler rahat bir nefes ald\u0131.<\/p>\n<p>\u201cZeki Amcaya ula\u015famay\u0131nca tedirgin olduk\u201d<\/p>\n<p>Ya\u015fl\u0131 Destek Biriminde g\u00f6revli Filiz Demir, engelli, 65 ya\u015f ve \u00fcst\u00fc vatanda\u015flar\u0131 g\u00fcnl\u00fck arad\u0131klar\u0131n\u0131 ifade ederek, \u201cBir \u015feye ihtiya\u00e7lar\u0131 olup olmad\u0131\u011f\u0131n\u0131 soruyoruz. Bir onar\u0131mlar\u0131 varsa onlara usta g\u00f6nderiyoruz. O g\u00fcn de Zeki Amcaya ula\u015famad\u0131k, ula\u015famay\u0131nca tedirgin olduk. Evine gelip bakmak istedik. Kap\u0131s\u0131 a\u00e7\u0131lmad\u0131. G\u00fcvenlik g\u00fc\u00e7lerine de ambulansa da haber verdik. \u0130\u00e7eri girdik. Girdi\u011fimizde Zeki Amca y\u00fcr\u00fcyemiyordu. Sa\u011fl\u0131k muayenesinden ge\u00e7irdik, bir s\u0131k\u0131nt\u0131s\u0131, k\u0131r\u0131\u011f\u0131, ezi\u011fi yoktu. Pansuman\u0131n\u0131 yapt\u0131k\u201d dedi.<\/p>\n<p>\u201cG\u00fcnden g\u00fcne daha fazla ya\u015f alm\u0131\u015f vatanda\u015f\u0131m\u0131za ula\u015fmaya \u00e7al\u0131\u015f\u0131yoruz\u201d<\/p>\n<p>Ya\u015fl\u0131 Destek Birimde Gerontolog olarak g\u00f6rev yapan ve yap\u0131lan hizmetleri anlatan Cihan Tanr\u0131verdi, \u015funlar\u0131 s\u00f6yledi:<\/p>\n<p>\u201cEngelli vatanda\u015flar\u0131m\u0131za ula\u015f\u0131p onlara hizmet sa\u011flamakla y\u00fck\u00fcml\u00fcy\u00fcz. B\u00f6yle bir sorumlulu\u011fumuz var. Vahap Se\u00e7er Ba\u015fkan\u0131m\u0131z\u0131n katk\u0131lar\u0131yla, \u00f6nderli\u011finde kuruldu bizim birimimiz. Arkada\u015flar\u0131m\u0131z \u015fu an hitap etti\u011fimiz 300 tane 65 ya\u015f ve \u00fcst\u00fc ya\u015f alm\u0131\u015f vatanda\u015flar\u0131m\u0131z\u0131 g\u00fcnl\u00fck olarak mutlaka aray\u0131p hal hat\u0131r soruyorlar, herhangi bir \u015feye ihtiya\u00e7lar\u0131 olup olmad\u0131klar\u0131n\u0131 \u00f6\u011freniyorlar. Bu aramalar mutlaka her g\u00fcn yap\u0131l\u0131yor. Ayn\u0131 zamanda ihtiya\u00e7 ve talep do\u011frultusunda evde temizlik, bak\u0131m, fizyoterapi, tadilat gibi hizmetlerimiz var. Sa\u011fl\u0131k ekibi y\u00f6nlendirebiliyoruz. Ambulans ve transfer hizmeti sa\u011flayabiliyoruz. G\u00fcnden g\u00fcne daha fazla ya\u015f alm\u0131\u015f vatanda\u015f\u0131m\u0131za ula\u015fmaya \u00e7al\u0131\u015f\u0131yoruz. Hizmetimizi bir\u00e7ok yere yaymaya \u00e7al\u0131\u015f\u0131yoruz.\u201d<\/p>\n<p>Yaln\u0131z ya\u015fayan Zeki Ekekon\u2019un ge\u00e7irdi\u011fi kaza sonucu dizinde ya\u015fad\u0131\u011f\u0131 probleme m\u00fcdahale etmek i\u00e7in fizyoterapiye ba\u015flayacaklar\u0131n\u0131 s\u00f6yleyen Tanr\u0131verdi, \u201c\u00c7ok \u015f\u00fck\u00fcr vahim herhangi bir durum yok. Pansuman\u0131 yap\u0131ld\u0131. Sa\u011fl\u0131k kontrol\u00fc yap\u0131ld\u0131. Aya\u011f\u0131nda ufak bir problem var. Onun i\u00e7in de hemen eve fizyoterapi ekibimizi g\u00f6nderece\u011fiz. Vatanda\u015flardan talebimiz; \u00e7evrelerinde, mahallelerinde, il\u00e7elerinde bizim hizmetimizden faydalanabilecek, kendileri belki bize ula\u015famazlar ama \u00e7evrelerinde bu tarz vatanda\u015flar varsa Alo 185 destek ihbar hatt\u0131n\u0131 arayarak bize ula\u015fs\u0131nlar, biz de vatanda\u015flar\u0131m\u0131za hizmet verelim\u201d ifadelerine yer verdi.<\/p>\n<p>\u201cBelediye \u00e7al\u0131\u015fanlar\u0131 beni her g\u00fcn ar\u0131yor\u201d<\/p>\n<p>20 y\u0131ld\u0131r diyaliz hastas\u0131 oldu\u011funu ve ara ara d\u00fc\u015ft\u00fc\u011f\u00fcn\u00fc anlatan Zeki Ekekon, \u201cBelediye \u00e7al\u0131\u015fanlar\u0131 beni her g\u00fcn ar\u0131yor. Aray\u0131p bulamay\u0131nca ertesi g\u00fcn polislere haber vermi\u015fler. Ben i\u00e7erdeydim, yat\u0131yordum. Bakt\u0131m kap\u0131dan sesler geliyor. Akl\u0131ma geldi, kap\u0131y\u0131 a\u00e7amay\u0131nca kap\u0131y\u0131 k\u0131r\u0131yorlar. Acele etmi\u015fler kap\u0131n\u0131n g\u00f6be\u011fini s\u00f6km\u00fc\u015fler, a\u00e7m\u0131\u015flar kap\u0131y\u0131. Polise haber veren de Filiz Han\u0131m. Her g\u00fcn telefonda konu\u015fuyorduk. Tan\u0131\u015fmak nasip olmam\u0131\u015ft\u0131. B\u00f6yle bir g\u00fcne nasipmi\u015f. Bir\u00e7ok insan yaln\u0131z ya\u015farken vefat ediyor. Merak edeceklerini tahmin ediyordum. Mutlu oldum\u201d dedi.<\/p>\n","protected":false},"excerpt":{"rendered":"<p>Mersin B\u00fcy\u00fck\u015fehir Belediyesi Engelliler ve Sa\u011fl\u0131k Hizmetleri Dairesi\u2019ne ba\u011fl\u0131 Ya\u015fl\u0131 Destek Birimi ekipleri, ya\u015f alm\u0131\u015f vatanda\u015flar\u0131 her g\u00fcn arayarak, yanlar\u0131nda olmaya devam ediyor. Her g\u00fcn yap\u0131lan rutin aramalar sonucu sa\u011fl\u0131k &hellip; <a href=\"https:\/\/akdenizolaygazetesi.com\/?p=13500\" class=\"more-link\">Devam\u0131n\u0131 Oku&#8230;<\/a><\/p>\n","protected":false},"author":2,"featured_media":13501,"comment_status":"open","ping_status":"open","sticky":false,"template":"","format":"standard","meta":[],"categories":[1,3,5,9],"tags":[],"_links":{"self":[{"href":"https:\/\/akdenizolaygazetesi.com\/index.php?rest_route=\/wp\/v2\/posts\/13500"}],"collection":[{"href":"https:\/\/akdenizolaygazetesi.com\/index.php?rest_route=\/wp\/v2\/posts"}],"about":[{"href":"https:\/\/akdenizolaygazetesi.com\/index.php?rest_route=\/wp\/v2\/types\/post"}],"author":[{"embeddable":true,"href":"https:\/\/akdenizolaygazetesi.com\/index.php?rest_route=\/wp\/v2\/users\/2"}],"replies":[{"embeddable":true,"href":"https:\/\/akdenizolaygazetesi.com\/index.php?rest_route=%2Fwp%2Fv2%2Fcomments&post=13500"}],"version-history":[{"count":1,"href":"https:\/\/akdenizolaygazetesi.com\/index.php?rest_route=\/wp\/v2\/posts\/13500\/revisions"}],"predecessor-version":[{"id":13502,"href":"https:\/\/akdenizolaygazetesi.com\/index.php?rest_route=\/wp\/v2\/posts\/13500\/revisions\/13502"}],"wp:featuredmedia":[{"embeddable":true,"href":"https:\/\/akdenizolaygazetesi.com\/index.php?rest_route=\/wp\/v2\/media\/13501"}],"wp:attachment":[{"href":"https:\/\/akdenizolaygazetesi.com\/index.php?rest_route=%2Fwp%2Fv2%2Fmedia&parent=13500"}],"wp:term":[{"taxonomy":"category","embeddable":true,"href":"https:\/\/akdenizolaygazetesi.com\/index.php?rest_route=%2Fwp%2Fv2%2Fcategories&post=13500"},{"taxonomy":"post_tag","embeddable":true,"href":"https:\/\/akdenizolaygazetesi.com\/index.php?rest_route=%2Fwp%2Fv2%2Ftags&post=13500"}],"curies":[{"name":"wp","href":"https:\/\/api.w.org\/{rel}","templated":true}]}}