{"id":13503,"date":"2021-07-30T10:44:44","date_gmt":"2021-07-30T07:44:44","guid":{"rendered":"http:\/\/akdenizolaygazetesi.com\/?p=13503"},"modified":"2021-07-30T10:44:44","modified_gmt":"2021-07-30T07:44:44","slug":"tekstil-muhendisligini-tercih-eden-kazaniyor","status":"publish","type":"post","link":"https:\/\/akdenizolaygazetesi.com\/?p=13503","title":{"rendered":"TEKST\u0130L M\u00dcHEND\u0130SL\u0130\u011e\u0130N\u0130 TERC\u0130H EDEN KAZANIYOR"},"content":{"rendered":"<p>Ulusal d\u00fczeyde geleneksel olarak d\u00fczenledi\u011fi dokuma kuma\u015f tasar\u0131m yar\u0131\u015fmalar\u0131yla gelece\u011fin tasar\u0131mc\u0131lar\u0131n\u0131 e\u015fsiz e\u011fitim imk\u00e2nlar\u0131yla sekt\u00f6re kazand\u0131ran Akdeniz Tekstil ve Hammaddeleri \u0130hracat\u00e7\u0131lar\u0131 Birli\u011fi (ATH\u0130B), \u00fcniversite s\u0131nav sonu\u00e7lar\u0131n\u0131n a\u00e7\u0131klanmas\u0131n\u0131n hemen ard\u0131ndan tekstil m\u00fchendisli\u011fine verdi\u011fi burslar\u0131 ve i\u015f garantisini hat\u0131rlatarak ba\u015far\u0131l\u0131 \u00f6\u011frencilere tekstil m\u00fchendisli\u011fini tercih etmeleri y\u00f6n\u00fcnde \u00e7a\u011fr\u0131da bulundu.<\/p>\n<p>ATH\u0130B Y\u00f6netim Kurulu Ba\u015fkan\u0131 Fatih Do\u011fan, tekstil end\u00fcstrisinin T\u00fcrkiye\u2019nin en \u00f6nemli sekt\u00f6rlerinin ba\u015f\u0131nda geldi\u011fini, \u00fcretim, istihdam ve ihracatta rekorlar k\u0131rmaya devam etti\u011fini belirtip tekstilden \u00e7\u0131k\u0131lmas\u0131 gerekti\u011fi y\u00f6n\u00fcndeki yakla\u015f\u0131mlar\u0131n do\u011fru olmad\u0131\u011f\u0131n\u0131 her platformda dile getirdiklerini, bug\u00fcn gelinen noktada hakl\u0131l\u0131klar\u0131n\u0131n ortaya \u00e7\u0131kt\u0131\u011f\u0131n\u0131 s\u00f6yledi. Tekstil sekt\u00f6r\u00fcn\u00fcn T\u00fcrkiye\u2019nin gelece\u011finde \u00f6nemli roller oynamaya devam edece\u011fini vurgulayan Ba\u015fkan Do\u011fan, sekt\u00f6r\u00fcn nitelikli insan kayna\u011f\u0131 ihtiyac\u0131 bulundu\u011funu, bunun kar\u015f\u0131lanmas\u0131 i\u00e7in sekt\u00f6r olarak ellerini ta\u015f\u0131n alt\u0131na koymaktan ka\u00e7\u0131nmad\u0131klar\u0131n\u0131 ve  tekstil m\u00fchendisli\u011fini tercih edecek \u00f6\u011frencilere Tercihim Tekstil M\u00fchendisli\u011fi Projesi kapsam\u0131nda lisans e\u011fitimleri boyunca burs ve staj deste\u011fi verdiklerini, mezun olmalar\u0131n\u0131n hemen ard\u0131ndan da istihdam imk\u00e2n\u0131 sa\u011flad\u0131klar\u0131n\u0131 belirtti.<br \/>\nBa\u015fkan Fatih Do\u011fan, \u201cTekstil sanayicileri ve ihracat\u00e7\u0131lar\u0131 olarak bu y\u0131l da \u00fcniversite s\u0131nav\u0131 sonu\u00e7lar\u0131nda ilk 20 bine giren \u00f6\u011frencilerimize tekstil m\u00fchendisli\u011fini ilk be\u015f tercih aras\u0131nda yazmalar\u0131 halinde net asgari \u00fccret tutar\u0131nda, 20-50 bin aras\u0131ndaki \u00f6\u011frencilere asgari \u00fccretin y\u00fczde 70\u2019i, 50-80 bin aras\u0131ndaki \u00f6\u011frencilerimize asgari \u00fccretin y\u00fczde 50\u2019si kadar burs veriyoruz.\u201d dedi.<\/p>\n<p>\u2018Hayata de\u011fer katmak isteyen, gelece\u011fe dokunmak isteyen gen\u00e7leri davet ediyoruz\u2019<br \/>\nTekstil sekt\u00f6r\u00fcn\u00fc; heyecan\u0131n, dinamizmin, yarat\u0131c\u0131l\u0131\u011f\u0131n, ba\u015far\u0131n\u0131n, modan\u0131n, renklerin, \u0131\u015f\u0131klar\u0131n ve podyumlar\u0131n bir arada oldu\u011fu e\u015fsiz bir sekt\u00f6r olarak tan\u0131mlayan ATH\u0130B Ba\u015fkan\u0131 Fatih Do\u011fan, bir tekstil m\u00fchendisinin de \u00fcr\u00fcn\u00fcn iplikten ba\u015flay\u0131p ma\u011fazaya girene kadar b\u00fct\u00fcn s\u00fcreci y\u00f6netti\u011finin alt\u0131n\u0131 \u00e7izdi.Tekstil m\u00fchendisli\u011fi mesle\u011finin bireyin kendi fikirlerini \u00f6zg\u00fcrce yans\u0131tabilece\u011fi \u00e7ok geni\u015f bir alana sahip oldu\u011funu dile getiren Ba\u015fkan Do\u011fan, \u201c\u00d6rme, dokuma, boyama, iplik, konfeksiyon alanlar\u0131n\u0131n yan\u0131nda, Ar-Ge, imalat, sat\u0131\u015f, pazarlama ve tekstil makinalar\u0131n\u0131n tamam\u0131 tekstil m\u00fchendisli\u011finin \u00e7al\u0131\u015fma alanlar\u0131na giriyor. Gen\u00e7lerimiz bu meslekte kariyer yapmaya karar verdiklerinde kendi kabiliyetlerine, isteklerine g\u00f6re uzmanla\u015fma imk\u00e2nlar\u0131n\u0131 elde edebiliyor. Hayata de\u011fer katmak isteyen, yapt\u0131\u011f\u0131 \u00e7al\u0131\u015fmalarla i\u015fine, kendine ve gelecek nesillere dokunmak isteyen t\u00fcm gen\u00e7lerimizi tekstil m\u00fchendisli\u011fi b\u00f6l\u00fcmlerine davet ediyoruz.\u201d diye konu\u015ftu.<\/p>\n<p>\u2018\u0130yi yeti\u015fmi\u015f nitelikli m\u00fchendislere ihtiyac\u0131m\u0131z var\u2019<br \/>\n\u00d6zellikle tar\u0131mdan spora, havac\u0131l\u0131ktan sanayiye bir\u00e7ok kulvarda kullan\u0131m alan\u0131 olan teknik tekstilin Avrupa Birli\u011fi taraf\u0131ndan gelece\u011fin sekt\u00f6r\u00fc olarak de\u011ferlendirildi\u011fini vurgulayan Ba\u015fkan Do\u011fan \u015funlar\u0131 s\u00f6yledi: \u201cTekstil sekt\u00f6r\u00fcm\u00fcz \u00fclkemizin en fazla ihracat ger\u00e7ekle\u015ftiren ikinci sekt\u00f6r\u00fc konumundad\u0131r. T\u00fcrkiye\u2019nin toplam ihracat\u0131nda y\u00fczde 15\u2019in \u00fczerinde pay almaktad\u0131r. Ayn\u0131 zamanda tekstil ve haz\u0131r giyim sekt\u00f6rlerimiz verdi\u011fi d\u0131\u015f ticaret fazlas\u0131yla T\u00fcrkiye ekonomisine y\u0131ll\u0131k 15 milyar dolardan fazla net d\u00f6viz giri\u015fi sa\u011flamaktad\u0131r. 2020 y\u0131l\u0131nda 25 milyar dolar d\u00fczeyinde ihracat ger\u00e7ekle\u015ftiren tekstil ve haz\u0131r giyim sekt\u00f6rlerimiz 2 milyonu a\u015fk\u0131n ki\u015fiyi istihdam etmektedir. Uluslararas\u0131 arenada tekstil sekt\u00f6r\u00fcnde ya\u015fanan geli\u015fmeler, de\u011fi\u015fimler ve yenilik\u00e7ilik e\u011filimleri sekt\u00f6r\u00fcm\u00fczde nitelikli i\u015f g\u00fcc\u00fc ihtiyac\u0131n\u0131 da y\u0131ldan y\u0131la art\u0131rmaktad\u0131r. Sekt\u00f6r\u00fcm\u00fcz\u00fcn devaml\u0131l\u0131\u011f\u0131 ve ba\u015far\u0131s\u0131 tasar\u0131m k\u00fclt\u00fcr\u00fcn\u00fc, inovasyonu ve yenilik\u00e7ili\u011fi \u00f6ne \u00e7\u0131kararak yakalayaca\u011f\u0131m\u0131z ivmede gizlidir.Katma de\u011ferde yarataca\u011f\u0131m\u0131z art\u0131\u015fla marka de\u011ferlerimiz daha da y\u00fckselecektir. Katma de\u011ferli \u00fcretimi ve verimlili\u011fi art\u0131rmak i\u00e7in de nitelikli i\u015f g\u00fcc\u00fcn\u00fcn hayati \u00f6nem ta\u015f\u0131d\u0131\u011f\u0131 a\u015fik\u00e2rd\u0131r. \u00dcretim teknolojilerinin h\u0131zla End\u00fcstri 4.0\u2019e evrildi\u011fi bu s\u00fcre\u00e7te hem verimlili\u011fimizi art\u0131rmak hem de sekt\u00f6r\u00fcm\u00fcz\u00fc End\u00fcstri 4.0\u2019a uyumlu hale getirmek i\u00e7in iyi yeti\u015fmi\u015f nitelikli m\u00fchendislere ihtiyac\u0131m\u0131z var. Sekt\u00f6r\u00fcm\u00fcz verdi\u011fi burslar ve i\u015f garantisi ile bu konuda \u00fczerine d\u00fc\u015feni yapmaktad\u0131r. \u015eimdi s\u0131ra gelece\u011fi i\u00e7in karar verecek \u00f6\u011frencilerimizde. Ben inan\u0131yorum ki onlar da tekstil m\u00fchendisli\u011fini se\u00e7erek hem kendileri hem sekt\u00f6r\u00fcm\u00fcz hem de \u00fclkemiz i\u00e7in hay\u0131rl\u0131 bir karar vereceklerdir.\u201d<\/p>\n<p>Tercihim Tekstil M\u00fchendisli\u011fi Projesi meyvelerini veriyor<br \/>\nBurs fonunun Ticaret Bakanl\u0131\u011f\u0131\u2019n\u0131n onay\u0131 ile Tekstil ve Haz\u0131r Giyim \u0130hracat\u00e7\u0131lar\u0131 Birlikleri ve Tekstil Sanayii \u0130\u015fverenler Sendikas\u0131 taraf\u0131ndan finanse edildi\u011fini kaydeden Ba\u015fkan Do\u011fan, 2019 y\u0131l\u0131nda hayata ge\u00e7irilen Tercihim Tekstil M\u00fchendisli\u011fi Projesi\u2019nde tekstil m\u00fchendisli\u011fi b\u00f6l\u00fcm\u00fcn\u00fc tercih etme oran\u0131n\u0131n y\u00fczde 208 artt\u0131\u011f\u0131n\u0131, doluluk oranlar\u0131n\u0131n y\u00fczde 42\u2019den y\u00fczde 86\u2019ya y\u00fckseldi\u011fini ve yakla\u015f\u0131k 200 \u00f6\u011frenciye burs verildi\u011fini s\u00f6zlerine ekledi.<\/p>\n","protected":false},"excerpt":{"rendered":"<p>Ulusal d\u00fczeyde geleneksel olarak d\u00fczenledi\u011fi dokuma kuma\u015f tasar\u0131m yar\u0131\u015fmalar\u0131yla gelece\u011fin tasar\u0131mc\u0131lar\u0131n\u0131 e\u015fsiz e\u011fitim imk\u00e2nlar\u0131yla sekt\u00f6re kazand\u0131ran Akdeniz Tekstil ve Hammaddeleri \u0130hracat\u00e7\u0131lar\u0131 Birli\u011fi (ATH\u0130B), \u00fcniversite s\u0131nav sonu\u00e7lar\u0131n\u0131n a\u00e7\u0131klanmas\u0131n\u0131n hemen ard\u0131ndan tekstil &hellip; <a href=\"https:\/\/akdenizolaygazetesi.com\/?p=13503\" class=\"more-link\">Devam\u0131n\u0131 Oku&#8230;<\/a><\/p>\n","protected":false},"author":2,"featured_media":13504,"comment_status":"open","ping_status":"open","sticky":false,"template":"","format":"standard","meta":[],"categories":[8,34,3],"tags":[],"_links":{"self":[{"href":"https:\/\/akdenizolaygazetesi.com\/index.php?rest_route=\/wp\/v2\/posts\/13503"}],"collection":[{"href":"https:\/\/akdenizolaygazetesi.com\/index.php?rest_route=\/wp\/v2\/posts"}],"about":[{"href":"https:\/\/akdenizolaygazetesi.com\/index.php?rest_route=\/wp\/v2\/types\/post"}],"author":[{"embeddable":true,"href":"https:\/\/akdenizolaygazetesi.com\/index.php?rest_route=\/wp\/v2\/users\/2"}],"replies":[{"embeddable":true,"href":"https:\/\/akdenizolaygazetesi.com\/index.php?rest_route=%2Fwp%2Fv2%2Fcomments&post=13503"}],"version-history":[{"count":1,"href":"https:\/\/akdenizolaygazetesi.com\/index.php?rest_route=\/wp\/v2\/posts\/13503\/revisions"}],"predecessor-version":[{"id":13505,"href":"https:\/\/akdenizolaygazetesi.com\/index.php?rest_route=\/wp\/v2\/posts\/13503\/revisions\/13505"}],"wp:featuredmedia":[{"embeddable":true,"href":"https:\/\/akdenizolaygazetesi.com\/index.php?rest_route=\/wp\/v2\/media\/13504"}],"wp:attachment":[{"href":"https:\/\/akdenizolaygazetesi.com\/index.php?rest_route=%2Fwp%2Fv2%2Fmedia&parent=13503"}],"wp:term":[{"taxonomy":"category","embeddable":true,"href":"https:\/\/akdenizolaygazetesi.com\/index.php?rest_route=%2Fwp%2Fv2%2Fcategories&post=13503"},{"taxonomy":"post_tag","embeddable":true,"href":"https:\/\/akdenizolaygazetesi.com\/index.php?rest_route=%2Fwp%2Fv2%2Ftags&post=13503"}],"curies":[{"name":"wp","href":"https:\/\/api.w.org\/{rel}","templated":true}]}}