{"id":13506,"date":"2021-08-01T09:26:21","date_gmt":"2021-08-01T06:26:21","guid":{"rendered":"http:\/\/akdenizolaygazetesi.com\/?p=13506"},"modified":"2021-08-01T09:26:21","modified_gmt":"2021-08-01T06:26:21","slug":"ormanlarimiz-cigerimiz-cigerlerimize-sahip-cikalim","status":"publish","type":"post","link":"https:\/\/akdenizolaygazetesi.com\/?p=13506","title":{"rendered":"\u201cOrmanlar\u0131m\u0131z ci\u011ferimiz; ci\u011ferlerimize sahip \u00e7\u0131kal\u0131m\u201d"},"content":{"rendered":"<p>Akdeniz Belediye Ba\u015fkan\u0131 M. Mustafa G\u00fcltak, d\u00fcnden beri orman yang\u0131nlar\u0131 ile m\u00fccadele eden Silifke il\u00e7esine ba\u011fl\u0131 Ye\u015filovac\u0131k Mahallesi ile Ayd\u0131nc\u0131k il\u00e7esinde incelemelerde bulunarak yetkililer ve vatanda\u015flarla g\u00f6r\u00fc\u015ft\u00fc.<br \/>\nAkdeniz Belediye Ba\u015fkan\u0131 G\u00fcltak; Silifke Ye\u015filovac\u0131k ve Ayd\u0131nc\u0131k\u2019ta d\u00fcn ba\u015flayan ve s\u00f6nd\u00fcrme \u00e7al\u0131\u015fmalar\u0131 aral\u0131ks\u0131z devam eden orman yang\u0131nlar\u0131n\u0131 yerinde inceledi. Ba\u015fkan G\u00fcltak; yang\u0131nla m\u00fccadele \u00e7al\u0131\u015fmalar\u0131 hakk\u0131nda Silifke Belediye Ba\u015fkan\u0131 Sad\u0131k Altunok, Ayd\u0131nc\u0131k Belediye Ba\u015fkan\u0131 Ferat Aktan, AK Parti Silifke \u0130l\u00e7e Ba\u015fkan\u0131 Mehmet Emin Kurt, MHP Silifke \u0130l\u00e7e Ba\u015fkan\u0131 Levent Nogay\u2019dan bilgi ald\u0131.<br \/>\n\u201cDevletimiz ve t\u00fcm kurumlar\u0131m\u0131z seferber halde\u201d<br \/>\n\u201cHayatlar\u0131n\u0131 riske atarak yang\u0131nla fedak\u00e2rca m\u00fccadele etmeleri nedeniyle itfaiye ekiplerine ve orman \u00e7al\u0131\u015fanlar\u0131na te\u015fekk\u00fcr ediyorum\u201d diyen Ba\u015fkan G\u00fcltak; \u201cB\u00f6lgenin bir insan\u0131 olarak neler oldu\u011funu yerinde g\u00f6rmek ve vatanda\u015flar\u0131m\u0131zla g\u00f6r\u00fc\u015ferek onlara biraz moral vermek i\u00e7in geldik. Belediyemizin araz\u00f6zlerini, i\u015fe yarayacak i\u015f makineleri ile ara\u00e7lar\u0131n \u00e7o\u011funu da personellerimizle birlikte Silifke ve Ayd\u0131nc\u0131k\u2019a d\u00fcn geceden itibaren sevk ettik. B\u00f6lgede elektrikler kesik, ayr\u0131ca su ve g\u0131da ihtiyac\u0131 var. D\u00fcnden itibaren Ayd\u0131nc\u0131k, Silifke ve daha bir\u00e7ok b\u00f6lgemize TIR\u2019lar dolusu su ula\u015ft\u0131rd\u0131k\u201d dedi.<br \/>\n\u201cOrmanlar\u0131m\u0131z ci\u011ferimiz; ci\u011ferlerimize sahip \u00e7\u0131kal\u0131m\u201d<br \/>\nBa\u015fkan G\u00fcltak; yang\u0131nda ya\u015fam\u0131n\u0131 yitiren vatanda\u015flara rahmet, yaralananlara \u015fifalar diledi\u011fi a\u00e7\u0131klamas\u0131n\u0131 \u015f\u00f6yle s\u00fcrd\u00fcrd\u00fc; \u201cBu ormanlar bizim ci\u011ferlerimiz. Yang\u0131n\u0131n yaratt\u0131\u011f\u0131 tahribat\u0131n giderilmesi maalesef 50-60 y\u0131l\u0131 bulabiliyor. E\u011fer yang\u0131nlar kas\u0131tl\u0131 \u00e7\u0131kar\u0131lm\u0131\u015f ise yapanlar\u0131 lanetliyorum. Buralarda spor yapan, pikni\u011fe gelen insanlar\u0131m\u0131z da daha dikkatli olmal\u0131. Ormanlar\u0131m\u0131za sahip \u00e7\u0131k\u0131p korumal\u0131, temiz tutmal\u0131y\u0131z. Devletimiz u\u00e7ak, helikopter ve t\u00fcm imk\u00e2nlar\u0131yla burada seferber olmu\u015f durumda. B\u00f6lgede 3 helikopter s\u00fcrekli \u00e7al\u0131\u015f\u0131yor ve m\u00fcdahale ediyor. Devletimiz, evleri yanan insanlar\u0131m\u0131za elini uzatacakt\u0131r. Belediye ba\u015fkanlar\u0131m\u0131z da ara\u00e7 ve personelleriyle seferber haldeler. \u0130n\u015fallah en k\u0131sa s\u00fcrede bu yang\u0131nlar kontrol alt\u0131na al\u0131nacakt\u0131r.\u201d<\/p>\n","protected":false},"excerpt":{"rendered":"<p>Akdeniz Belediye Ba\u015fkan\u0131 M. Mustafa G\u00fcltak, d\u00fcnden beri orman yang\u0131nlar\u0131 ile m\u00fccadele eden Silifke il\u00e7esine ba\u011fl\u0131 Ye\u015filovac\u0131k Mahallesi ile Ayd\u0131nc\u0131k il\u00e7esinde incelemelerde bulunarak yetkililer ve vatanda\u015flarla g\u00f6r\u00fc\u015ft\u00fc. Akdeniz Belediye Ba\u015fkan\u0131 &hellip; <a href=\"https:\/\/akdenizolaygazetesi.com\/?p=13506\" class=\"more-link\">Devam\u0131n\u0131 Oku&#8230;<\/a><\/p>\n","protected":false},"author":2,"featured_media":13507,"comment_status":"open","ping_status":"open","sticky":false,"template":"","format":"standard","meta":[],"categories":[1,2,3,5],"tags":[],"_links":{"self":[{"href":"https:\/\/akdenizolaygazetesi.com\/index.php?rest_route=\/wp\/v2\/posts\/13506"}],"collection":[{"href":"https:\/\/akdenizolaygazetesi.com\/index.php?rest_route=\/wp\/v2\/posts"}],"about":[{"href":"https:\/\/akdenizolaygazetesi.com\/index.php?rest_route=\/wp\/v2\/types\/post"}],"author":[{"embeddable":true,"href":"https:\/\/akdenizolaygazetesi.com\/index.php?rest_route=\/wp\/v2\/users\/2"}],"replies":[{"embeddable":true,"href":"https:\/\/akdenizolaygazetesi.com\/index.php?rest_route=%2Fwp%2Fv2%2Fcomments&post=13506"}],"version-history":[{"count":1,"href":"https:\/\/akdenizolaygazetesi.com\/index.php?rest_route=\/wp\/v2\/posts\/13506\/revisions"}],"predecessor-version":[{"id":13508,"href":"https:\/\/akdenizolaygazetesi.com\/index.php?rest_route=\/wp\/v2\/posts\/13506\/revisions\/13508"}],"wp:featuredmedia":[{"embeddable":true,"href":"https:\/\/akdenizolaygazetesi.com\/index.php?rest_route=\/wp\/v2\/media\/13507"}],"wp:attachment":[{"href":"https:\/\/akdenizolaygazetesi.com\/index.php?rest_route=%2Fwp%2Fv2%2Fmedia&parent=13506"}],"wp:term":[{"taxonomy":"category","embeddable":true,"href":"https:\/\/akdenizolaygazetesi.com\/index.php?rest_route=%2Fwp%2Fv2%2Fcategories&post=13506"},{"taxonomy":"post_tag","embeddable":true,"href":"https:\/\/akdenizolaygazetesi.com\/index.php?rest_route=%2Fwp%2Fv2%2Ftags&post=13506"}],"curies":[{"name":"wp","href":"https:\/\/api.w.org\/{rel}","templated":true}]}}