{"id":13509,"date":"2021-08-01T09:28:11","date_gmt":"2021-08-01T06:28:11","guid":{"rendered":"http:\/\/akdenizolaygazetesi.com\/?p=13509"},"modified":"2021-08-01T09:28:11","modified_gmt":"2021-08-01T06:28:11","slug":"tum-imkanlarimizla-hemsehrilerimizin-yanindayiz","status":"publish","type":"post","link":"https:\/\/akdenizolaygazetesi.com\/?p=13509","title":{"rendered":"\u201cT\u00fcm \u0130mkanlar\u0131m\u0131zla Hem\u015fehrilerimizin Yan\u0131nday\u0131z\u201d"},"content":{"rendered":"<p>Toroslar Belediye Ba\u015fkan\u0131 Ats\u0131z Af\u015f\u0131n Y\u0131lmaz, orman yang\u0131n\u0131n\u0131n devam etti\u011fi Silifke ve Ayd\u0131nc\u0131k il\u00e7elerini ziyaret etti.<\/p>\n<p>Burada, yetkililer ve belediye ba\u015fkanlar\u0131yla g\u00f6r\u00fc\u015ferek bilgiler alan Ba\u015fkan Y\u0131lmaz, yang\u0131n b\u00f6lgelerinde inceleme yapmak \u00fczere Mersin&#8217;e gelen \u0130\u00e7i\u015fleri Bakan Yard\u0131mc\u0131s\u0131 Muhterem \u0130nce&#8217;yi, Mersin Valisi Ali \u0130hsan Su, il\u00e7e protokol\u00fc, askeri erkan ve g\u00fcvenlik g\u00fc\u00e7leriyle birlikte kar\u015f\u0131lad\u0131.<\/p>\n<p>\u201cT\u00fcm \u0130mkanlar\u0131m\u0131zla Hem\u015fehrilerimizin Yan\u0131nday\u0131z\u201d<\/p>\n<p>Toroslar Belediyesi olarak t\u00fcm imkanlar\u0131yla yang\u0131ndan etkilenen vatanda\u015flar\u0131n ve yang\u0131n s\u00f6nd\u00fcrmede canla ba\u015fla \u00e7al\u0131\u015fan g\u00f6revlilerin yan\u0131nda olduklar\u0131n\u0131 ve destek verdiklerini belirten Ba\u015fkan Y\u0131lmaz; \u201cAyd\u0131nc\u0131k ve Silifke il\u00e7elerimizde devam eden yang\u0131nlar\u0131n bir an \u00f6nce s\u00f6nd\u00fcr\u00fclmelerini temenni ediyoruz. T\u00fcm hem\u015fehrilerimize ge\u00e7mi\u015f olsun\u201d dedi.<\/p>\n<p>Ba\u015fkan Y\u0131lmaz, aras\u00f6z ve i\u015f makinelerini de b\u00f6lgeye y\u00f6nlendirdiklerini kaydederek; \u201c\u00dclkemiz ve kentimiz a\u00e7\u0131s\u0131ndan son derece \u00fcz\u00fcc\u00fc bir s\u00fcre\u00e7 ya\u015f\u0131yoruz. Yang\u0131n, Ayd\u0131nc\u0131k ve Silifke il\u00e7elerimizde devam ediyor. B\u00fcy\u00fck oranda kontrol alt\u0131na al\u0131nm\u0131\u015f olsa da tamamen bitmi\u015f de\u011fil. Devletimiz, t\u00fcm kurumlar\u0131 ve imkanlar\u0131yla seferber olmu\u015f durumda. Bakan Yard\u0131mc\u0131m\u0131z Say\u0131n Muhterem \u0130nce&#8217;yi a\u011f\u0131rlad\u0131k. Toroslar Belediyesi olarak biz de destek olmak amac\u0131yla yang\u0131n b\u00f6lgesine geldik. Yang\u0131n s\u00f6nd\u00fcrmek i\u00e7in gerekli alet, edevat ve i\u015f makinelerimizi getirdik. \u0130htiyaca g\u00f6re deste\u011fimizi devam ettirece\u011fiz. T\u00fcm hem\u015fehrilerimize ge\u00e7mi\u015f olsun dileklerimizi iletiyorum. \u00c7al\u0131\u015fmalar 24 saat devam ediyor. Belediye ba\u015fkan\u0131 arkada\u015flar\u0131m\u0131z, g\u00f6revliler ve g\u00f6n\u00fcll\u00fcler gece g\u00fcnd\u00fcz demeden canla ba\u015fla \u00e7al\u0131\u015f\u0131yorlar. Ellerine, y\u00fcreklerine sa\u011fl\u0131k. Toroslar il\u00e7emizde de \u00e7ok geni\u015f orman ve piknik alanlar\u0131m\u0131z var. Bu alanlar\u0131 hep birlikte korumam\u0131z gerekiyor. Zab\u0131ta ekibimiz ve t\u00fcm personelimizle teyakkuz halindeyiz. Bu alanlar\u0131m\u0131zda kontrollerimiz devam ediyor. Hem\u015fehrilerimizden de kurakl\u0131\u011f\u0131n yo\u011fun oldu\u011fu bu s\u00fcre\u00e7te azami \u00f6l\u00e7\u00fcde dikkatli olmalar\u0131n\u0131 ve ate\u015f yakmamalar\u0131n\u0131 istiyoruz. K\u00f6ylerimize giren, \u00e7\u0131kanlara da dikkat etmemiz laz\u0131m. Bu konuda hem\u015fehrilerimizin deste\u011fini bekliyoruz\u201d diye konu\u015ftu. <\/p>\n","protected":false},"excerpt":{"rendered":"<p>Toroslar Belediye Ba\u015fkan\u0131 Ats\u0131z Af\u015f\u0131n Y\u0131lmaz, orman yang\u0131n\u0131n\u0131n devam etti\u011fi Silifke ve Ayd\u0131nc\u0131k il\u00e7elerini ziyaret etti. Burada, yetkililer ve belediye ba\u015fkanlar\u0131yla g\u00f6r\u00fc\u015ferek bilgiler alan Ba\u015fkan Y\u0131lmaz, yang\u0131n b\u00f6lgelerinde inceleme yapmak &hellip; <a href=\"https:\/\/akdenizolaygazetesi.com\/?p=13509\" class=\"more-link\">Devam\u0131n\u0131 Oku&#8230;<\/a><\/p>\n","protected":false},"author":2,"featured_media":13510,"comment_status":"open","ping_status":"open","sticky":false,"template":"","format":"standard","meta":[],"categories":[34,1,2,3,5],"tags":[],"_links":{"self":[{"href":"https:\/\/akdenizolaygazetesi.com\/index.php?rest_route=\/wp\/v2\/posts\/13509"}],"collection":[{"href":"https:\/\/akdenizolaygazetesi.com\/index.php?rest_route=\/wp\/v2\/posts"}],"about":[{"href":"https:\/\/akdenizolaygazetesi.com\/index.php?rest_route=\/wp\/v2\/types\/post"}],"author":[{"embeddable":true,"href":"https:\/\/akdenizolaygazetesi.com\/index.php?rest_route=\/wp\/v2\/users\/2"}],"replies":[{"embeddable":true,"href":"https:\/\/akdenizolaygazetesi.com\/index.php?rest_route=%2Fwp%2Fv2%2Fcomments&post=13509"}],"version-history":[{"count":1,"href":"https:\/\/akdenizolaygazetesi.com\/index.php?rest_route=\/wp\/v2\/posts\/13509\/revisions"}],"predecessor-version":[{"id":13511,"href":"https:\/\/akdenizolaygazetesi.com\/index.php?rest_route=\/wp\/v2\/posts\/13509\/revisions\/13511"}],"wp:featuredmedia":[{"embeddable":true,"href":"https:\/\/akdenizolaygazetesi.com\/index.php?rest_route=\/wp\/v2\/media\/13510"}],"wp:attachment":[{"href":"https:\/\/akdenizolaygazetesi.com\/index.php?rest_route=%2Fwp%2Fv2%2Fmedia&parent=13509"}],"wp:term":[{"taxonomy":"category","embeddable":true,"href":"https:\/\/akdenizolaygazetesi.com\/index.php?rest_route=%2Fwp%2Fv2%2Fcategories&post=13509"},{"taxonomy":"post_tag","embeddable":true,"href":"https:\/\/akdenizolaygazetesi.com\/index.php?rest_route=%2Fwp%2Fv2%2Ftags&post=13509"}],"curies":[{"name":"wp","href":"https:\/\/api.w.org\/{rel}","templated":true}]}}