{"id":1351,"date":"2020-11-04T18:21:55","date_gmt":"2020-11-04T15:21:55","guid":{"rendered":"http:\/\/mersinekonomipolitikagazetesi.com\/?p=1351"},"modified":"2020-11-04T18:21:55","modified_gmt":"2020-11-04T15:21:55","slug":"mersinde-ramazan-etkinlikleri-basladi","status":"publish","type":"post","link":"https:\/\/akdenizolaygazetesi.com\/?p=1351","title":{"rendered":"Mersin&#8217;de Ramazan etkinlikleri ba\u015flad\u0131"},"content":{"rendered":"<p>Mersin B\u00fcy\u00fck\u015fehir Belediyesi taraf\u0131ndan vatanda\u015flara Ramazan ay\u0131n\u0131n manevi havas\u0131n\u0131 ya\u015fatmak i\u00e7in d\u00fczenlenen ve birbirinden farkl\u0131 aktivitelerin yer ald\u0131\u011f\u0131 Ramazan etkinliklerinin d\u00f6rd\u00fcnc\u00fcs\u00fc, Ulu Cami Meydan\u0131nda ilk iftar\u0131n a\u00e7\u0131lmas\u0131yla ba\u015flad\u0131.<\/p>\n<p>Ulu Cami Meydan\u0131na kurulan binlerce ki\u015filik iftar sofras\u0131 ile vatanda\u015flara onbir ay\u0131n sultan\u0131 Ramazan\u2019\u0131n duygusunu ya\u015fatan B\u00fcy\u00fck\u015fehir Belediyesi, d\u00fczenledi\u011fi etkinliklerle de Mersinlilerin Ramazan co\u015fkusunu ya\u015famas\u0131n\u0131 sa\u011flad\u0131. Etkinlikler kapsam\u0131nda Mersinli vatanda\u015flar \u0130ftara Do\u011fru Saz Eserleri ekibi ve Mehmet Beyaz\u0131t\u2019\u0131n seslendirdikleri tasavvufi \u015fiirler ve Kuran-\u0131 Kerim tilaveti ile iftar\u0131n\u0131 yapt\u0131.<br \/>\nFeshane Evleri Mersinlileri bekliyor<br \/>\nRamazan ay\u0131 boyunca s\u00fcrecek olan etkinliklerin ilk g\u00fcn\u00fcnde Mersinliler, iftardan sahura kadar farkl\u0131 etkinliklerle dolu dolu bir ak\u015fam ya\u015fad\u0131. Feshane evlerinde \u00e7ocuklar i\u00e7in olu\u015fturulan oyun alanlar\u0131nda minikler doyas\u0131ya e\u011flenirken, amfi tiyatroda Kocaeli Tiyatro \u0130z Grubu taraf\u0131ndan sahnelenen Karag\u00f6z ve Hacivat Muhaveresi b\u00fcy\u00fck ilgi g\u00f6rd\u00fc. Program boyunca vatanda\u015flara Osmanl\u0131 macunu da\u011f\u0131t\u0131m\u0131 da ger\u00e7ekle\u015ftirildi.<br \/>\nZara Mersinlileri B\u00fcy\u00fcledi<br \/>\n4. Ramazan etkinliklerinin ilk g\u00fcn\u00fcnde T\u00fcrk Halk M\u00fczi\u011fi&#8217;nin g\u00fc\u00e7l\u00fc sesi Zara, Mersinlilere unutulmaz bir gece ya\u015fatt\u0131. \u00dcnl\u00fc sanat\u00e7\u0131y\u0131 dinleyenler aras\u0131nda Mersin B\u00fcy\u00fck\u015fehir Belediye Ba\u015fkan\u0131 Burhanettin Kocamaz da yer ald\u0131. Konser sonras\u0131 sanat\u00e7\u0131ya \u00e7i\u00e7ek takdim eden Ba\u015fkan Kocamaz, \u201cHerkesin Ramazan\u2019\u0131n\u0131 tebrik ediyorum. Memleketimize bar\u0131\u015f, huzur ve karde\u015flik getirsin, akan kanlar dursun, art\u0131k \u015fahadet haberleri gelmesin, birlik ve berberli\u011fimize vesile olsun diyorum\u201d dedi.<br \/>\nMersin\u2019de olmaktan duydu\u011fu mutlulu\u011fu dile getiren Zara da, \u201cBizleri bu muhte\u015fem halkla bulu\u015fturdu\u011funuz i\u00e7in ve Ramazan\u2019\u0131n b\u00f6yle \u015fen ve bereketli ge\u00e7mesine vesile oldu\u011funuz i\u00e7in \u00e7ok te\u015fekk\u00fcr ediyoruz\u201d diye konu\u015ftu.<\/p>\n","protected":false},"excerpt":{"rendered":"<p>Mersin B\u00fcy\u00fck\u015fehir Belediyesi taraf\u0131ndan vatanda\u015flara Ramazan ay\u0131n\u0131n manevi havas\u0131n\u0131 ya\u015fatmak i\u00e7in d\u00fczenlenen ve birbirinden farkl\u0131 aktivitelerin yer ald\u0131\u011f\u0131 Ramazan etkinliklerinin d\u00f6rd\u00fcnc\u00fcs\u00fc, Ulu Cami Meydan\u0131nda ilk iftar\u0131n a\u00e7\u0131lmas\u0131yla ba\u015flad\u0131. Ulu Cami &hellip; <a href=\"https:\/\/akdenizolaygazetesi.com\/?p=1351\" class=\"more-link\">Devam\u0131n\u0131 Oku&#8230;<\/a><\/p>\n","protected":false},"author":1,"featured_media":0,"comment_status":"open","ping_status":"open","sticky":false,"template":"","format":"standard","meta":[],"categories":[],"tags":[],"_links":{"self":[{"href":"https:\/\/akdenizolaygazetesi.com\/index.php?rest_route=\/wp\/v2\/posts\/1351"}],"collection":[{"href":"https:\/\/akdenizolaygazetesi.com\/index.php?rest_route=\/wp\/v2\/posts"}],"about":[{"href":"https:\/\/akdenizolaygazetesi.com\/index.php?rest_route=\/wp\/v2\/types\/post"}],"author":[{"embeddable":true,"href":"https:\/\/akdenizolaygazetesi.com\/index.php?rest_route=\/wp\/v2\/users\/1"}],"replies":[{"embeddable":true,"href":"https:\/\/akdenizolaygazetesi.com\/index.php?rest_route=%2Fwp%2Fv2%2Fcomments&post=1351"}],"version-history":[{"count":0,"href":"https:\/\/akdenizolaygazetesi.com\/index.php?rest_route=\/wp\/v2\/posts\/1351\/revisions"}],"wp:attachment":[{"href":"https:\/\/akdenizolaygazetesi.com\/index.php?rest_route=%2Fwp%2Fv2%2Fmedia&parent=1351"}],"wp:term":[{"taxonomy":"category","embeddable":true,"href":"https:\/\/akdenizolaygazetesi.com\/index.php?rest_route=%2Fwp%2Fv2%2Fcategories&post=1351"},{"taxonomy":"post_tag","embeddable":true,"href":"https:\/\/akdenizolaygazetesi.com\/index.php?rest_route=%2Fwp%2Fv2%2Ftags&post=1351"}],"curies":[{"name":"wp","href":"https:\/\/api.w.org\/{rel}","templated":true}]}}