{"id":13513,"date":"2021-08-01T09:30:14","date_gmt":"2021-08-01T06:30:14","guid":{"rendered":"http:\/\/akdenizolaygazetesi.com\/?p=13513"},"modified":"2021-08-01T09:30:14","modified_gmt":"2021-08-01T06:30:14","slug":"toroslar-belediyesinden-yangin-bolgesine-yardim-tiri-ve-ekipman-destegi","status":"publish","type":"post","link":"https:\/\/akdenizolaygazetesi.com\/?p=13513","title":{"rendered":"TOROSLAR BELED\u0130YES\u0130&#8217;NDEN YANGIN B\u00d6LGES\u0130NE YARDIM TIRI VE EK\u0130PMAN DESTE\u011e\u0130"},"content":{"rendered":"<p>Toroslar Belediyesi, orman yang\u0131n\u0131n devam etti\u011fi Silifke ve Ayd\u0131nc\u0131k il\u00e7elerine ekipman deste\u011fi ve yard\u0131m t\u0131rlar\u0131n\u0131 g\u00f6nderdi.<\/p>\n<p>Toroslar Belediye Ba\u015fkan\u0131 Ats\u0131z Af\u015f\u0131n Y\u0131lmaz, hem yang\u0131n\u0131n kontrol alt\u0131na al\u0131nmas\u0131 hem de yang\u0131ndan zarar g\u00f6ren vatanda\u015flar\u0131n yaralar\u0131n\u0131n sar\u0131lmas\u0131 i\u00e7in seferber olduklar\u0131n\u0131 s\u00f6yledi.<\/p>\n<p>\u0130\u00e7erisinde su, kumanya, ayran, battaniye, yast\u0131k, yorgan, k\u0131yafet, semaver, eldiven ve maske gibi g\u0131da, giyim ve hijyen maddelerinin bulundu\u011fu malzemelerin yan\u0131 s\u0131ra, belediye makine ve ara\u00e7 filosunda yer alan ayd\u0131nlatma malzemeleri, 2 jenerat\u00f6r, 2 araz\u00f6z, 2 kep\u00e7e, 2 kamyon, baret, yang\u0131ndan koruyucu \u00e7izme ve so\u011futma t\u0131rm\u0131klar\u0131n\u0131n da yer ald\u0131\u011f\u0131 alet edevat ve i\u015f makineleri de yang\u0131nlar\u0131 s\u00f6nd\u00fcrmek i\u00e7in var g\u00fcc\u00fcyle \u00e7al\u0131\u015fan g\u00f6revlilere ve yang\u0131ndan etkilenen vatanda\u015flara ula\u015ft\u0131r\u0131ld\u0131.<\/p>\n<p>Ba\u015fkan Y\u0131lmaz; &#8220;Temennimiz, Yang\u0131nlar\u0131n Bir An \u00d6nce Kontrol Alt\u0131na Al\u0131nmas\u0131&#8221;<\/p>\n<p>Toroslar Belediye Ba\u015fkan\u0131 Ats\u0131z Af\u015f\u0131n Y\u0131lmaz, \u00fclkenin d\u00f6rt bir yan\u0131nda e\u015f zamanl\u0131 olarak \u00e7\u0131kan orman yang\u0131nlar\u0131ndan dolay\u0131 b\u00fcy\u00fck bir \u00fcz\u00fcnt\u00fc ya\u015fad\u0131klar\u0131n\u0131 belirterek; &#8220;Ci\u011ferimiz yan\u0131yor. Silifke ve Ayd\u0131nc\u0131k il\u00e7elerimizde de devam eden bu yang\u0131nlar\u0131n bir an \u00f6nce kontrol alt\u0131na al\u0131nmas\u0131n\u0131 temenni ediyorum&#8221; dedi.<\/p>\n<p>Ba\u015fkan Y\u0131lmaz; &#8220;Yang\u0131n\u0131 s\u00f6nd\u00fcrme \u00e7al\u0131\u015fmalar\u0131nda cansiperane g\u00f6rev alan herkese Allah&#8217;tan kolayl\u0131klar diliyor, yang\u0131ndan zarar g\u00f6ren hem\u015fehrilerimize de ge\u00e7mi\u015f olsun dileklerimi iletiyorum. Ya\u015fam\u0131n\u0131 yitiren t\u00fcm canlar\u0131n \u00fcz\u00fcnt\u00fcs\u00fcn\u00fc ya\u015f\u0131yoruz. Akl\u0131m\u0131z ormanlar\u0131m\u0131zda. Yaralar\u0131n bir an \u00f6nce sar\u0131lmas\u0131 i\u00e7in Toroslar Belediyesi olarak personelimiz ve ekipmanlar\u0131m\u0131zla yang\u0131n b\u00f6lgesindeyiz&#8221; diye konu\u015ftu.<\/p>\n","protected":false},"excerpt":{"rendered":"<p>Toroslar Belediyesi, orman yang\u0131n\u0131n devam etti\u011fi Silifke ve Ayd\u0131nc\u0131k il\u00e7elerine ekipman deste\u011fi ve yard\u0131m t\u0131rlar\u0131n\u0131 g\u00f6nderdi. Toroslar Belediye Ba\u015fkan\u0131 Ats\u0131z Af\u015f\u0131n Y\u0131lmaz, hem yang\u0131n\u0131n kontrol alt\u0131na al\u0131nmas\u0131 hem de yang\u0131ndan &hellip; <a href=\"https:\/\/akdenizolaygazetesi.com\/?p=13513\" class=\"more-link\">Devam\u0131n\u0131 Oku&#8230;<\/a><\/p>\n","protected":false},"author":2,"featured_media":13514,"comment_status":"open","ping_status":"open","sticky":false,"template":"","format":"standard","meta":[],"categories":[2,3,5],"tags":[],"_links":{"self":[{"href":"https:\/\/akdenizolaygazetesi.com\/index.php?rest_route=\/wp\/v2\/posts\/13513"}],"collection":[{"href":"https:\/\/akdenizolaygazetesi.com\/index.php?rest_route=\/wp\/v2\/posts"}],"about":[{"href":"https:\/\/akdenizolaygazetesi.com\/index.php?rest_route=\/wp\/v2\/types\/post"}],"author":[{"embeddable":true,"href":"https:\/\/akdenizolaygazetesi.com\/index.php?rest_route=\/wp\/v2\/users\/2"}],"replies":[{"embeddable":true,"href":"https:\/\/akdenizolaygazetesi.com\/index.php?rest_route=%2Fwp%2Fv2%2Fcomments&post=13513"}],"version-history":[{"count":1,"href":"https:\/\/akdenizolaygazetesi.com\/index.php?rest_route=\/wp\/v2\/posts\/13513\/revisions"}],"predecessor-version":[{"id":13515,"href":"https:\/\/akdenizolaygazetesi.com\/index.php?rest_route=\/wp\/v2\/posts\/13513\/revisions\/13515"}],"wp:featuredmedia":[{"embeddable":true,"href":"https:\/\/akdenizolaygazetesi.com\/index.php?rest_route=\/wp\/v2\/media\/13514"}],"wp:attachment":[{"href":"https:\/\/akdenizolaygazetesi.com\/index.php?rest_route=%2Fwp%2Fv2%2Fmedia&parent=13513"}],"wp:term":[{"taxonomy":"category","embeddable":true,"href":"https:\/\/akdenizolaygazetesi.com\/index.php?rest_route=%2Fwp%2Fv2%2Fcategories&post=13513"},{"taxonomy":"post_tag","embeddable":true,"href":"https:\/\/akdenizolaygazetesi.com\/index.php?rest_route=%2Fwp%2Fv2%2Ftags&post=13513"}],"curies":[{"name":"wp","href":"https:\/\/api.w.org\/{rel}","templated":true}]}}