{"id":13516,"date":"2021-08-01T09:32:06","date_gmt":"2021-08-01T06:32:06","guid":{"rendered":"http:\/\/akdenizolaygazetesi.com\/?p=13516"},"modified":"2021-08-01T09:32:06","modified_gmt":"2021-08-01T06:32:06","slug":"bayramda-evsel-kati-atik-miktari-%1189-artti","status":"publish","type":"post","link":"https:\/\/akdenizolaygazetesi.com\/?p=13516","title":{"rendered":"BAYRAMDA EVSEL KATI ATIK M\u0130KTARI %11,89 ARTTI"},"content":{"rendered":"<p>Mersin B\u00fcy\u00fck\u015fehir Belediyesi\u2019nin vah\u015fi depolama y\u00f6ntemine son vermek i\u00e7in 7 il\u00e7ede hizmet veren kat\u0131 at\u0131k aktarma istasyonlar\u0131, Kurban Bayram\u0131 boyunca tam zamanl\u0131 \u00e7al\u0131\u015ft\u0131. Kurban Bayram\u0131 ve yaz aylar\u0131 dolay\u0131s\u0131yla artan n\u00fcfusa ba\u011fl\u0131 olarak evsel kat\u0131 at\u0131k art\u0131\u015f\u0131n\u0131 g\u00f6z \u00f6n\u00fcnde bulunduran ekipler, at\u0131klar\u0131 k\u0131sa s\u00fcrede bertaraf tesisine ula\u015ft\u0131rmak i\u00e7in yo\u011fun mesai harcad\u0131.<\/p>\n<p>13 il\u00e7eden toplam 8 bin 658 ton evsel kat\u0131 at\u0131k bertaraf tesislerine ta\u015f\u0131nd\u0131<\/p>\n<p>Ekipler, Yeni\u015fehir, Toroslar, Erdemli, Tarsus, Anamur, \u00c7aml\u0131yayla ve G\u00fclnar\u2019da bulunan 7 kat\u0131 at\u0131k aktarma istasyonundan bayram boyunca toplam 8 bin 658 ton at\u0131k ta\u015f\u0131d\u0131. Kat\u0131 at\u0131k aktarma istasyonuna getirilen at\u0131klar B\u00fcy\u00fck\u015fehir Belediyesi\u2019nin Mersin merkez, Tarsus ve Silifke\u2019de bulunan kat\u0131 at\u0131k d\u00fczenli depolama tesislerine g\u00f6t\u00fcr\u00fcld\u00fc.<\/p>\n<p>Kurban Bayram\u0131\u2019nda at\u0131k miktar\u0131 %11,89 art\u0131\u015f g\u00f6sterdi<\/p>\n<p>Yaz aylar\u0131n\u0131n gelmesiyle artan n\u00fcfusun yan\u0131 s\u0131ra Kurban Bayram\u0131\u2019nda tatilci ak\u0131n\u0131na u\u011frayan Mersin\u2019de evsel nitelikli at\u0131klar\u0131n g\u00fcnl\u00fck ortalamas\u0131 da art\u0131\u015f g\u00f6sterdi. Bu durum at\u0131klar\u0131n d\u00fczenli depolama tesislerine ta\u015f\u0131nmas\u0131nda ek sefer ihtiyac\u0131n\u0131 da beraberinde getirdi. \u00c7evre temizli\u011fi konusunda hi\u00e7bir maliyet hesab\u0131 g\u00fctmeyen B\u00fcy\u00fck\u015fehir Belediyesi, d\u00fczenledi\u011fi ek seferlerle at\u0131klar\u0131n k\u0131sa s\u00fcrede ta\u015f\u0131nmas\u0131n\u0131 sa\u011flayarak, g\u00f6r\u00fcnt\u00fc, koku ve \u00e7evre kirlili\u011finin \u00f6n\u00fcne ge\u00e7ti.<\/p>\n<p>20-23 Temmuz\u2019u kapsayan Kurban Bayram\u0131\u2019nda ge\u00e7ti\u011fimiz ay\u0131n ayn\u0131 g\u00fcnlerine oranla g\u00fcnl\u00fck evsel kat\u0131 at\u0131k miktar\u0131 %11,89 art\u0131\u015f g\u00f6sterdi. Artan at\u0131k miktar\u0131, ta\u015f\u0131ma ve bertaraf maliyetlerini de 151 bin 741 lira art\u0131rd\u0131. \u00d6zellikle yaz turizmi nedeniyle yo\u011fun n\u00fcfus art\u0131\u015f\u0131 g\u00f6zlenen Anamur, Ayd\u0131nc\u0131k, Bozyaz\u0131, \u00c7aml\u0131yayla ve Erdemli g\u00fcnl\u00fck ortalama at\u0131k miktar\u0131n\u0131n en fazla artt\u0131\u011f\u0131 il\u00e7eler aras\u0131nda yer ald\u0131.<\/p>\n","protected":false},"excerpt":{"rendered":"<p>Mersin B\u00fcy\u00fck\u015fehir Belediyesi\u2019nin vah\u015fi depolama y\u00f6ntemine son vermek i\u00e7in 7 il\u00e7ede hizmet veren kat\u0131 at\u0131k aktarma istasyonlar\u0131, Kurban Bayram\u0131 boyunca tam zamanl\u0131 \u00e7al\u0131\u015ft\u0131. Kurban Bayram\u0131 ve yaz aylar\u0131 dolay\u0131s\u0131yla artan &hellip; <a href=\"https:\/\/akdenizolaygazetesi.com\/?p=13516\" class=\"more-link\">Devam\u0131n\u0131 Oku&#8230;<\/a><\/p>\n","protected":false},"author":2,"featured_media":13517,"comment_status":"open","ping_status":"open","sticky":false,"template":"","format":"standard","meta":[],"categories":[34,3,5],"tags":[],"_links":{"self":[{"href":"https:\/\/akdenizolaygazetesi.com\/index.php?rest_route=\/wp\/v2\/posts\/13516"}],"collection":[{"href":"https:\/\/akdenizolaygazetesi.com\/index.php?rest_route=\/wp\/v2\/posts"}],"about":[{"href":"https:\/\/akdenizolaygazetesi.com\/index.php?rest_route=\/wp\/v2\/types\/post"}],"author":[{"embeddable":true,"href":"https:\/\/akdenizolaygazetesi.com\/index.php?rest_route=\/wp\/v2\/users\/2"}],"replies":[{"embeddable":true,"href":"https:\/\/akdenizolaygazetesi.com\/index.php?rest_route=%2Fwp%2Fv2%2Fcomments&post=13516"}],"version-history":[{"count":1,"href":"https:\/\/akdenizolaygazetesi.com\/index.php?rest_route=\/wp\/v2\/posts\/13516\/revisions"}],"predecessor-version":[{"id":13518,"href":"https:\/\/akdenizolaygazetesi.com\/index.php?rest_route=\/wp\/v2\/posts\/13516\/revisions\/13518"}],"wp:featuredmedia":[{"embeddable":true,"href":"https:\/\/akdenizolaygazetesi.com\/index.php?rest_route=\/wp\/v2\/media\/13517"}],"wp:attachment":[{"href":"https:\/\/akdenizolaygazetesi.com\/index.php?rest_route=%2Fwp%2Fv2%2Fmedia&parent=13516"}],"wp:term":[{"taxonomy":"category","embeddable":true,"href":"https:\/\/akdenizolaygazetesi.com\/index.php?rest_route=%2Fwp%2Fv2%2Fcategories&post=13516"},{"taxonomy":"post_tag","embeddable":true,"href":"https:\/\/akdenizolaygazetesi.com\/index.php?rest_route=%2Fwp%2Fv2%2Ftags&post=13516"}],"curies":[{"name":"wp","href":"https:\/\/api.w.org\/{rel}","templated":true}]}}