{"id":1352,"date":"2020-11-04T18:21:55","date_gmt":"2020-11-04T15:21:55","guid":{"rendered":"http:\/\/mersinekonomipolitikagazetesi.com\/?p=1352"},"modified":"2020-11-04T18:21:55","modified_gmt":"2020-11-04T15:21:55","slug":"baskan-tarhan-ramazan-ayinin-ilk-iftarinda-vatandaslarla-bulustu","status":"publish","type":"post","link":"https:\/\/akdenizolaygazetesi.com\/?p=1352","title":{"rendered":"Ba\u015fkan Tarhan Ramazan ay\u0131n\u0131n ilk iftar\u0131nda vatanda\u015flarla bulu\u015ftu"},"content":{"rendered":"<p>Mezitli Belediyesi taraf\u0131ndan Kuyuluk\u2019ta bulunan \u0130nci D\u00fc\u011f\u00fcn Salonundaki Ramazan Ay\u0131n\u0131n ilk iftar yeme\u011fine kat\u0131lan Mezitli Belediye Ba\u015fkan\u0131 Ne\u015fet Tarhan, vatanda\u015flarla birlikte iftar a\u00e7t\u0131.<br \/>\n\u0130ftar \u00f6ncesi vatanda\u015flarla birlikte sohbet eden Ba\u015fkan Tarhan, iftar saatinin yakla\u015fmas\u0131yla yemek kazanlar\u0131n\u0131n ba\u015f\u0131na ge\u00e7erek yemek da\u011f\u0131t\u0131m\u0131na yard\u0131mc\u0131 oldu. Daha sonra vatanda\u015flarla iftar kuyru\u011funa giren Ba\u015fkan Tarhan, iftar yeme\u011fini de birlikte yedi.<\/p>\n<p>Mahalle muhtarlar\u0131 ve birim m\u00fcd\u00fcrlerinin de haz\u0131r bulundu\u011fu iftar sonras\u0131 a\u00e7\u0131klama yapan Tarhan, &#8220;Manevi duygular\u0131n yo\u011funla\u015ft\u0131\u011f\u0131, insanlar aras\u0131nda karde\u015fli\u011fin peki\u015fti\u011fi, ho\u015fg\u00f6r\u00fc ve dayan\u0131\u015fman\u0131n en \u00fcst d\u00fczeye ula\u015ft\u0131\u011f\u0131 bir Ramazan ay\u0131na daha \u2018ho\u015f geldin\u2019 demenin mutlulu\u011funu ya\u015f\u0131yoruz. Bu g\u00fcnlerde akraba ve kom\u015fular\u0131m\u0131zla olan ili\u015fkilerimiz kuvvetlenir, birlik, karde\u015flik, yard\u0131mla\u015fma duygular\u0131m\u0131z artar. Mezitli ailesi olarak biz de ge\u00e7en y\u0131l oldu\u011fu gibi bu y\u0131l da ayn\u0131 sofray\u0131 birlikte payla\u015faca\u011f\u0131z. Birlik ve beraberli\u011fimizi devam ettirece\u011fiz. \u0130ftar sofram\u0131zdaki vatanda\u015flar\u0131m\u0131z\u0131n say\u0131s\u0131n\u0131n artmas\u0131, daha fazla vatanda\u015f\u0131m\u0131zla bir araya gelmek bizlere mutluluk verecek. Bu iftar sofram\u0131zda bizlere destek verip, iftar yeme\u011fini \u00fcstlenen ve ileriki g\u00fcnlerde \u00fcstlenecek t\u00fcm hay\u0131rsever vatanda\u015flar\u0131m\u0131za da te\u015fekk\u00fcr ediyorum&#8221; dedi.<br \/>\nBa\u015fkan Tarhan, Ramazan boyunca her hafta bir b\u00f6lgede olmak \u00fczere 3 iftar \u00e7ad\u0131r\u0131 olu\u015fturacaklar\u0131 bilgisini verdi.<\/p>\n","protected":false},"excerpt":{"rendered":"<p>Mezitli Belediyesi taraf\u0131ndan Kuyuluk\u2019ta bulunan \u0130nci D\u00fc\u011f\u00fcn Salonundaki Ramazan Ay\u0131n\u0131n ilk iftar yeme\u011fine kat\u0131lan Mezitli Belediye Ba\u015fkan\u0131 Ne\u015fet Tarhan, vatanda\u015flarla birlikte iftar a\u00e7t\u0131. \u0130ftar \u00f6ncesi vatanda\u015flarla birlikte sohbet eden Ba\u015fkan &hellip; <a href=\"https:\/\/akdenizolaygazetesi.com\/?p=1352\" class=\"more-link\">Devam\u0131n\u0131 Oku&#8230;<\/a><\/p>\n","protected":false},"author":1,"featured_media":0,"comment_status":"open","ping_status":"open","sticky":false,"template":"","format":"standard","meta":[],"categories":[],"tags":[],"_links":{"self":[{"href":"https:\/\/akdenizolaygazetesi.com\/index.php?rest_route=\/wp\/v2\/posts\/1352"}],"collection":[{"href":"https:\/\/akdenizolaygazetesi.com\/index.php?rest_route=\/wp\/v2\/posts"}],"about":[{"href":"https:\/\/akdenizolaygazetesi.com\/index.php?rest_route=\/wp\/v2\/types\/post"}],"author":[{"embeddable":true,"href":"https:\/\/akdenizolaygazetesi.com\/index.php?rest_route=\/wp\/v2\/users\/1"}],"replies":[{"embeddable":true,"href":"https:\/\/akdenizolaygazetesi.com\/index.php?rest_route=%2Fwp%2Fv2%2Fcomments&post=1352"}],"version-history":[{"count":0,"href":"https:\/\/akdenizolaygazetesi.com\/index.php?rest_route=\/wp\/v2\/posts\/1352\/revisions"}],"wp:attachment":[{"href":"https:\/\/akdenizolaygazetesi.com\/index.php?rest_route=%2Fwp%2Fv2%2Fmedia&parent=1352"}],"wp:term":[{"taxonomy":"category","embeddable":true,"href":"https:\/\/akdenizolaygazetesi.com\/index.php?rest_route=%2Fwp%2Fv2%2Fcategories&post=1352"},{"taxonomy":"post_tag","embeddable":true,"href":"https:\/\/akdenizolaygazetesi.com\/index.php?rest_route=%2Fwp%2Fv2%2Ftags&post=1352"}],"curies":[{"name":"wp","href":"https:\/\/api.w.org\/{rel}","templated":true}]}}