{"id":13522,"date":"2021-08-01T09:35:36","date_gmt":"2021-08-01T06:35:36","guid":{"rendered":"http:\/\/akdenizolaygazetesi.com\/?p=13522"},"modified":"2021-08-01T09:35:36","modified_gmt":"2021-08-01T06:35:36","slug":"grup-yollari-buyuksehirin-calismalariyla-ulasilabilir-hale-geliyor","status":"publish","type":"post","link":"https:\/\/akdenizolaygazetesi.com\/?p=13522","title":{"rendered":"GRUP YOLLARI, B\u00dcY\u00dcK\u015eEH\u0130R\u2019\u0130N \u00c7ALI\u015eMALARIYLA ULA\u015eILAB\u0130L\u0130R HALE GEL\u0130YOR"},"content":{"rendered":"<p>Mersin B\u00fcy\u00fck\u015fehir Belediyesi, kent merkezlerindeki caddelerde s\u00fcrd\u00fcrd\u00fc\u011f\u00fc yenileme ata\u011f\u0131na ba\u011fl\u0131 mahalle grup yollar\u0131nda da devam ediyor. Ekipler y\u0131llard\u0131r s\u0131k\u0131nt\u0131 yaratan olumsuzluklar\u0131 bir bir ortadan kald\u0131r\u0131yor.<\/p>\n<p>B\u00fcy\u00fck\u015fehir Belediyesi Yol Yap\u0131m Bak\u0131m ve Onar\u0131m Dairesi ekiplerinin Tarsus\u2019a ba\u011fl\u0131 ovada yer alan, tar\u0131msal \u00fcretim faaliyetlerinin de s\u0131kl\u0131kla yap\u0131ld\u0131\u011f\u0131 yerle\u015fim yerlerini birbirine ba\u011flayan grup yollar\u0131nda ger\u00e7ekle\u015ftirdi\u011fi \u00e7al\u0131\u015fmalar vatanda\u015flardan takdir topluyor. Ekipler, uzun y\u0131llard\u0131r \u015fikayetlere neden olan 10 kilometre uzunlu\u011fundaki Alifak\u0131-\u00c7a\u011fba\u015f\u0131-\u00c7i\u00e7ekli-Kara\u00e7er\u00e7ili ve Simithac\u0131l\u0131 grup yolunda yol yenileme \u00e7al\u0131\u015fmas\u0131 y\u00fcr\u00fct\u00fcyor.<\/p>\n<p>Sezon h\u0131zl\u0131 ba\u015flad\u0131, onlarca kilometre yol asfaltland\u0131<\/p>\n<p>Havan\u0131n \u0131s\u0131nmas\u0131yla birlikte k\u0131rsal mahalle yollar\u0131n\u0131 yenileme \u00e7al\u0131\u015fmalar\u0131na h\u0131z veren B\u00fcy\u00fck\u015fehir, Haziran ve Temmuz aylar\u0131 boyunca onlarca kilometrelik yol a\u011f\u0131nda \u00f6nce zemin \u0131slah ve yama \u00e7al\u0131\u015fmas\u0131, ard\u0131ndan 2. kat sathi kaplama asfalt i\u015flemini ger\u00e7ekle\u015ftiriyor.<\/p>\n<p>K\u0131sa s\u00fcre \u00f6nce Tarsus\u2019a ba\u011fl\u0131 ova b\u00f6lgesinde bulunan 22 kilometre uzunlu\u011fundaki Halita\u011fa-Akarsu-Kelahmet-Egemen grup yolunda sathi asfalt kaplama yapan B\u00fcy\u00fck\u015fehir ekipleri, ard\u0131ndan 23 kilometre uzunlu\u011fundaki Aliefendio\u011flu-Alia\u011fa ve Hasana\u011fa grup yolunda 2. kat sathi asfalt kaplama \u00e7al\u0131\u015fmas\u0131n\u0131 tamamlam\u0131\u015ft\u0131.<\/p>\n<p>Ekipler, Tarsus\u2019taki mesaisine uzun y\u0131llard\u0131r \u015fikayetlere neden olan 10 kilometre uzunlu\u011fundaki Alifak\u0131-\u00c7a\u011fba\u015f\u0131-\u00c7i\u00e7ekli-Kara\u00e7er\u00e7ili ve Simithac\u0131l\u0131 grup yolunda s\u00fcrd\u00fcrd\u00fc\u011f\u00fc yol yenileme \u00e7al\u0131\u015fmas\u0131yla devam ediyor. B\u00fcy\u00fck\u015fehir ekipleri ovada yer alan Alifak\u0131 Mahalle i\u00e7i ana yolunda 1000 metrelik, Ye\u015fil Mahalle ile Aliefendio\u011flu Mahallesi aras\u0131nda kalan 6 bin metrelik, Kelahmet Mahallesi ana yolunda 1800 metrelik ve k\u0131rsalda yer alan Sandal Mahallesi Anadolu yaylas\u0131 mevkiinde de 1900 metrelik yol \u00fczerinde kombi ara\u00e7lar vas\u0131tas\u0131yla sathi asfalt kaplama i\u015flemi ger\u00e7ekle\u015ftirdi.<\/p>\n<p>\u201cYolumuz bozuktu, \u015fimdi \u00e7ok g\u00fczel oldu\u201d<\/p>\n<p>Alifak\u0131 Mahallesi Muhtar\u0131 Ahmet Ya\u011f\u0131r, \u00e7al\u0131\u015fmalardan dolay\u0131 duyduklar\u0131 memnuniyeti dile getirerek, \u201c\u00c7ok memnunuz, b\u00fct\u00fcn k\u00f6y yollar\u0131 buradan ge\u00e7iyor. \u00c7ift\u00e7i kullan\u0131m yolu da, arazi yolu da. Kara\u00e7er\u00e7ili\u2019ye kadar, Simithac\u0131l\u0131\u2019ya kadar buradan ge\u00e7iyorlar. Yolumuz bozuktu, \u015fimdi \u00e7ok g\u00fczel oldu, \u00e7ok muazzam oldu. Bir g\u00fcn m\u00fccadele ettiler, ellerine kollar\u0131na sa\u011fl\u0131k. Vahap Ba\u015fkan\u0131m\u0131za Alifak\u0131 K\u00f6y\u00fc Muhtar\u0131 olarak te\u015fekk\u00fcr ediyorum, eme\u011fi ge\u00e7enlere de ellerine, kollar\u0131na sa\u011fl\u0131k diyorum\u201d dedi.  <\/p>\n","protected":false},"excerpt":{"rendered":"<p>Mersin B\u00fcy\u00fck\u015fehir Belediyesi, kent merkezlerindeki caddelerde s\u00fcrd\u00fcrd\u00fc\u011f\u00fc yenileme ata\u011f\u0131na ba\u011fl\u0131 mahalle grup yollar\u0131nda da devam ediyor. Ekipler y\u0131llard\u0131r s\u0131k\u0131nt\u0131 yaratan olumsuzluklar\u0131 bir bir ortadan kald\u0131r\u0131yor. B\u00fcy\u00fck\u015fehir Belediyesi Yol Yap\u0131m Bak\u0131m &hellip; <a href=\"https:\/\/akdenizolaygazetesi.com\/?p=13522\" class=\"more-link\">Devam\u0131n\u0131 Oku&#8230;<\/a><\/p>\n","protected":false},"author":2,"featured_media":13523,"comment_status":"open","ping_status":"open","sticky":false,"template":"","format":"standard","meta":[],"categories":[1,3,5],"tags":[],"_links":{"self":[{"href":"https:\/\/akdenizolaygazetesi.com\/index.php?rest_route=\/wp\/v2\/posts\/13522"}],"collection":[{"href":"https:\/\/akdenizolaygazetesi.com\/index.php?rest_route=\/wp\/v2\/posts"}],"about":[{"href":"https:\/\/akdenizolaygazetesi.com\/index.php?rest_route=\/wp\/v2\/types\/post"}],"author":[{"embeddable":true,"href":"https:\/\/akdenizolaygazetesi.com\/index.php?rest_route=\/wp\/v2\/users\/2"}],"replies":[{"embeddable":true,"href":"https:\/\/akdenizolaygazetesi.com\/index.php?rest_route=%2Fwp%2Fv2%2Fcomments&post=13522"}],"version-history":[{"count":1,"href":"https:\/\/akdenizolaygazetesi.com\/index.php?rest_route=\/wp\/v2\/posts\/13522\/revisions"}],"predecessor-version":[{"id":13524,"href":"https:\/\/akdenizolaygazetesi.com\/index.php?rest_route=\/wp\/v2\/posts\/13522\/revisions\/13524"}],"wp:featuredmedia":[{"embeddable":true,"href":"https:\/\/akdenizolaygazetesi.com\/index.php?rest_route=\/wp\/v2\/media\/13523"}],"wp:attachment":[{"href":"https:\/\/akdenizolaygazetesi.com\/index.php?rest_route=%2Fwp%2Fv2%2Fmedia&parent=13522"}],"wp:term":[{"taxonomy":"category","embeddable":true,"href":"https:\/\/akdenizolaygazetesi.com\/index.php?rest_route=%2Fwp%2Fv2%2Fcategories&post=13522"},{"taxonomy":"post_tag","embeddable":true,"href":"https:\/\/akdenizolaygazetesi.com\/index.php?rest_route=%2Fwp%2Fv2%2Ftags&post=13522"}],"curies":[{"name":"wp","href":"https:\/\/api.w.org\/{rel}","templated":true}]}}