{"id":13526,"date":"2021-08-03T11:12:52","date_gmt":"2021-08-03T08:12:52","guid":{"rendered":"http:\/\/akdenizolaygazetesi.com\/?p=13526"},"modified":"2021-08-03T11:13:35","modified_gmt":"2021-08-03T08:13:35","slug":"mutluluklari-gozlerine-yansidi","status":"publish","type":"post","link":"https:\/\/akdenizolaygazetesi.com\/?p=13526","title":{"rendered":"Mutluluklar\u0131 G\u00f6zlerine Yans\u0131d\u0131"},"content":{"rendered":"<p>Toroslar Belediyesi, \u00f6zel gereksinimli bireyler i\u00e7in yapt\u0131\u011f\u0131 \u00e7al\u0131\u015fmalarla g\u00f6n\u00fcllere dokunmaya devam ediyor.<\/p>\n<p>Toroslar Belediye Ba\u015fkan\u0131 Ats\u0131z Af\u015f\u0131n Y\u0131lmaz, engelli k\u0131z karde\u015flerin evlerine giden yolu kilit parke ile kaplatt\u0131rd\u0131. Ba\u015fkan Y\u0131lmaz; &#8220;Biz b\u00fcy\u00fck bir aileyiz. Onlar\u0131n mutlulu\u011fu, hepimizin mutlulu\u011fudur&#8221; dedi.<\/p>\n<p>Mersin&#8217;in Toroslar \u0130l\u00e7esine ba\u011fl\u0131 Buluklu Mahallesi&#8217;nde ya\u015fayan ve evlerine gidip gelmede zorluk \u00e7eken engelli 3 k\u0131z karde\u015fin yol talebini, Toroslar Belediye Ba\u015fkan\u0131 Ats\u0131z Af\u015f\u0131n Y\u0131lmaz an\u0131nda yerine getirdi.<\/p>\n<p>Erkek karde\u015fleri Dervi\u015f Kaya, muhtar arac\u0131l\u0131\u011f\u0131yla Belediye Ba\u015fkan\u0131 Ats\u0131z Af\u015f\u0131n Y\u0131lmaz&#8217;a ula\u015ft\u0131. Ya\u015flar\u0131 40 ile 50 aras\u0131nda olan zihinsel engelli Menek\u015fe, G\u00fczide ve \u015eefika karde\u015flerin evleri ile ana yol aras\u0131ndaki 200 metrekarelik ba\u011flant\u0131 yolu, belediye ekiplerince kilit parke ile kapland\u0131.<\/p>\n<p>Mutluluklar\u0131 G\u00f6zlerine Yans\u0131d\u0131<\/p>\n<p>Kaya ailesinin, g\u00fcndelik ya\u015famda kar\u015f\u0131la\u015ft\u0131\u011f\u0131 en b\u00fcy\u00fck sorunlardan birisi de evlerine ula\u015f\u0131m\u0131 sa\u011flayan yolun rampa ve stabilize yol olmas\u0131yd\u0131. Toroslar Belediye Ba\u015fkan\u0131 Ats\u0131z Af\u015f\u0131n Y\u0131lmaz&#8217;\u0131n talimat\u0131yla yol belediye ekiplerince kilit parke ile d\u00fczenlendi.<\/p>\n<p>Evlerine art\u0131k daha rahat ula\u015fan ve yollar\u0131 daha konforlu hale gelen engelli k\u0131z karde\u015flerin mutlulu\u011fu ise g\u00f6zlerine yans\u0131d\u0131.<\/p>\n<p>Muhtar Veli Dere; &#8220;K\u0131z Karde\u015fler, Evlerine Art\u0131k Rahatl\u0131kla Ula\u015fabiliyor&#8221;<\/p>\n<p>Buluklu Mahalle Muhtar\u0131 Veli Dere de Ba\u015fkan Y\u0131lmaz&#8217;a hizmetlerinden dolay\u0131 te\u015fekk\u00fcr ederek; &#8220;Mahallemizde ya\u015fayan zihinsel engelli 3 k\u0131z karde\u015f, evleri ile ana yol aras\u0131ndaki bozuk yol nedeniyle ma\u011fdur durumdayd\u0131lar.  Yollar\u0131 y\u0131llard\u0131r bozuktu ve malzemelerini \u00e7\u0131karmada zorluk \u00e7ekiyorlard\u0131. Ba\u015fkan\u0131m\u0131z Ats\u0131z Af\u015f\u0131n Y\u0131lmaz, sa\u011f olsun ekibini g\u00f6nderdi ve yolu yapt\u0131rd\u0131. K\u0131z karde\u015fler, evlerine art\u0131k rahatl\u0131kla inip \u00e7\u0131kabiliyorlar. Ba\u015fkan\u0131m\u0131za te\u015fekk\u00fcr ediyor, ba\u015far\u0131l\u0131 hizmetlerinin devam\u0131n\u0131 diliyorum&#8221; diye konu\u015ftu.<\/p>\n<p>&#8220;Ba\u015fkan\u0131m\u0131zdan Allah Raz\u0131 Olsun&#8221;<\/p>\n<p>&#8220;Yollar\u0131m\u0131z \u00e7ok g\u00fczel oldu&#8221; diyen mahalle sakinleri de Ba\u015fkan Y\u0131lmaz&#8217;a te\u015fekk\u00fcr ederek; &#8220;Yolumuz \u00e7ok k\u00f6t\u00fcyd\u00fc. Araban\u0131n yan\u0131 s\u0131ra y\u00fcr\u00fcyerek bile evlerimize ula\u015fam\u0131yorduk. \u015eimdi \u00e7ok g\u00fczel oldu. Ba\u015fkan\u0131m\u0131zdan Allah raz\u0131 olsun&#8221; ifadelerini kulland\u0131.<\/p>\n<p>Ba\u015fkan Y\u0131lmaz; &#8220;Engelli Bireylerimize Hassas Yakla\u015f\u0131yoruz&#8221;<\/p>\n<p>Toroslar Belediye Ba\u015fkan\u0131 Ats\u0131z Af\u015f\u0131n Y\u0131lmaz ise engelli bireylerin ve ailelerinin her zaman yanlar\u0131nda olduklar\u0131n\u0131 kaydederek; &#8220;Engelli bireylerin ya\u015fam kalitesini art\u0131rmak ve taleplerini kar\u015f\u0131lamak ad\u0131na hassas yakla\u015f\u0131yoruz. Onlar\u0131n ya\u015fad\u0131\u011f\u0131 zorluklar\u0131 biliyor ve \u00e7\u00f6z\u00fcm i\u00e7in gayret ediyoruz&#8221; dedi.<\/p>\n<p>Ba\u015fkan Y\u0131lmaz, yolun Kaya ailesi ve mahalle sakinleri i\u00e7in hay\u0131rl\u0131 olmas\u0131n\u0131 dileyerek; &#8220;Bir taraftan Toroslar&#8217;a en g\u00fczel hizmeti sunarken bir taraftan da hem\u015fehrilerimizin g\u00f6nl\u00fcne dokunacak hizmetlerimizi s\u00fcrd\u00fcr\u00fcyoruz. Buluklu Mahallemizde engelli 3 k\u0131z karde\u015fin ya\u015fad\u0131\u011f\u0131 evlerine giden yol stabilize bir haldeydi. Ailemizin talebini an\u0131nda yerine getirdik. Yolu d\u00fczenleyerek kilit parke ile kaplad\u0131k. Amac\u0131m\u0131z engelsiz bir ya\u015fam i\u00e7in onlara destek olmak&#8221; \u015feklinde konu\u015ftu<\/p>\n","protected":false},"excerpt":{"rendered":"<p>Toroslar Belediyesi, \u00f6zel gereksinimli bireyler i\u00e7in yapt\u0131\u011f\u0131 \u00e7al\u0131\u015fmalarla g\u00f6n\u00fcllere dokunmaya devam ediyor. Toroslar Belediye Ba\u015fkan\u0131 Ats\u0131z Af\u015f\u0131n Y\u0131lmaz, engelli k\u0131z karde\u015flerin evlerine giden yolu kilit parke ile kaplatt\u0131rd\u0131. Ba\u015fkan Y\u0131lmaz; &hellip; <a href=\"https:\/\/akdenizolaygazetesi.com\/?p=13526\" class=\"more-link\">Devam\u0131n\u0131 Oku&#8230;<\/a><\/p>\n","protected":false},"author":2,"featured_media":13527,"comment_status":"open","ping_status":"open","sticky":false,"template":"","format":"standard","meta":[],"categories":[2,3,5],"tags":[],"_links":{"self":[{"href":"https:\/\/akdenizolaygazetesi.com\/index.php?rest_route=\/wp\/v2\/posts\/13526"}],"collection":[{"href":"https:\/\/akdenizolaygazetesi.com\/index.php?rest_route=\/wp\/v2\/posts"}],"about":[{"href":"https:\/\/akdenizolaygazetesi.com\/index.php?rest_route=\/wp\/v2\/types\/post"}],"author":[{"embeddable":true,"href":"https:\/\/akdenizolaygazetesi.com\/index.php?rest_route=\/wp\/v2\/users\/2"}],"replies":[{"embeddable":true,"href":"https:\/\/akdenizolaygazetesi.com\/index.php?rest_route=%2Fwp%2Fv2%2Fcomments&post=13526"}],"version-history":[{"count":2,"href":"https:\/\/akdenizolaygazetesi.com\/index.php?rest_route=\/wp\/v2\/posts\/13526\/revisions"}],"predecessor-version":[{"id":13529,"href":"https:\/\/akdenizolaygazetesi.com\/index.php?rest_route=\/wp\/v2\/posts\/13526\/revisions\/13529"}],"wp:featuredmedia":[{"embeddable":true,"href":"https:\/\/akdenizolaygazetesi.com\/index.php?rest_route=\/wp\/v2\/media\/13527"}],"wp:attachment":[{"href":"https:\/\/akdenizolaygazetesi.com\/index.php?rest_route=%2Fwp%2Fv2%2Fmedia&parent=13526"}],"wp:term":[{"taxonomy":"category","embeddable":true,"href":"https:\/\/akdenizolaygazetesi.com\/index.php?rest_route=%2Fwp%2Fv2%2Fcategories&post=13526"},{"taxonomy":"post_tag","embeddable":true,"href":"https:\/\/akdenizolaygazetesi.com\/index.php?rest_route=%2Fwp%2Fv2%2Ftags&post=13526"}],"curies":[{"name":"wp","href":"https:\/\/api.w.org\/{rel}","templated":true}]}}