{"id":1354,"date":"2020-11-04T18:21:55","date_gmt":"2020-11-04T15:21:55","guid":{"rendered":"http:\/\/mersinekonomipolitikagazetesi.com\/?p=1354"},"modified":"2020-11-04T18:21:55","modified_gmt":"2020-11-04T15:21:55","slug":"akdeniz-120-bin-cicekle-renklenecek","status":"publish","type":"post","link":"https:\/\/akdenizolaygazetesi.com\/?p=1354","title":{"rendered":"Akdeniz, 120 bin \u00e7i\u00e7ekle renklenecek"},"content":{"rendered":"<p>Mersin\u2019in merkez il\u00e7e Akdeniz Belediyesi, kendi fidanl\u0131\u011f\u0131nda \u00fcretti\u011fi 120 bin adet mevsimlik \u00e7i\u00e7ekle il\u00e7enin d\u00f6rt bir yan\u0131n\u0131 renklendirecek.<\/p>\n<p>Akdeniz Belediyesi ekipleri, \u00d6zg\u00fcrl\u00fck Mahallesinde bulunan 14 bin metrekare alana sahip fidanl\u0131kta \u00fcretilen yakla\u015f\u0131k 120 bin adet mevsimlik \u00e7i\u00e7e\u011fin, il\u00e7edeki t\u00fcm meydan, park, bah\u00e7e ve ye\u015fil alanlarda dikim \u00e7al\u0131\u015fmalar\u0131na ba\u015flad\u0131. \u00c7i\u00e7ek dikiminin k\u0131sa s\u00fcrede tamamlanaca\u011f\u0131n\u0131 bildirildi.<br \/>\n\u00c7al\u0131\u015fmalarla ilgili a\u00e7\u0131klama yapan Akdeniz Belediye Ba\u015fkan\u0131 Hamdi Bilge Akta\u015f, &#8220;Park, meydan, ref\u00fcj gibi ye\u015fil alanlar\u0131m\u0131z\u0131 g\u00f6rsel anlamda da kentimize yak\u0131\u015fan bir \u015fekilde bak\u0131ml\u0131 tutuyor ve mevsimlik \u00e7i\u00e7eklerle donat\u0131yoruz. Ekiplerimiz, mevsimlik \u00e7i\u00e7ek \u00fcretimini hummal\u0131 bir \u00e7al\u0131\u015fma ile kendi b\u00fcnyesinde \u00fcretiyor. B\u00f6ylelikle \u00fcretimin her safhas\u0131n\u0131 kontrol etme ve dayan\u0131kl\u0131 bitkiler \u00fcretmenin yan\u0131 s\u0131ra b\u00fcy\u00fck bir tasarruf da sa\u011flam\u0131\u015f oluyoruz\u201d dedi.<\/p>\n","protected":false},"excerpt":{"rendered":"<p>Mersin\u2019in merkez il\u00e7e Akdeniz Belediyesi, kendi fidanl\u0131\u011f\u0131nda \u00fcretti\u011fi 120 bin adet mevsimlik \u00e7i\u00e7ekle il\u00e7enin d\u00f6rt bir yan\u0131n\u0131 renklendirecek. Akdeniz Belediyesi ekipleri, \u00d6zg\u00fcrl\u00fck Mahallesinde bulunan 14 bin metrekare alana sahip fidanl\u0131kta &hellip; <a href=\"https:\/\/akdenizolaygazetesi.com\/?p=1354\" class=\"more-link\">Devam\u0131n\u0131 Oku&#8230;<\/a><\/p>\n","protected":false},"author":1,"featured_media":0,"comment_status":"open","ping_status":"open","sticky":false,"template":"","format":"standard","meta":[],"categories":[],"tags":[],"_links":{"self":[{"href":"https:\/\/akdenizolaygazetesi.com\/index.php?rest_route=\/wp\/v2\/posts\/1354"}],"collection":[{"href":"https:\/\/akdenizolaygazetesi.com\/index.php?rest_route=\/wp\/v2\/posts"}],"about":[{"href":"https:\/\/akdenizolaygazetesi.com\/index.php?rest_route=\/wp\/v2\/types\/post"}],"author":[{"embeddable":true,"href":"https:\/\/akdenizolaygazetesi.com\/index.php?rest_route=\/wp\/v2\/users\/1"}],"replies":[{"embeddable":true,"href":"https:\/\/akdenizolaygazetesi.com\/index.php?rest_route=%2Fwp%2Fv2%2Fcomments&post=1354"}],"version-history":[{"count":0,"href":"https:\/\/akdenizolaygazetesi.com\/index.php?rest_route=\/wp\/v2\/posts\/1354\/revisions"}],"wp:attachment":[{"href":"https:\/\/akdenizolaygazetesi.com\/index.php?rest_route=%2Fwp%2Fv2%2Fmedia&parent=1354"}],"wp:term":[{"taxonomy":"category","embeddable":true,"href":"https:\/\/akdenizolaygazetesi.com\/index.php?rest_route=%2Fwp%2Fv2%2Fcategories&post=1354"},{"taxonomy":"post_tag","embeddable":true,"href":"https:\/\/akdenizolaygazetesi.com\/index.php?rest_route=%2Fwp%2Fv2%2Ftags&post=1354"}],"curies":[{"name":"wp","href":"https:\/\/api.w.org\/{rel}","templated":true}]}}