{"id":13545,"date":"2021-08-04T12:39:18","date_gmt":"2021-08-04T09:39:18","guid":{"rendered":"http:\/\/akdenizolaygazetesi.com\/?p=13545"},"modified":"2021-08-04T12:39:18","modified_gmt":"2021-08-04T09:39:18","slug":"pandemiden-sonra-kirsal-mahalle-bulusmalarinin-ilki-gazi-ciftligine-yapildi","status":"publish","type":"post","link":"https:\/\/akdenizolaygazetesi.com\/?p=13545","title":{"rendered":"PANDEM\u0130DEN SONRA KIRSAL MAHALLE BULU\u015eMALARI\u2019NIN \u0130LK\u0130 GAZ\u0130 \u00c7\u0130FTL\u0130\u011e\u0130\u2019NE YAPILDI"},"content":{"rendered":"<p>Mersin B\u00fcy\u00fck\u015fehir Belediyesi Kad\u0131n ve Aile Hizmetleri Dairesi\u2019nin \u00f6nc\u00fcl\u00fc\u011f\u00fcnde d\u00fczenlenen K\u0131rsal Mahalle Bulu\u015fmalar\u0131, normalle\u015fme ad\u0131mlar\u0131n\u0131n at\u0131lmas\u0131yla yeniden ba\u015flad\u0131. Pandemi sonras\u0131 ilk kez yap\u0131lan bulu\u015fman\u0131n 11\u2019incisi T\u00fcrkiye\u2019de tar\u0131m kooperatif\u00e7ili\u011finin ilk \u00f6rne\u011fi olan Gazi \u00c7iftli\u011fi\u2019nde ger\u00e7ekle\u015ftirildi. Silifkeli kad\u0131nlar ile merkezden kat\u0131l\u0131m sa\u011flayan kad\u0131nlar\u0131n bulu\u015fturuldu\u011fu gezide, Mersinden Kad\u0131n Kooperatifi Ba\u015fkan\u0131 Meral Se\u00e7er, Ata miras\u0131 \u00e7iftlikte ger\u00e7ekle\u015ftirilen faaliyetleri anlatt\u0131.<\/p>\n<p>Atat\u00fcrk\u2019\u00fcn Silifke\u2019de denize girdi\u011fi yeri ve Dalyan Ku\u015f Cenneti\u2019ni ziyaret ettiler<\/p>\n<p>Forum Ba\u011flant\u0131 Kav\u015fa\u011f\u0131 ve Mezitli Belediyesi kar\u015f\u0131s\u0131ndan kalkan servislerle Gazi \u00c7iftli\u011fi\u2019ne gelen vatanda\u015flar, ilk kurucu orta\u011f\u0131 Mustafa Kemal Atat\u00fcrk olan Atat\u00fcrk Tekir \u00c7iftli\u011fi Tar\u0131m Kredi Kooperatifi\u2019nin bulundu\u011fu Gazi \u00c7iftli\u011fi\u2019nde ya\u015fat\u0131lan de\u011ferler kar\u015f\u0131s\u0131nda duygulu anlar ya\u015fad\u0131. 65 ki\u015finin kat\u0131l\u0131m\u0131yla toplu olarak ilk ziyaret\u00e7ilerini a\u011f\u0131rlayan Gazi \u00c7iftli\u011fi\u2019nde, Ata topraklar\u0131n\u0131n \u00fcretici kad\u0131nlar\u0131 ile faaliyetleri merak eden ve merkezden gelen ziyaret\u00e7iler bulu\u015ftu. Geziye aileleriyle kat\u0131lan \u00e7ocuklar da keyifli vakit ge\u00e7irdi. Gazi \u00c7iftli\u011fi i\u00e7erisinde bulunan Teknoloji At\u00f6lyesi ekibi \u00e7ocuklar i\u00e7in drone u\u00e7urma, elektronik kartlar arac\u0131l\u0131\u011f\u0131yla meyvelere, birbirlerine dokunarak ses elde etme gibi aktiviteler d\u00fczenledi.<\/p>\n<p>Etkinlikte ziyaret\u00e7ilerle bulu\u015fan Mersinden Kad\u0131n Kooperatifi Ba\u015fkan\u0131 Meral Se\u00e7er, Gazi \u00c7iftli\u011fi\u2019yle ilgili bilgileri vatanda\u015flarla payla\u015ft\u0131. \u00c7iftli\u011fin tarihini ve \u00e7iftlikte yap\u0131lan etkinlikleri dinleyen ziyaret\u00e7iler, Atat\u00fcrk\u2019\u00fcn Silifke sahilinde denize girdi\u011fi yeri ve Dalyan Ku\u015f Cenneti\u2019ni de gezdi.<\/p>\n<p>\u201cKad\u0131nlar\u0131m\u0131z evlerinde b\u00f6lgeye has \u00e7ok g\u00fczel \u00fcr\u00fcnler \u00fcretiyorlar\u201d<\/p>\n<p>Mersinden Kad\u0131n Kooperatifi Ba\u015fkan\u0131 Meral Se\u00e7er, ger\u00e7ekle\u015ftirdikleri faaliyetlerin evdeki kad\u0131nlar\u0131n gizli i\u015f g\u00fcc\u00fcn\u00fc ortaya \u00e7\u0131kard\u0131\u011f\u0131n\u0131, bu a\u00e7\u0131dan da kad\u0131nlar taraf\u0131ndan \u00e7ok iyi kar\u015f\u0131land\u0131\u011f\u0131n\u0131 belirterek, bundan dolay\u0131 \u00e7ok mutlu olduklar\u0131n\u0131 ifade etti. Se\u00e7er, \u201cBu b\u00f6lgede ya\u015fayan kad\u0131nlar\u0131m\u0131z evlerinde \u00e7ok g\u00fczel \u00fcr\u00fcnler \u00fcretiyorlar bu b\u00f6lgeye has. Selanik g\u00f6\u00e7menleri var, burada kendilerine has ekmeklerini yap\u0131yorlar. Bunlar\u0131n evde \u00fcrettikleri bu \u00fcr\u00fcnleri sat\u0131\u015fa sunmalar\u0131 ve bunlardan ek bir gelir elde etmeleri \u00e7ok k\u0131ymetli. Yani Gazi \u00c7iftli\u011fi evde gizli kalm\u0131\u015f kad\u0131n i\u015f g\u00fcc\u00fcn\u00fcn ortaya \u00e7\u0131kmas\u0131na bir \u00f6rnek oldu. Faaliyetler, Gazi \u00c7iftli\u011fi d\u0131\u015f\u0131nda Mersin\u2019de de yap\u0131lacak \u00e7\u00fcnk\u00fc kad\u0131nlar \u00fcretmek istiyor, ayaklar\u0131 \u00fczerinde durmak istiyorlar\u201d dedi.<\/p>\n<p>A\u00e7\u0131l\u0131\u015ftan bu yana yap\u0131lan \u00fcretimleri ve verilen e\u011fitimleri anlatan Gazi \u00c7iftli\u011fi sorumlusu Hatice Okur, \u00e7iftli\u011fe turlar\u0131n ba\u015flamas\u0131yla \u00fcretilen \u00fcr\u00fcnlerin stantlarda sat\u0131\u015f\u0131n\u0131n da yap\u0131lmaya ba\u015fland\u0131\u011f\u0131n\u0131 s\u00f6yledi. Okur, \u201cHer \u00fcr\u00fcn\u00fc \u00fcretmeden \u00f6nce toplant\u0131lar yap\u0131p, \u00fcretme a\u015famas\u0131nda e\u011fitim ve \u00fcretimi bir araya getirdik. Uzun soluklu bir \u00e7al\u0131\u015fmayd\u0131. A\u00e7\u0131l\u0131\u015f\u0131m\u0131zdan sonra g\u00f6rd\u00fc\u011f\u00fcn\u00fcz gibi turlar\u0131m\u0131z geliyor ve turlar\u0131n gelmesiyle birlikte ilk defa stant a\u00e7an kad\u0131nlar\u0131m\u0131z var. Bug\u00fcn y\u00f6resel, do\u011fal, bire bir kendi tohumlar\u0131m\u0131zdan \u00fcretti\u011fimiz sebzelerimizi, meyvelerimizi, \u00fcr\u00fcnlerimizi, k\u00f6y ekme\u011fimizi burada sat\u0131\u015fa sundular. A\u00e7\u0131l\u0131\u015fta da heyecanl\u0131yd\u0131k ama a\u00e7\u0131l\u0131\u015f\u0131n yan\u0131 s\u0131ra bug\u00fcn daha fazla heyecan\u0131m\u0131z var. Herkes ho\u015f geldi ve herkesi de bekliyoruz\u201d diye konu\u015ftu.<\/p>\n<p>\u201cGezilerimiz devam edecek\u201d<\/p>\n<p>Kad\u0131n ve Aile Hizmetleri Dairesi\u2019nde proje uzman\u0131 olarak g\u00f6rev yapan Burcu Sert, bulu\u015fmalar\u0131 sa\u011flamak i\u00e7in d\u00fczenlenen gezilerin devam edece\u011fini belirterek, \u201cKad\u0131n ve Aile Hizmetleri Daire Ba\u015fkanl\u0131\u011f\u0131 olarak Silifke Gazi \u00c7iftli\u011fi\u2019ne k\u00fclt\u00fcr turlar\u0131 d\u00fczenlemeye ba\u015flad\u0131k. Bu g\u00fcn ilk turumuzda misafirlerimizle 65 ki\u015fi olarak kad\u0131n, \u00e7ocuk ve aile gruplar\u0131m\u0131z\u0131 getirdik. Kooperatif\u00e7ili\u011fin \u00f6nemini, Atat\u00fcrk\u2019\u00fcn ilk yapt\u0131\u011f\u0131 kooperatifin anlam\u0131n\u0131 vurgulamak i\u00e7in g\u00fczel bir gezi oldu. Bundan sonra gezilerimiz devam edecek. D\u00f6nem d\u00f6nem Mersin merkezde ve 13 il\u00e7ede ya\u015fayan misafirlerimizi Gazi \u00c7iftli\u011fi\u2019yle bulu\u015fturmak i\u00e7in organizasyonlar\u0131m\u0131z\u0131 yapmaya devam edece\u011fiz\u201d ifadelerine yer verdi.<\/p>\n<p>\u201cBuran\u0131n \u00f6zelli\u011fi Atam\u0131z\u0131n o d\u00f6nemde yoklukta kurdu\u011fu bir \u00e7iftlik olmas\u0131\u201d<\/p>\n<p>Ziyaret\u00e7ilerden Esma Erdeniz, d\u00fczenlenen gezinin di\u011fer gezilerden farkl\u0131 oldu\u011funu ve zaman zaman duyguland\u0131\u011f\u0131n\u0131 ifade ederek, \u201cDaha \u00f6nce de B\u00fcy\u00fck\u015fehir\u2019in bu t\u00fcr etkinlikleri vard\u0131, hemen hemen \u00e7o\u011funa da kat\u0131ld\u0131m. Buran\u0131n farkl\u0131 \u00f6zelli\u011fi Atam\u0131z\u0131n o d\u00f6nemde, \u00e7ar\u0131kla, o yoklukta kurdu\u011fu bir \u00e7iftlik olmas\u0131. Geldi\u011fimde Atam\u0131z\u0131n oturdu\u011fu koltuk, sandalye, masay\u0131 g\u00f6rd\u00fcm, \u00e7ok duyguland\u0131m. Restore i\u00e7in, tekrar hayata ge\u00e7irildi\u011fi i\u00e7in, bu proje i\u00e7in Mersin B\u00fcy\u00fck\u015fehir Belediye Ba\u015fkan\u0131 Vahap Se\u00e7er\u2019e ve burada organik tar\u0131ma \u00f6nc\u00fcl\u00fck eden Mersinden Kad\u0131n Kooperatifi\u2019ne, Say\u0131n Meral Se\u00e7er han\u0131mefendiye te\u015fekk\u00fcr ediyorum, de\u011ferlerimize sahip \u00e7\u0131kt\u0131klar\u0131 i\u00e7in. Biz bu de\u011ferlerle b\u00fcy\u00fcd\u00fck. Ger\u00e7ekten hemen hemen t\u00fcm etkinliklere kat\u0131ld\u0131m, benim i\u00e7in bu farkl\u0131\u201d dedi.<\/p>\n<p>\u201cBuraya gelmek istiyordum ama f\u0131rsat olmam\u0131\u015ft\u0131\u201d<\/p>\n<p>Ziyaret\u00e7ilerden Burak Anavan ise tarihe olan ilgisiyle ara\u015ft\u0131rmalar yapt\u0131\u011f\u0131n\u0131 ve Gazi \u00c7iftli\u011fi\u2019nin ara\u015ft\u0131rd\u0131\u011f\u0131 yelerden biri oldu\u011funu vurgulayarak, \u015funlar\u0131 s\u00f6yledi:<\/p>\n<p>\u201cMersin\u2019in yerlisiyim. Instagram\u2019da gezerken denk geldim. Mersin B\u00fcy\u00fck\u015fehir\u2019i takip ediyordum. Buraya gelmek istiyordum ama f\u0131rsat olmam\u0131\u015ft\u0131. \u00c7\u00fcnk\u00fc dolmu\u015f, otob\u00fcsle geldi\u011fimizde biraz y\u00fcr\u00fcme mesafesi kal\u0131yor. Bunu g\u00f6r\u00fcnce direkt gelmek istedim. Baya\u011f\u0131 duyguland\u0131m \u00e7\u00fcnk\u00fc b\u00fcy\u00fck bir hizmet bu. Ge\u00e7mi\u015fte buran\u0131n ara\u015ft\u0131rmas\u0131n\u0131 yapm\u0131\u015ft\u0131m. Atat\u00fcrk\u2019\u00fcn Mersin\u2019e geldi\u011fi d\u00f6nemlerde \u00f6zellikle \u00e7ar\u015f\u0131da bulunan Atat\u00fcrk Evi\u2019ni ara\u015ft\u0131rm\u0131\u015ft\u0131m. Buraya gelmek de i\u00e7eriyi g\u00f6rmek de baya\u011f\u0131 duygusal anlara sebep oldu. Bu kadar kapsaml\u0131 bir \u00e7al\u0131\u015fma beklemiyordum. Ba\u015fkana buradan te\u015fekk\u00fcr etmek istiyorum. Bu t\u00fcr hizmetler a\u00e7\u0131k\u00e7as\u0131 ho\u015fuma gidiyor.\u201d<\/p>\n","protected":false},"excerpt":{"rendered":"<p>Mersin B\u00fcy\u00fck\u015fehir Belediyesi Kad\u0131n ve Aile Hizmetleri Dairesi\u2019nin \u00f6nc\u00fcl\u00fc\u011f\u00fcnde d\u00fczenlenen K\u0131rsal Mahalle Bulu\u015fmalar\u0131, normalle\u015fme ad\u0131mlar\u0131n\u0131n at\u0131lmas\u0131yla yeniden ba\u015flad\u0131. Pandemi sonras\u0131 ilk kez yap\u0131lan bulu\u015fman\u0131n 11\u2019incisi T\u00fcrkiye\u2019de tar\u0131m kooperatif\u00e7ili\u011finin ilk \u00f6rne\u011fi &hellip; <a href=\"https:\/\/akdenizolaygazetesi.com\/?p=13545\" class=\"more-link\">Devam\u0131n\u0131 Oku&#8230;<\/a><\/p>\n","protected":false},"author":2,"featured_media":13546,"comment_status":"open","ping_status":"open","sticky":false,"template":"","format":"standard","meta":[],"categories":[1,3,5],"tags":[],"_links":{"self":[{"href":"https:\/\/akdenizolaygazetesi.com\/index.php?rest_route=\/wp\/v2\/posts\/13545"}],"collection":[{"href":"https:\/\/akdenizolaygazetesi.com\/index.php?rest_route=\/wp\/v2\/posts"}],"about":[{"href":"https:\/\/akdenizolaygazetesi.com\/index.php?rest_route=\/wp\/v2\/types\/post"}],"author":[{"embeddable":true,"href":"https:\/\/akdenizolaygazetesi.com\/index.php?rest_route=\/wp\/v2\/users\/2"}],"replies":[{"embeddable":true,"href":"https:\/\/akdenizolaygazetesi.com\/index.php?rest_route=%2Fwp%2Fv2%2Fcomments&post=13545"}],"version-history":[{"count":1,"href":"https:\/\/akdenizolaygazetesi.com\/index.php?rest_route=\/wp\/v2\/posts\/13545\/revisions"}],"predecessor-version":[{"id":13547,"href":"https:\/\/akdenizolaygazetesi.com\/index.php?rest_route=\/wp\/v2\/posts\/13545\/revisions\/13547"}],"wp:featuredmedia":[{"embeddable":true,"href":"https:\/\/akdenizolaygazetesi.com\/index.php?rest_route=\/wp\/v2\/media\/13546"}],"wp:attachment":[{"href":"https:\/\/akdenizolaygazetesi.com\/index.php?rest_route=%2Fwp%2Fv2%2Fmedia&parent=13545"}],"wp:term":[{"taxonomy":"category","embeddable":true,"href":"https:\/\/akdenizolaygazetesi.com\/index.php?rest_route=%2Fwp%2Fv2%2Fcategories&post=13545"},{"taxonomy":"post_tag","embeddable":true,"href":"https:\/\/akdenizolaygazetesi.com\/index.php?rest_route=%2Fwp%2Fv2%2Ftags&post=13545"}],"curies":[{"name":"wp","href":"https:\/\/api.w.org\/{rel}","templated":true}]}}