{"id":13557,"date":"2021-08-04T12:47:10","date_gmt":"2021-08-04T09:47:10","guid":{"rendered":"http:\/\/akdenizolaygazetesi.com\/?p=13557"},"modified":"2021-08-04T12:47:10","modified_gmt":"2021-08-04T09:47:10","slug":"akdeniz-belediyesinden-akran-zorbaligi-atolyesi","status":"publish","type":"post","link":"https:\/\/akdenizolaygazetesi.com\/?p=13557","title":{"rendered":"AKDEN\u0130Z BELED\u0130YES\u0130&#8217;NDEN AKRAN ZORBALI\u011eI AT\u00d6LYES\u0130"},"content":{"rendered":"<p>Akdeniz Belediyesi K\u00fclt\u00fcr ve Sosyal \u0130\u015fler M\u00fcd\u00fcrl\u00fc\u011f\u00fc 8-12 ya\u015f gruplar\u0131na ait \u00e7ocuklara &#8216;Akran Zorbal\u0131\u011f\u0131&#8217; konusunda at\u00f6lye \u00e7al\u0131\u015fmas\u0131 ger\u00e7ekle\u015ftirdi.<br \/>\nAkdeniz Belediyesi K\u00fclt\u00fcr ve Sosyal \u0130\u015fler M\u00fcd\u00fcrl\u00fc\u011f\u00fc&#8217;ne ba\u011fl\u0131 Kazanl\u0131, Adanal\u0131o\u011flu ve Karacailyas K\u00fclt\u00fcr ve Sanat Evlerinde; 8 ila 12 ya\u015f gruplar\u0131na ait \u00e7ocuklara, m\u00fcd\u00fcrl\u00fc\u011fe ba\u011fl\u0131 psikolojik dan\u0131\u015fman ve sosyolog e\u015fli\u011finde &#8216;Akran Zorbal\u0131\u011f\u0131&#8217; konusunda bir at\u00f6lye \u00e7al\u0131\u015fmas\u0131 ger\u00e7ekle\u015ftirildi.<br \/>\nAkran zorbal\u0131\u011f\u0131 at\u00f6lye \u00e7al\u0131\u015fmas\u0131nda; \u201cAkran zorbal\u0131\u011f\u0131&#8217; nedir?\u2019, &#8216;\u015eaka ile zorbal\u0131k aras\u0131ndaki fark nedir?&#8217;, &#8216;Zorbal\u0131\u011fa maruz kald\u0131\u011f\u0131m\u0131zda neler yapabiliriz?\u201d gibi konular ele al\u0131nd\u0131. Bu ba\u015fl\u0131klar \u00e7er\u00e7evesinde ger\u00e7ekle\u015fen etkinlikte \u00e7ocuklar ile birlikte sosyolog ve psikolojik dan\u0131\u015fmanlar konuya ili\u015fkin fark\u0131ndal\u0131k olu\u015fturuldu.<br \/>\nAkdeniz Belediye Ba\u015fkan\u0131 M. Mustafa G\u00fcltak, etkinli\u011fe dair yapt\u0131\u011f\u0131 de\u011ferlendirmede; &#8220;Son d\u00f6nemlerde yayg\u0131nla\u015fan ve ad\u0131n\u0131 s\u0131k\u00e7a duymaya ba\u015flad\u0131\u011f\u0131m\u0131z akran zorbal\u0131\u011f\u0131 konusu, \u00e7ocuklar\u0131n \u00f6zellikle birbirine uygulad\u0131\u011f\u0131 psikolojik ve fiziksel g\u00fc\u00e7 davran\u0131\u015f\u0131 olarak tan\u0131mlan\u0131yor.<br \/>\n\u00c7ocuklar\u0131m\u0131z ve gen\u00e7lerimizin birbirlerini \u00e7ok daha iyi anlayabilmeleri, daha sa\u011fl\u0131kl\u0131 ileti\u015fim kurabilmeleri ad\u0131na bu konuyu fazlas\u0131yla \u00f6nemsiyoruz. Her g\u00fczel \u015feyin ba\u015flang\u0131c\u0131nda sevginin, ho\u015fg\u00f6r\u00fcn\u00fcn ve empatinin etkili oldu\u011funun fark\u0131nday\u0131z ve \u00e7ocuklar\u0131m\u0131za da bunlar\u0131 a\u015f\u0131lamak istiyoruz&#8221; ifadelerini kulland\u0131. <\/p>\n","protected":false},"excerpt":{"rendered":"<p>Akdeniz Belediyesi K\u00fclt\u00fcr ve Sosyal \u0130\u015fler M\u00fcd\u00fcrl\u00fc\u011f\u00fc 8-12 ya\u015f gruplar\u0131na ait \u00e7ocuklara &#8216;Akran Zorbal\u0131\u011f\u0131&#8217; konusunda at\u00f6lye \u00e7al\u0131\u015fmas\u0131 ger\u00e7ekle\u015ftirdi. Akdeniz Belediyesi K\u00fclt\u00fcr ve Sosyal \u0130\u015fler M\u00fcd\u00fcrl\u00fc\u011f\u00fc&#8217;ne ba\u011fl\u0131 Kazanl\u0131, Adanal\u0131o\u011flu ve Karacailyas &hellip; <a href=\"https:\/\/akdenizolaygazetesi.com\/?p=13557\" class=\"more-link\">Devam\u0131n\u0131 Oku&#8230;<\/a><\/p>\n","protected":false},"author":2,"featured_media":13558,"comment_status":"open","ping_status":"open","sticky":false,"template":"","format":"standard","meta":[],"categories":[2,3,5],"tags":[],"_links":{"self":[{"href":"https:\/\/akdenizolaygazetesi.com\/index.php?rest_route=\/wp\/v2\/posts\/13557"}],"collection":[{"href":"https:\/\/akdenizolaygazetesi.com\/index.php?rest_route=\/wp\/v2\/posts"}],"about":[{"href":"https:\/\/akdenizolaygazetesi.com\/index.php?rest_route=\/wp\/v2\/types\/post"}],"author":[{"embeddable":true,"href":"https:\/\/akdenizolaygazetesi.com\/index.php?rest_route=\/wp\/v2\/users\/2"}],"replies":[{"embeddable":true,"href":"https:\/\/akdenizolaygazetesi.com\/index.php?rest_route=%2Fwp%2Fv2%2Fcomments&post=13557"}],"version-history":[{"count":1,"href":"https:\/\/akdenizolaygazetesi.com\/index.php?rest_route=\/wp\/v2\/posts\/13557\/revisions"}],"predecessor-version":[{"id":13559,"href":"https:\/\/akdenizolaygazetesi.com\/index.php?rest_route=\/wp\/v2\/posts\/13557\/revisions\/13559"}],"wp:featuredmedia":[{"embeddable":true,"href":"https:\/\/akdenizolaygazetesi.com\/index.php?rest_route=\/wp\/v2\/media\/13558"}],"wp:attachment":[{"href":"https:\/\/akdenizolaygazetesi.com\/index.php?rest_route=%2Fwp%2Fv2%2Fmedia&parent=13557"}],"wp:term":[{"taxonomy":"category","embeddable":true,"href":"https:\/\/akdenizolaygazetesi.com\/index.php?rest_route=%2Fwp%2Fv2%2Fcategories&post=13557"},{"taxonomy":"post_tag","embeddable":true,"href":"https:\/\/akdenizolaygazetesi.com\/index.php?rest_route=%2Fwp%2Fv2%2Ftags&post=13557"}],"curies":[{"name":"wp","href":"https:\/\/api.w.org\/{rel}","templated":true}]}}