{"id":13566,"date":"2021-08-05T11:58:43","date_gmt":"2021-08-05T08:58:43","guid":{"rendered":"http:\/\/akdenizolaygazetesi.com\/?p=13566"},"modified":"2021-08-05T11:58:43","modified_gmt":"2021-08-05T08:58:43","slug":"buyuksehirin-resimden-gitara-6-farkli-kursuna-110-kisi-katildi","status":"publish","type":"post","link":"https:\/\/akdenizolaygazetesi.com\/?p=13566","title":{"rendered":"B\u00dcY\u00dcK\u015eEH\u0130R\u2019\u0130N RES\u0130MDEN G\u0130TARA 6 FARKLI KURSUNA 110 K\u0130\u015e\u0130 KATILDI"},"content":{"rendered":"<p>Mersin B\u00fcy\u00fck\u015fehir Belediyesi K\u00fclt\u00fcr ve Sosyal \u0130\u015fler Dairesi\u2019ne ba\u011fl\u0131 T\u00fcrk M\u00fczi\u011fi Konservatuar\u0131 6 alanda \u00fccretsiz yaz kurslar\u0131na ba\u015flad\u0131. 30 Eyl\u00fcl\u2019e kadar s\u00fcrecek kurslar KUDEB Binas\u0131\u2019nda veriliyor. Kurslara 110 kursiyer kat\u0131l\u0131m sa\u011fl\u0131yor.<\/p>\n<p>En fazla talep \u2018ses e\u011fitimi\u2019 kursuna oldu <\/p>\n<p>B\u00fcy\u00fck\u015fehir Belediyesi\u2019nin Haziran ay\u0131 sonunda duyurdu\u011fu yaz kurslar\u0131n\u0131n ba\u015fvurular\u0131 9 Temmuz\u2019da sona erdi. Tiyatronun yan\u0131 s\u0131ra konservatuar kurslar\u0131n\u0131 da a\u00e7an B\u00fcy\u00fck\u015fehir, 110 kursiyerin kat\u0131l\u0131m\u0131yla kurslara ba\u015flad\u0131.<\/p>\n<p>Akdeniz il\u00e7esi Sanat Soka\u011f\u0131\u2019ndaki KUDEB Binas\u0131\u2019nda ses e\u011fitimi, ba\u011flama, keman, gitar, piyano ve resim kurslar\u0131 s\u00fcr\u00fcyor. Ses e\u011fitimi kursuna 25, keman kursuna 22, gitar kursuna 19, piyano kursuna 18, resim kursuna 12 ve ba\u011flama kursuna 14 kursiyer kat\u0131l\u0131m sa\u011fl\u0131yor. E\u011fitimler en fazla 8 ki\u015filik gruplar halinde ger\u00e7ekle\u015ftiriliyor.<\/p>\n<p>\u201cHerhangi bir \u00fccret talep etmiyoruz\u201d<\/p>\n<p>B\u00fcy\u00fck\u015fehir Belediyesi T\u00fcrk M\u00fczi\u011fi Konservatuar \u015eefi \u0130lker Bozkurt, kurslara ba\u015flad\u0131klar\u0131n\u0131 belirterek, \u201cSonu\u00e7lar \u015fu ana kadar gayet verimli ve g\u00fczel. Kat\u0131l\u0131mc\u0131lar\u0131m\u0131z da son derece mutlu. \u00d6\u011fretmen arkada\u015flar\u0131m\u0131z da bizler de mutluyuz. Hizmete devam. Say\u0131m\u0131z\u0131 \u00f6zellikle biraz da s\u0131n\u0131rl\u0131 tuttuk. Pandemi kurallar\u0131na uysun diye s\u0131n\u0131f mevcutlar\u0131m\u0131zda 8 ki\u015fiyi a\u015fmamaya \u00f6zen g\u00f6sterdik. Bu nedenle de g\u00fcn boyu kurslar\u0131m\u0131z devam ediyor. Do\u011fal olarak kat\u0131l\u0131m s\u00fcresini de biraz k\u0131sa tutmak zorunda kald\u0131k\u201d dedi.<\/p>\n<p>Kursiyerleri ya\u015f aral\u0131klar\u0131na g\u00f6re grupland\u0131rd\u0131klar\u0131n\u0131 s\u00f6zlerine ekleyen Bozkurt, \u201cHerhangi bir \u00fccret talep etmiyoruz. Kendilerine verimli olabilmek i\u00e7in elimizden geleni yap\u0131yoruz. En g\u00fczel hizmeti sunmaya \u00e7al\u0131\u015f\u0131yoruz. Ya\u015f aral\u0131\u011f\u0131m\u0131z\u0131 13 ya\u015f ve yukar\u0131s\u0131 \u015feklinde belirledik. S\u0131n\u0131flar\u0131m\u0131z\u0131 ya\u015flara g\u00f6re b\u00f6ld\u00fck. Yani ayn\u0131 s\u0131n\u0131flara ayn\u0131 ya\u015ftakileri toplamaya \u00e7al\u0131\u015ft\u0131k\u201d diye konu\u015ftu.<\/p>\n<p>\u201cOrtam\u0131m\u0131z \u00e7ok iyi, \u00e7ok e\u011flenceli\u201d<\/p>\n<p>Keman kursuna kat\u0131lan 18 ya\u015f\u0131ndaki Bedriye Tu\u011f\u00e7e Kurt, 8. s\u0131n\u0131fta ba\u015flayan keman yolculu\u011funu \u00e7e\u015fitli yerlerde ald\u0131\u011f\u0131 kurslarla s\u00fcrd\u00fcrd\u00fc\u011f\u00fcn\u00fc s\u00f6yledi. B\u00fcy\u00fck\u015fehir\u2019in keman kursunu duyunca ba\u015fvurdu\u011funu vurgulayan Kurt, \u201cHemen arad\u0131m, sa\u011f olsunlar yard\u0131m ettiler. Hemen kursa ba\u015flad\u0131k zaten. Ba\u015fvurumuzu yapt\u0131k ve kurs a\u00e7\u0131ld\u0131. B\u00f6yle bir avantaj\u0131m\u0131z oldu. Geldik \u015fimdi kurs al\u0131yoruz. Herhangi bir \u00fccret \u00f6demedik ve \u015fu anda \u00e7ok g\u00fczel gidiyor. \u0130lgileniyorlar, ortam\u0131m\u0131z da \u00e7ok iyi, \u00e7ok e\u011flenceli\u201d ifadelerine yer verdi.<\/p>\n<p>\u201cG\u00fczel ba\u015flad\u0131k, g\u00fczel de gidece\u011fiz\u201d<\/p>\n<p>Gitar kursuna kat\u0131lan 17 ya\u015f\u0131ndaki \u00c7\u0131nar \u00c7aml\u0131 ise ailesinden gelen m\u00fczik tutkusunu gitarla s\u00fcrd\u00fcrmek istedi\u011fini vurgulayarak, \u201cAsl\u0131nda ben klarnet \u00e7al\u0131yorum. Ba\u011flama hevesim var. Onu \u00e7alaca\u011f\u0131m. Bu y\u0131l da gitara bakmak istedim. Gitar \u00e7alay\u0131m dedim. Sonra piyano \u00f6\u011frenece\u011fim. Nevit Kodall\u0131 G\u00fczel Sanatlar Lisesi\u2019nde okuyorum. Orada \u00e7ello \u00e7al\u0131yorum. Burada \u00e7ok iyi, muhte\u015fem bir hocam\u0131z var, \u00e7ok iyi \u00f6\u011fretiyor. G\u00fczel ba\u015flad\u0131k, g\u00fczel de gidece\u011fiz\u201d dedi.<\/p>\n<p>\u201c\u00dccretli kurslara gidemezdim, bu kursun a\u00e7\u0131lmas\u0131 gayet iyi oldu\u201d<\/p>\n<p>Gitar kursundan 16 ya\u015f\u0131ndaki Sema Bilmez de m\u00fczik tutkusunun k\u00fc\u00e7\u00fck ya\u015flardan ba\u015flad\u0131\u011f\u0131n\u0131 vurgulad\u0131. En b\u00fcy\u00fck iste\u011finin sevdi\u011fi bir sanat\u00e7\u0131n\u0131n \u015fark\u0131s\u0131n\u0131 \u00e7almak oldu\u011funu belirten Bilmez, B\u00fcy\u00fck\u015fehir Belediye Ba\u015fkan\u0131 Vahap Se\u00e7er\u2019den bahsederek, \u201cTe\u015fekk\u00fcr ederim. Bir\u00e7ok ki\u015fiye \u0131\u015f\u0131k oluyor bu konuda. Ben b\u00f6yle \u00fccretli kurslara gidemezdim zaten. Bu kursun a\u00e7\u0131lmas\u0131 gayet iyi oldu\u201d diye konu\u015ftu.<\/p>\n","protected":false},"excerpt":{"rendered":"<p>Mersin B\u00fcy\u00fck\u015fehir Belediyesi K\u00fclt\u00fcr ve Sosyal \u0130\u015fler Dairesi\u2019ne ba\u011fl\u0131 T\u00fcrk M\u00fczi\u011fi Konservatuar\u0131 6 alanda \u00fccretsiz yaz kurslar\u0131na ba\u015flad\u0131. 30 Eyl\u00fcl\u2019e kadar s\u00fcrecek kurslar KUDEB Binas\u0131\u2019nda veriliyor. Kurslara 110 kursiyer kat\u0131l\u0131m &hellip; <a href=\"https:\/\/akdenizolaygazetesi.com\/?p=13566\" class=\"more-link\">Devam\u0131n\u0131 Oku&#8230;<\/a><\/p>\n","protected":false},"author":2,"featured_media":13567,"comment_status":"open","ping_status":"open","sticky":false,"template":"","format":"standard","meta":[],"categories":[1,3],"tags":[],"_links":{"self":[{"href":"https:\/\/akdenizolaygazetesi.com\/index.php?rest_route=\/wp\/v2\/posts\/13566"}],"collection":[{"href":"https:\/\/akdenizolaygazetesi.com\/index.php?rest_route=\/wp\/v2\/posts"}],"about":[{"href":"https:\/\/akdenizolaygazetesi.com\/index.php?rest_route=\/wp\/v2\/types\/post"}],"author":[{"embeddable":true,"href":"https:\/\/akdenizolaygazetesi.com\/index.php?rest_route=\/wp\/v2\/users\/2"}],"replies":[{"embeddable":true,"href":"https:\/\/akdenizolaygazetesi.com\/index.php?rest_route=%2Fwp%2Fv2%2Fcomments&post=13566"}],"version-history":[{"count":1,"href":"https:\/\/akdenizolaygazetesi.com\/index.php?rest_route=\/wp\/v2\/posts\/13566\/revisions"}],"predecessor-version":[{"id":13568,"href":"https:\/\/akdenizolaygazetesi.com\/index.php?rest_route=\/wp\/v2\/posts\/13566\/revisions\/13568"}],"wp:featuredmedia":[{"embeddable":true,"href":"https:\/\/akdenizolaygazetesi.com\/index.php?rest_route=\/wp\/v2\/media\/13567"}],"wp:attachment":[{"href":"https:\/\/akdenizolaygazetesi.com\/index.php?rest_route=%2Fwp%2Fv2%2Fmedia&parent=13566"}],"wp:term":[{"taxonomy":"category","embeddable":true,"href":"https:\/\/akdenizolaygazetesi.com\/index.php?rest_route=%2Fwp%2Fv2%2Fcategories&post=13566"},{"taxonomy":"post_tag","embeddable":true,"href":"https:\/\/akdenizolaygazetesi.com\/index.php?rest_route=%2Fwp%2Fv2%2Ftags&post=13566"}],"curies":[{"name":"wp","href":"https:\/\/api.w.org\/{rel}","templated":true}]}}