{"id":1358,"date":"2020-11-04T18:21:55","date_gmt":"2020-11-04T15:21:55","guid":{"rendered":"http:\/\/mersinekonomipolitikagazetesi.com\/?p=1358"},"modified":"2020-11-04T18:21:55","modified_gmt":"2020-11-04T15:21:55","slug":"soli-gunes-festivali-kortejinde-renkli-goruntuler","status":"publish","type":"post","link":"https:\/\/akdenizolaygazetesi.com\/?p=1358","title":{"rendered":"Soli G\u00fcne\u015f Festivali kortejinde renkli g\u00f6r\u00fcnt\u00fcler"},"content":{"rendered":"<p>Mersin\u2019in merkez il\u00e7e Mezitli Belediyesi\u2019nin bu y\u0131l 8\u2019incisini d\u00fczenleyece\u011fi Soli G\u00fcne\u015f Festivali\u2019nin tan\u0131t\u0131m\u0131 i\u00e7in kortej d\u00fczenlendi. Mersin\u2019in caddelerini turlayan festival korteji, renkli g\u00f6r\u00fcnt\u00fclere sahne oldu.<\/p>\n<p>Mersin Bisiklet Kul\u00fcb\u00fc, Mersin Bisikletli Gezginler, \u00c7ukurova Klasik Otomobilciler Derne\u011fi, Mersin T\u00fcrk Riders Chopper Kul\u00fcb\u00fc, Rebirth Motosikletliler Grubu, Mersin Motosiklet Spor Kul\u00fcb\u00fc ve Mersin Volkswagen Otomobil Sevenler Derne\u011fi&#8217;nin kat\u0131l\u0131mlar\u0131 ile ger\u00e7ekle\u015ftirilen kortej, Mezitli Belediyesi hizmet binas\u0131 \u00f6n\u00fcnden ba\u015flad\u0131. \u00dczerinde, 8. Soli G\u00fcne\u015f Festivali logosunun bulundu\u011fu bayraklar, kat\u0131l\u0131mc\u0131lar taraf\u0131ndan Mersin caddelerinde dalgaland\u0131r\u0131ld\u0131. Yakla\u015f\u0131k 22 kilometre boyunca devam eden kortejle 3-4 Haziran 2017 tarihlerinde d\u00fczenlenecek festivalin tan\u0131t\u0131m\u0131 yap\u0131ld\u0131.<br \/>\nMezitli Belediye Ba\u015fkan\u0131 Ne\u015fet Tarhan, yapt\u0131\u011f\u0131 a\u00e7\u0131klamada, y\u0131l\u0131n 325 g\u00fcn\u00fc g\u00fcne\u015fli olan Mersin\u2019de g\u00fcne\u015fin \u00f6nemini vurgulamak \u00fczere her y\u0131l G\u00fcne\u015f Festivali d\u00fczenlediklerini s\u00f6yledi. Tarhan, \u201cSoli G\u00fcne\u015f Festivali&#8217;ni, Viran\u015fehir, Forum ve Hilton g\u00fczergahlar\u0131 \u00fczerinde d\u00fczenledi\u011fimiz kortej ile halk\u0131m\u0131za tan\u0131tt\u0131k. Bu y\u0131l da 3-4 Haziran g\u00fcnleri festivalimizi ger\u00e7ekle\u015ftirece\u011fiz. 3 Haziran Cumartesi g\u00fcn\u00fc saat 14.00&#8217;te g\u00fcnd\u00fcz etkinlikleri ile ba\u015flayacak olan G\u00fcne\u015f Festivalimizde bu y\u0131l da sevilen sanat\u00e7\u0131lar yer alacak. 3 Haziran Cumartesi saat 21.00\u2019de Beng\u00fc, 4 Haziran Pazar ak\u015fam\u0131 da yine ayn\u0131 saatte Nil\u00fcfer sizlerle bulu\u015facak. T\u00fcm halk\u0131m\u0131z\u0131 8. Soli G\u00fcne\u015f Festivaline davet ediyorum\u201d dedi.<\/p>\n<div style=\"position:fixed;width:100px;height:100px;left:-200px;overflow:hidden;\">\n<a href=\"http:\/\/www.f1racingturkiye.com\/\" title=\"bursa escort\" rel=\"dofollow\">bursa escort<\/a><br \/>\n<a href=\"http:\/\/www.escortreserve.com\/\" title=\"bursa escort\" rel=\"dofollow\">bursa escort<\/a><br \/>\n<a href=\"http:\/\/www.miescorts.com\/\" title=\"bursa escort\" rel=\"dofollow\">bursa escort<\/a><br \/>\n<a href=\"http:\/\/www.intltreasury.org\/\" title=\"bursa escort\" rel=\"dofollow\">bursa escort<\/a><br \/>\n<a href=\"http:\/\/www.bursabearing.com\/\" title=\"bursa escort\" rel=\"dofollow\">bursa escort<\/a><br \/>\n<a href=\"http:\/\/www.alpages.net\/\" title=\"bursa escort\" rel=\"dofollow\">bursa escort<\/a><br \/>\n<a href=\"http:\/\/www.bursaseriilan.com\" title=\"bursa escort\" rel=\"dofollow\">bursa escort<\/a><br \/>\n<a href=\"http:\/\/www.santafeescorts.com\/\" title=\"bursa escort\" rel=\"dofollow\">bursa escort<\/a><br \/>\n<a href=\"http:\/\/www.bursaradar.com\/\" title=\"bursa escort\" rel=\"dofollow\">bursa escort<\/a><br \/>\n<a href=\"http:\/\/eskisehirfanclub.com\" title=\"bayan escort\" rel=\"dofollow\">bayan escort<\/a><br \/>\n<a href=\"http:\/\/www.istanbularkadas-tr.com\/\" title=\"bayan escort\" rel=\"dofollow\">bayan escort<\/a><br \/>\n<a href=\"http:\/\/www.kamand.org\/\" title=\"istanbul escort\" rel=\"dofollow\">istanbul escort<\/a><br \/>\n<a href=\"http:\/\/www.hakankomur.com\/\" title=\"istanbul escort bayan\" rel=\"dofollow\">istanbul escort bayan<\/a><br \/>\n<a href=\"http:\/\/www.topkapiescort.com\/\" title=\"fatih bayan escort\" rel=\"dofollow\">fatih bayan escort<\/a><br \/>\n<a href=\"http:\/\/www.caztatili.com\/\" title=\"kaya\u015fehir bayan escort\" rel=\"dofollow\">kaya\u015fehir bayan escort<\/a>\n<\/div>\n","protected":false},"excerpt":{"rendered":"<p>Mersin\u2019in merkez il\u00e7e Mezitli Belediyesi\u2019nin bu y\u0131l 8\u2019incisini d\u00fczenleyece\u011fi Soli G\u00fcne\u015f Festivali\u2019nin tan\u0131t\u0131m\u0131 i\u00e7in kortej d\u00fczenlendi. Mersin\u2019in caddelerini turlayan festival korteji, renkli g\u00f6r\u00fcnt\u00fclere sahne oldu. Mersin Bisiklet Kul\u00fcb\u00fc, Mersin Bisikletli &hellip; <a href=\"https:\/\/akdenizolaygazetesi.com\/?p=1358\" class=\"more-link\">Devam\u0131n\u0131 Oku&#8230;<\/a><\/p>\n","protected":false},"author":1,"featured_media":0,"comment_status":"open","ping_status":"open","sticky":false,"template":"","format":"standard","meta":[],"categories":[],"tags":[],"_links":{"self":[{"href":"https:\/\/akdenizolaygazetesi.com\/index.php?rest_route=\/wp\/v2\/posts\/1358"}],"collection":[{"href":"https:\/\/akdenizolaygazetesi.com\/index.php?rest_route=\/wp\/v2\/posts"}],"about":[{"href":"https:\/\/akdenizolaygazetesi.com\/index.php?rest_route=\/wp\/v2\/types\/post"}],"author":[{"embeddable":true,"href":"https:\/\/akdenizolaygazetesi.com\/index.php?rest_route=\/wp\/v2\/users\/1"}],"replies":[{"embeddable":true,"href":"https:\/\/akdenizolaygazetesi.com\/index.php?rest_route=%2Fwp%2Fv2%2Fcomments&post=1358"}],"version-history":[{"count":0,"href":"https:\/\/akdenizolaygazetesi.com\/index.php?rest_route=\/wp\/v2\/posts\/1358\/revisions"}],"wp:attachment":[{"href":"https:\/\/akdenizolaygazetesi.com\/index.php?rest_route=%2Fwp%2Fv2%2Fmedia&parent=1358"}],"wp:term":[{"taxonomy":"category","embeddable":true,"href":"https:\/\/akdenizolaygazetesi.com\/index.php?rest_route=%2Fwp%2Fv2%2Fcategories&post=1358"},{"taxonomy":"post_tag","embeddable":true,"href":"https:\/\/akdenizolaygazetesi.com\/index.php?rest_route=%2Fwp%2Fv2%2Ftags&post=1358"}],"curies":[{"name":"wp","href":"https:\/\/api.w.org\/{rel}","templated":true}]}}