{"id":13583,"date":"2021-08-06T12:30:10","date_gmt":"2021-08-06T09:30:10","guid":{"rendered":"http:\/\/akdenizolaygazetesi.com\/?p=13583"},"modified":"2021-08-06T12:30:10","modified_gmt":"2021-08-06T09:30:10","slug":"buyuksehirin-yardim-tiri-yanginzedeler-icin-yola-cikti","status":"publish","type":"post","link":"https:\/\/akdenizolaygazetesi.com\/?p=13583","title":{"rendered":"B\u00dcY\u00dcK\u015eEH\u0130R\u2019\u0130N YARDIM TIRI YANGINZEDELER \u0130\u00c7\u0130N YOLA \u00c7IKTI"},"content":{"rendered":"<p>Mersin B\u00fcy\u00fck\u015fehir Belediyesi\u2019nin Ayd\u0131nc\u0131k, Bozyaz\u0131 ve Silifke\u2019de meydana gelen yang\u0131n\u0131n ard\u0131ndan \u201cBiriz Beraberiz\u201d slogan\u0131yla yapt\u0131\u011f\u0131 dayan\u0131\u015fma \u00e7a\u011fr\u0131s\u0131 \u00fczerine Mersinliler seferber oldu.<\/p>\n<p>\u00c7a\u011fr\u0131y\u0131 duyan ve Teksin\u2019i ba\u015fvuru ya\u011fmuruna tutan vatanda\u015flar, k\u0131sa s\u00fcrede \u00e7ok say\u0131da yard\u0131m\u0131 yang\u0131n ma\u011fdurlar\u0131 i\u00e7in Mersin B\u00fcy\u00fck\u015fehir Belediyesi Sosyal Hizmetler Dairesi b\u00fcnyesinde hizmet veren A\u015fhane\u2019ye ula\u015ft\u0131rd\u0131. Koltuk tak\u0131m\u0131ndan mutfak e\u015fyalar\u0131na, hijyen malzemelerinden bebek giysilerine kadar \u00e7ok say\u0131da e\u015fyan\u0131n ba\u011f\u0131\u015fland\u0131\u011f\u0131 yard\u0131mlar\u0131n y\u00fcklendi\u011fi t\u0131r, yang\u0131n b\u00f6lgesindeki yurtta\u015flara ula\u015ft\u0131r\u0131ld\u0131.<\/p>\n<p>\u201cVatanda\u015flar\u0131m\u0131z \u00e7ok sa\u011fduyulu ve duyarl\u0131 bir \u015fekilde davrand\u0131lar\u201d<\/p>\n<p>Mersin B\u00fcy\u00fck\u015fehir Belediyesi Sosyal Hizmetler Dairesi Sosyal Yard\u0131mlar \u015eube M\u00fcd\u00fcr\u00fc Engin Y\u0131ld\u0131r\u0131m, Mersinliler\u2019in k\u0131sa s\u00fcrede ger\u00e7ekle\u015ftirmi\u015f oldu\u011fu dayan\u0131\u015fma \u00f6rne\u011fine ili\u015fkin de\u011ferlendirmelerde bulundu. Yang\u0131n\u0131n ba\u015flad\u0131\u011f\u0131 ilk g\u00fcnden itibaren Mersin B\u00fcy\u00fck\u015fehir Belediyesi olarak yang\u0131n b\u00f6lgesine Mobil Mutfak T\u0131r\u0131\u2019n\u0131 y\u00f6nlendirerek yang\u0131nda ma\u011fdur olan vatanda\u015flara ve yang\u0131n b\u00f6lgesinde \u00e7al\u0131\u015fan personele s\u0131cak yemek ula\u015ft\u0131rd\u0131klar\u0131n\u0131 an\u0131msatan Y\u0131ld\u0131r\u0131m, \u015funlar\u0131 s\u00f6yledi:<\/p>\n<p>\u201cG\u0131da yard\u0131m\u0131nda bulunduk. So\u011fuk su takviyesi yapt\u0131k ve vatanda\u015flar\u0131m\u0131za g\u0131da da\u011f\u0131t\u0131m\u0131nda bulunduk. \u015eimdi de Mersin B\u00fcy\u00fck\u015fehir Belediyesi olarak duyarl\u0131 Mersin halk\u0131m\u0131z\u0131n \u2018Biriz Beraberiz\u2019 dedi\u011fi bug\u00fcnlerde vatanda\u015flar\u0131m\u0131z\u0131n g\u00f6n\u00fcll\u00fc olarak yapt\u0131\u011f\u0131 ba\u011f\u0131\u015flar\u0131 g\u00f6rm\u00fc\u015f oldu\u011funuz t\u0131rla yang\u0131n b\u00f6lgesine ula\u015ft\u0131rarak vatanda\u015flar\u0131m\u0131z\u0131 desteklemeyi ama\u00e7l\u0131yoruz. Vatanda\u015flar\u0131m\u0131z \u00e7ok sa\u011fduyulu ve duyarl\u0131 bir \u015fekilde davrand\u0131lar. Ellerinden gelen her \u015feyi seferber edip g\u00f6nderdiler. Yang\u0131nda ma\u011fdur olan vatanda\u015flar\u0131m\u0131za biz bu yard\u0131mlar\u0131 ileterek B\u00fcy\u00fck\u015fehir Belediyesi olarak bu g\u00f6revimizi de yerine getirmek istiyoruz.\u201d<\/p>\n<p>\u201cBa\u011f\u0131\u015flanan e\u015fyalar\u0131n sevkiyat\u0131n\u0131 h\u0131zl\u0131 bir \u015fekilde sa\u011flad\u0131k\u201d<\/p>\n<p>\u201cMersin B\u00fcy\u00fck\u015fehir Belediyesi sayesinde vatanda\u015flar\u0131m\u0131z \u00e7ok h\u0131zl\u0131 bir dayan\u0131\u015fma \u00f6rne\u011fi g\u00f6sterdiler\u201d diyerek s\u00f6zlerine devam eden Y\u0131ld\u0131r\u0131m, vatanda\u015flar\u0131n ba\u011f\u0131\u015flamak istedikleri e\u015fyalar\u0131 Teksin \u00fczerinden kendilerine bildirdi\u011fini belirtti. Ba\u011f\u0131\u015flanan e\u015fyalar\u0131n sevkiyat\u0131n\u0131 h\u0131zl\u0131 bir \u015fekilde sa\u011flad\u0131klar\u0131n\u0131 s\u00f6yleyen Y\u0131ld\u0131r\u0131m, yard\u0131m b\u00f6lgesine g\u00f6nderilen t\u0131r\u0131n i\u00e7erisinde g\u0131da, mutfak ve temizlik malzemeleri ile ev e\u015fyalar\u0131 bulundu\u011funu dile getirdi. Y\u0131ld\u0131r\u0131m, \u201cBundan sonra da elimizden geldi\u011fi kadar Mersin B\u00fcy\u00fck\u015fehir Belediyesi olarak b\u00f6lgeye ve ma\u011fdur olan vatanda\u015flara deste\u011fimizi sa\u011flayaca\u011f\u0131z\u201d dedi.<\/p>\n","protected":false},"excerpt":{"rendered":"<p>Mersin B\u00fcy\u00fck\u015fehir Belediyesi\u2019nin Ayd\u0131nc\u0131k, Bozyaz\u0131 ve Silifke\u2019de meydana gelen yang\u0131n\u0131n ard\u0131ndan \u201cBiriz Beraberiz\u201d slogan\u0131yla yapt\u0131\u011f\u0131 dayan\u0131\u015fma \u00e7a\u011fr\u0131s\u0131 \u00fczerine Mersinliler seferber oldu. \u00c7a\u011fr\u0131y\u0131 duyan ve Teksin\u2019i ba\u015fvuru ya\u011fmuruna tutan vatanda\u015flar, k\u0131sa &hellip; <a href=\"https:\/\/akdenizolaygazetesi.com\/?p=13583\" class=\"more-link\">Devam\u0131n\u0131 Oku&#8230;<\/a><\/p>\n","protected":false},"author":2,"featured_media":13584,"comment_status":"open","ping_status":"open","sticky":false,"template":"","format":"standard","meta":[],"categories":[3,5],"tags":[],"_links":{"self":[{"href":"https:\/\/akdenizolaygazetesi.com\/index.php?rest_route=\/wp\/v2\/posts\/13583"}],"collection":[{"href":"https:\/\/akdenizolaygazetesi.com\/index.php?rest_route=\/wp\/v2\/posts"}],"about":[{"href":"https:\/\/akdenizolaygazetesi.com\/index.php?rest_route=\/wp\/v2\/types\/post"}],"author":[{"embeddable":true,"href":"https:\/\/akdenizolaygazetesi.com\/index.php?rest_route=\/wp\/v2\/users\/2"}],"replies":[{"embeddable":true,"href":"https:\/\/akdenizolaygazetesi.com\/index.php?rest_route=%2Fwp%2Fv2%2Fcomments&post=13583"}],"version-history":[{"count":1,"href":"https:\/\/akdenizolaygazetesi.com\/index.php?rest_route=\/wp\/v2\/posts\/13583\/revisions"}],"predecessor-version":[{"id":13585,"href":"https:\/\/akdenizolaygazetesi.com\/index.php?rest_route=\/wp\/v2\/posts\/13583\/revisions\/13585"}],"wp:featuredmedia":[{"embeddable":true,"href":"https:\/\/akdenizolaygazetesi.com\/index.php?rest_route=\/wp\/v2\/media\/13584"}],"wp:attachment":[{"href":"https:\/\/akdenizolaygazetesi.com\/index.php?rest_route=%2Fwp%2Fv2%2Fmedia&parent=13583"}],"wp:term":[{"taxonomy":"category","embeddable":true,"href":"https:\/\/akdenizolaygazetesi.com\/index.php?rest_route=%2Fwp%2Fv2%2Fcategories&post=13583"},{"taxonomy":"post_tag","embeddable":true,"href":"https:\/\/akdenizolaygazetesi.com\/index.php?rest_route=%2Fwp%2Fv2%2Ftags&post=13583"}],"curies":[{"name":"wp","href":"https:\/\/api.w.org\/{rel}","templated":true}]}}