{"id":13586,"date":"2021-08-06T12:32:20","date_gmt":"2021-08-06T09:32:20","guid":{"rendered":"http:\/\/akdenizolaygazetesi.com\/?p=13586"},"modified":"2021-08-06T12:32:20","modified_gmt":"2021-08-06T09:32:20","slug":"itfaiye-ekipleri-manavgatta-kullerin-arasinda-kalan-kaplumbagaya-can-oldu","status":"publish","type":"post","link":"https:\/\/akdenizolaygazetesi.com\/?p=13586","title":{"rendered":"\u0130TFA\u0130YE EK\u0130PLER\u0130 MANAVGAT\u2019TA K\u00dcLLER\u0130N ARASINDA KALAN KAPLUMBA\u011eAYA CAN OLDU"},"content":{"rendered":"<p>Mersin B\u00fcy\u00fck\u015fehir Belediyesi, Mersin\u2019in Silifke, Ayd\u0131nc\u0131k ve Bozyaz\u0131 il\u00e7elerinde \u00e7\u0131kan orman yang\u0131nlar\u0131nda t\u00fcm birimleriyle seferber olmu\u015f ve kentteki yang\u0131nlar\u0131n s\u00f6nd\u00fcr\u00fclmesiyle birlikte ekiplerini Mu\u011fla ve Antalya\u2019ya destek i\u00e7in g\u00f6ndermi\u015fti. Yang\u0131n s\u00f6nd\u00fcrme \u00e7al\u0131\u015fmalar\u0131na 9 ara\u00e7 ve 15 ki\u015fiyle seferber olan Mersin B\u00fcy\u00fck\u015fehir Belediyesi \u0130tfaiye ekipleri, Manavgat\u2019ta k\u00fcllerin aras\u0131ndan bir kaplumba\u011fay\u0131 kurtard\u0131.<\/p>\n<p>Su d\u00f6k\u00fcp kendine getirdiler<\/p>\n<p>B\u00fcy\u00fck\u015fehir Belediyesi \u0130tfaiye Dairesi ekipleri, Mu\u011fla ve Antalya\u2019da devam eden yang\u0131n s\u00f6nd\u00fcrme \u00e7al\u0131\u015fmalar\u0131na destek vermek \u00fczere k\u0131sa s\u00fcre \u00f6nce b\u00f6lgeye ula\u015fm\u0131\u015ft\u0131. 9 ara\u00e7 ve 15 personelden olu\u015fan \u00fc\u00e7 ayr\u0131 ekip, Mu\u011fla ve Antalya\u2019n\u0131n farkl\u0131 b\u00f6lgelerinde devam eden orman yang\u0131nlar\u0131nda mevcut ekiplere destek olmay\u0131 s\u00fcrd\u00fcr\u00fcyor.<\/p>\n<p>Manavgat\u2019ta ormanlar\u0131 kurtarmak i\u00e7in canla ba\u015fla m\u00fccadele veren itfaiye ekipleri, yang\u0131n  s\u00f6nd\u00fcrme \u00e7al\u0131\u015fmalar\u0131n\u0131n oldu\u011fu b\u00f6lgede k\u00fcllerin aras\u0131ndan bir kaplumba\u011fay\u0131 kurtard\u0131. \u00d6lmek \u00fczere olan can\u0131 y\u0131kayarak ve su vererek kendine getiren ekipler, kaplumba\u011fay\u0131 bir zamanlar kendisine yuva olan ormandan ald\u0131 ve b\u00f6lge halk\u0131ndan vatanda\u015flara teslim etti. Ekipler, ye\u015fili savunmaya ve nefes alan her canl\u0131y\u0131 kurtarmak i\u00e7in \u00e7al\u0131\u015fmalar\u0131na devam edecek.<\/p>\n","protected":false},"excerpt":{"rendered":"<p>Mersin B\u00fcy\u00fck\u015fehir Belediyesi, Mersin\u2019in Silifke, Ayd\u0131nc\u0131k ve Bozyaz\u0131 il\u00e7elerinde \u00e7\u0131kan orman yang\u0131nlar\u0131nda t\u00fcm birimleriyle seferber olmu\u015f ve kentteki yang\u0131nlar\u0131n s\u00f6nd\u00fcr\u00fclmesiyle birlikte ekiplerini Mu\u011fla ve Antalya\u2019ya destek i\u00e7in g\u00f6ndermi\u015fti. Yang\u0131n s\u00f6nd\u00fcrme &hellip; <a href=\"https:\/\/akdenizolaygazetesi.com\/?p=13586\" class=\"more-link\">Devam\u0131n\u0131 Oku&#8230;<\/a><\/p>\n","protected":false},"author":2,"featured_media":13587,"comment_status":"open","ping_status":"open","sticky":false,"template":"","format":"standard","meta":[],"categories":[3],"tags":[],"_links":{"self":[{"href":"https:\/\/akdenizolaygazetesi.com\/index.php?rest_route=\/wp\/v2\/posts\/13586"}],"collection":[{"href":"https:\/\/akdenizolaygazetesi.com\/index.php?rest_route=\/wp\/v2\/posts"}],"about":[{"href":"https:\/\/akdenizolaygazetesi.com\/index.php?rest_route=\/wp\/v2\/types\/post"}],"author":[{"embeddable":true,"href":"https:\/\/akdenizolaygazetesi.com\/index.php?rest_route=\/wp\/v2\/users\/2"}],"replies":[{"embeddable":true,"href":"https:\/\/akdenizolaygazetesi.com\/index.php?rest_route=%2Fwp%2Fv2%2Fcomments&post=13586"}],"version-history":[{"count":1,"href":"https:\/\/akdenizolaygazetesi.com\/index.php?rest_route=\/wp\/v2\/posts\/13586\/revisions"}],"predecessor-version":[{"id":13588,"href":"https:\/\/akdenizolaygazetesi.com\/index.php?rest_route=\/wp\/v2\/posts\/13586\/revisions\/13588"}],"wp:featuredmedia":[{"embeddable":true,"href":"https:\/\/akdenizolaygazetesi.com\/index.php?rest_route=\/wp\/v2\/media\/13587"}],"wp:attachment":[{"href":"https:\/\/akdenizolaygazetesi.com\/index.php?rest_route=%2Fwp%2Fv2%2Fmedia&parent=13586"}],"wp:term":[{"taxonomy":"category","embeddable":true,"href":"https:\/\/akdenizolaygazetesi.com\/index.php?rest_route=%2Fwp%2Fv2%2Fcategories&post=13586"},{"taxonomy":"post_tag","embeddable":true,"href":"https:\/\/akdenizolaygazetesi.com\/index.php?rest_route=%2Fwp%2Fv2%2Ftags&post=13586"}],"curies":[{"name":"wp","href":"https:\/\/api.w.org\/{rel}","templated":true}]}}