{"id":13598,"date":"2021-08-08T09:47:38","date_gmt":"2021-08-08T06:47:38","guid":{"rendered":"http:\/\/akdenizolaygazetesi.com\/?p=13598"},"modified":"2021-08-08T09:47:38","modified_gmt":"2021-08-08T06:47:38","slug":"tcf-parkur-turkiye-sampiyonasi-mersinde-basladi","status":"publish","type":"post","link":"https:\/\/akdenizolaygazetesi.com\/?p=13598","title":{"rendered":"TCF PARKUR T\u00dcRK\u0130YE \u015eAMP\u0130YONASI MERS\u0130N\u2019DE BA\u015eLADI"},"content":{"rendered":"<p>\u00fcrkiye Cimnastik Federasyonu (TCF) taraf\u0131ndan ilk kez yap\u0131lan Parkur T\u00fcrkiye \u015eampiyonas\u0131 Mersin\u2019de ba\u015flad\u0131.<\/p>\n<p>T\u00fcrkiye Cimnastik Federasyonu 2021 faaliyet program\u0131nda yer alan ve 06-08 A\u011fustos tarihleri aras\u0131nda ilk kez d\u00fczenlenen \u201cTCF Parkur T\u00fcrkiye \u015eampiyonas\u0131\u201d 55 sporcunun kat\u0131l\u0131m\u0131yla Mersin\u2019in ev sahipli\u011finde ba\u015flad\u0131.<\/p>\n<p>Mersin Gen\u00e7lik ve Spor \u0130l M\u00fcd\u00fcrl\u00fc\u011f\u00fc Olimpik Cimnastik Salonu\u2019nda h\u0131z ve serbest Parkur dallar\u0131nda kad\u0131n-erkek gen\u00e7ler ve b\u00fcy\u00fckler kategorilerinde ger\u00e7ekle\u015ftirilen \u015fampiyona sonunda belirlenecek olan sporcular 09-12 Eyl\u00fcl tarihleri aras\u0131nda Bulgaristan\u2019da d\u00fczenlenecek olan \u201cParkur D\u00fcnya \u015eampiyonas\u0131nda\u201d \u00fclkemizi temsil etme hakk\u0131 elde edecekler.<\/p>\n<p>Bug\u00fcn yap\u0131lan H\u0131z Parkuru yar\u0131\u015fmalar\u0131 sonunda dereceye giren sporculara \u00f6d\u00fclleri Mersin Gen\u00e7lik ve Spor \u0130l M\u00fcd\u00fcrl\u00fc\u011f\u00fc Spor \u015eube m\u00fcd\u00fcr\u00fc Vedat Akyar, TCF genel sekreteri Recep \u015eahin, Parkur teknik kurul \u00fcyeleri Hakan Akdo\u011fan ve \u00d6mer G\u00fcnyaz taraf\u0131ndan verildi.<\/p>\n<p>TCF Parkur T\u00fcrkiye \u015eampiyonas\u0131 yar\u0131n yap\u0131lacak olan Serbest Parkur yar\u0131\u015fmalar\u0131n\u0131n ard\u0131ndan sona erecek.<br \/>\nParkur T\u00fcrkiye \u015eampiyonas\u0131n\u0131n ilk g\u00fcn\u00fc yap\u0131lan h\u0131z parkuru s\u0131ralamas\u0131 \u015f\u00f6yle olu\u015ftu;<\/p>\n<p>HIZ PARKURU GEN\u00c7 KADINLAR<\/p>\n<p>1.Do\u011fa Etkiner (Mersin)<br \/>\n2.Zeynep Hatice Y\u0131lmaz (\u0130stanbul)<\/p>\n<p>HIZ PARKURU GEN\u00c7 ERKEKLER<\/p>\n<p>1.Emre Korkmaz (Bursa)<br \/>\n2.Tu\u011fra Teke\u015f (Mersin)<br \/>\n3.Eren Demir (Sinop)<\/p>\n<p>HIZ PARKURU B\u00dcY\u00dcK KADINLAR<\/p>\n<p>1.Beyza G\u00fcnyaz (\u0130stanbul)<br \/>\n2.Esmanur Balg\u00fcl (Sinop)<br \/>\n3.Sema Fidel Aslan (Bolu)<\/p>\n<p>HIZ PARKURU B\u00dcY\u00dcK ERKEKLER<\/p>\n<p>1.Sarp Eren Odaba\u015f (\u0130zmir)<br \/>\n2.Furkan Karata\u015ftan (Yalova)<br \/>\n3.Furkan Durmu\u015fcan (Mersin)<\/p>\n","protected":false},"excerpt":{"rendered":"<p>\u00fcrkiye Cimnastik Federasyonu (TCF) taraf\u0131ndan ilk kez yap\u0131lan Parkur T\u00fcrkiye \u015eampiyonas\u0131 Mersin\u2019de ba\u015flad\u0131. T\u00fcrkiye Cimnastik Federasyonu 2021 faaliyet program\u0131nda yer alan ve 06-08 A\u011fustos tarihleri aras\u0131nda ilk kez d\u00fczenlenen \u201cTCF &hellip; <a href=\"https:\/\/akdenizolaygazetesi.com\/?p=13598\" class=\"more-link\">Devam\u0131n\u0131 Oku&#8230;<\/a><\/p>\n","protected":false},"author":2,"featured_media":13599,"comment_status":"open","ping_status":"open","sticky":false,"template":"","format":"standard","meta":[],"categories":[3,5,10],"tags":[],"_links":{"self":[{"href":"https:\/\/akdenizolaygazetesi.com\/index.php?rest_route=\/wp\/v2\/posts\/13598"}],"collection":[{"href":"https:\/\/akdenizolaygazetesi.com\/index.php?rest_route=\/wp\/v2\/posts"}],"about":[{"href":"https:\/\/akdenizolaygazetesi.com\/index.php?rest_route=\/wp\/v2\/types\/post"}],"author":[{"embeddable":true,"href":"https:\/\/akdenizolaygazetesi.com\/index.php?rest_route=\/wp\/v2\/users\/2"}],"replies":[{"embeddable":true,"href":"https:\/\/akdenizolaygazetesi.com\/index.php?rest_route=%2Fwp%2Fv2%2Fcomments&post=13598"}],"version-history":[{"count":1,"href":"https:\/\/akdenizolaygazetesi.com\/index.php?rest_route=\/wp\/v2\/posts\/13598\/revisions"}],"predecessor-version":[{"id":13600,"href":"https:\/\/akdenizolaygazetesi.com\/index.php?rest_route=\/wp\/v2\/posts\/13598\/revisions\/13600"}],"wp:featuredmedia":[{"embeddable":true,"href":"https:\/\/akdenizolaygazetesi.com\/index.php?rest_route=\/wp\/v2\/media\/13599"}],"wp:attachment":[{"href":"https:\/\/akdenizolaygazetesi.com\/index.php?rest_route=%2Fwp%2Fv2%2Fmedia&parent=13598"}],"wp:term":[{"taxonomy":"category","embeddable":true,"href":"https:\/\/akdenizolaygazetesi.com\/index.php?rest_route=%2Fwp%2Fv2%2Fcategories&post=13598"},{"taxonomy":"post_tag","embeddable":true,"href":"https:\/\/akdenizolaygazetesi.com\/index.php?rest_route=%2Fwp%2Fv2%2Ftags&post=13598"}],"curies":[{"name":"wp","href":"https:\/\/api.w.org\/{rel}","templated":true}]}}